{"id":52561,"date":"2024-05-09T11:43:00","date_gmt":"2024-05-09T09:43:00","guid":{"rendered":"https:\/\/ticker-noticiasep.microcontenidos.com\/NoticiaRSS.vbhtml?user=FRND562DLP&amp;cod=20240509114300"},"modified":"2024-05-09T11:43:00","modified_gmt":"2024-05-09T09:43:00","slug":"mundo-mabxience-nombra-a-jurgen-van-broeck-nuevo-ceo","status":"publish","type":"post","link":"https:\/\/webciudadana.net\/?p=52561","title":{"rendered":"Mundo: mAbxience nombra a Jurgen Van Broeck nuevo CEO"},"content":{"rendered":"\n<div><img decoding=\"async\" src=\"https:\/\/img.europapress.es\/fotoweb\/fotonoticia_20240509114300_300.jpg\" class=\"ff-og-image-inserted\"><\/div>\n<p>(Informaci\u00f3n remitida por la empresa firmante)<\/p>\n<p>\nMADRID, 9 de mayo de 2024 \/PRNewswire\/ &#8212; mAbxience, empresa l\u00edder en el desarrollo y fabricaci\u00f3n de productos biofarmac\u00e9uticos, y parte de los grupos Fresenius Kabi e Insud Pharma , ha anunciado hoy el nombramiento de Jurgen Van Broeck como CEO (Chief Executive Officer). Jurgen, que ha desempe\u00f1ado el cargo de Director Global Comercial desde junio de 2023, aporta una gran experiencia y una trayectoria probada en las industrias farmac\u00e9utica y de biosimilares.<\/p>\n<p> Antes de su nuevo cargo, Jurgen ha estado al frente de las iniciativas estrat\u00e9gicas de mAbxience, supervisando todas las actividades comerciales, de desarrollo de negocio y de acceso al mercado. Ha desempe\u00f1ado un papel decisivo en la direcci\u00f3n de las alianzas estrat\u00e9gicas de la empresa y en el establecimiento de la trayectoria de crecimiento de nuestros servicios CDMO (Contract Development and Manufacturing Organization). Bajo su liderazgo, mAbxience ha reforzado con \u00e9xito su presencia global y ha seguido destacando en el suministro de medicamentos accesibles y de alta calidad en todo el mundo.<\/p>\n<p> Jurgen se uni\u00f3 a mAbxience con casi dos d\u00e9cadas de amplia experiencia en el sector de la salud, incluyendo cargos importantes en empresas multinacionales como Merck y Mundipharma. Su experiencia ha sido especialmente decisiva en el lanzamiento del primer biosimilar inmunol\u00f3gico en varias regiones, en la consecuci\u00f3n de importantes acuerdos de licencia interna y externa y en la direcci\u00f3n de operaciones comerciales en varias regiones.<\/p>\n<p> Jurgen coment\u00f3 sobre su nuevo cargo: \u00bb Es un honor para m\u00ed dirigir mAbxience en esta emocionante fase de crecimiento de la empresa, en la que seguimos esforz\u00e1ndonos por alcanzar la excelencia en todo lo que hacemos. Nuestra misi\u00f3n de suministrar medicamentos biol\u00f3gicos asequibles y de calidad y prestar servicios CDMO de categor\u00eda mundial sigue siendo el n\u00facleo de nuestra estrategia. Estoy deseando trabajar en estrecha colaboraci\u00f3n con nuestro excelente equipo para hacer avanzar nuestra cartera de productos en fase de desarrollo, ampliar nuestra presencia mundial y convertirnos en una CDMO de productos biol\u00f3gicos conocida en todo el mundo\u00bb.<\/p>\n<p>\nmAbxience sigue comprometida con su misi\u00f3n de mejorar la calidad de vida mediante el acceso universal a productos biofarmac\u00e9uticos de alta calidad. Con una s\u00f3lida cartera de productos y alianzas estrat\u00e9gicas en m\u00e1s de 100 mercados, mAbxience est\u00e1 preparada para mantener su trayectoria como empresa l\u00edder en el sector biofarmac\u00e9utico mundial bajo la direcci\u00f3n de Jurgen.<\/p>\n<p> Sobre mAbxience : <\/p>\n<p>\nmAbxience es una empresa con sede en Espa\u00f1a especializada en el desarrollo, producci\u00f3n y comercializaci\u00f3n de productos biofarmac\u00e9uticos. En agosto de 2022, Fresenius Kabi e Insud Pharma firmaron un acuerdo por el que Fresenius Kabi adquir\u00eda una participaci\u00f3n mayoritaria de mAbxience, asent\u00e1ndola como una compa\u00f1\u00eda biotecnol\u00f3gica global y verticalmente integrada. Fresenius Kabi es una empresa del grupo sanitario mundial Fresenius.<\/p>\n<p> Para m\u00e1s informaci\u00f3n sobre mAbxience, sus biosimilares o el \u00e1rea negocio de CDMO, visite el sitio web www.mabxience.com o contacte v\u00eda LinkedIn .<\/p>\n<p> Photo: https:\/\/mma.prnewswire.com\/media\/2408752\/Jurgen_Van_Broeck.jpg<\/p>\n<p> View original content:https:\/\/www.prnewswire.com\/es\/comunicados-de-prensa\/mabxience-nombra-a-jurgen-van-broeck-nuevo-ceo-302141070.html<\/p>\n","protected":false},"excerpt":{"rendered":"<p>(Informaci\u00f3n remitida por la empresa firmante) MADRID, 9 de mayo de 2024 \/PRNewswire\/ &#8212; mAbxience, empresa l\u00edder en el desarrollo y fabricaci\u00f3n de productos biofarmac\u00e9uticos, y parte de los grupos Fresenius Kabi e Insud Pharma , ha anunciado hoy el nombramiento de Jurgen Van Broeck como CEO (Chief Executive Officer). Jurgen, que ha desempe\u00f1ado el [&hellip;]<\/p>\n","protected":false},"author":1,"featured_media":0,"comment_status":"closed","ping_status":"closed","sticky":false,"template":"","format":"standard","meta":{"footnotes":""},"categories":[2],"tags":[],"class_list":["post-52561","post","type-post","status-publish","format-standard","hentry","category-noticias"],"_links":{"self":[{"href":"https:\/\/webciudadana.net\/index.php?rest_route=\/wp\/v2\/posts\/52561","targetHints":{"allow":["GET"]}}],"collection":[{"href":"https:\/\/webciudadana.net\/index.php?rest_route=\/wp\/v2\/posts"}],"about":[{"href":"https:\/\/webciudadana.net\/index.php?rest_route=\/wp\/v2\/types\/post"}],"author":[{"embeddable":true,"href":"https:\/\/webciudadana.net\/index.php?rest_route=\/wp\/v2\/users\/1"}],"replies":[{"embeddable":true,"href":"https:\/\/webciudadana.net\/index.php?rest_route=%2Fwp%2Fv2%2Fcomments&post=52561"}],"version-history":[{"count":0,"href":"https:\/\/webciudadana.net\/index.php?rest_route=\/wp\/v2\/posts\/52561\/revisions"}],"wp:attachment":[{"href":"https:\/\/webciudadana.net\/index.php?rest_route=%2Fwp%2Fv2%2Fmedia&parent=52561"}],"wp:term":[{"taxonomy":"category","embeddable":true,"href":"https:\/\/webciudadana.net\/index.php?rest_route=%2Fwp%2Fv2%2Fcategories&post=52561"},{"taxonomy":"post_tag","embeddable":true,"href":"https:\/\/webciudadana.net\/index.php?rest_route=%2Fwp%2Fv2%2Ftags&post=52561"}],"curies":[{"name":"wp","href":"https:\/\/api.w.org\/{rel}","templated":true}]}}