{"id":52572,"date":"2024-05-09T17:52:42","date_gmt":"2024-05-09T15:52:42","guid":{"rendered":"https:\/\/ticker-noticiasep.microcontenidos.com\/NoticiaRSS.vbhtml?user=FRND562DLP&amp;cod=20240509175242"},"modified":"2024-05-09T17:52:42","modified_gmt":"2024-05-09T15:52:42","slug":"salud-secoir-2024-una-ventana-hacia-el-futuro-de-la-cirugia-ocular-en-cordoba","status":"publish","type":"post","link":"https:\/\/webciudadana.net\/?p=52572","title":{"rendered":"Salud: SECOIR 2024: una ventana hacia el futuro de la cirug\u00eda ocular en C\u00f3rdoba"},"content":{"rendered":"\n<div><img decoding=\"async\" src=\"https:\/\/img.europapress.es\/fotoweb\/fotonoticia_20240509175242_300.jpg\" class=\"ff-og-image-inserted\"><\/div>\n<p>(Informaci\u00f3n remitida por la empresa firmante)<\/p>\n<p>\nC\u00f3rdoba, 9 de mayo<\/p>\n<p>\nM\u00e1s de 700 oftalm\u00f3logos se reunir\u00e1n del 8 al 10 de mayo en el Centro de Exposiciones, Ferias y Convenciones de C\u00f3rdoba en el 39\u00aa Congreso de la SECOIR (Sociedad Espa\u00f1ola de Cirug\u00eda Ocular Implanto-Refractiva) para abordar los principales retos y novedades de la cirug\u00eda ocular implanto-refractiva<\/p>\n<p>\nDel 8 al 10 de mayo, el Centro de Exposiciones, Ferias y Convenciones de C\u00f3rdoba (CEFC) ser\u00e1 el epicentro de la oftalmolog\u00eda con el 39 Congreso de la Sociedad Espa\u00f1ola de Cirug\u00eda Ocular Implanto-refractiva (SECOIR). Bajo el lema #DondeHoyEsFuturo, el congreso se presenta como una ventana al ma\u00f1ana de la cirug\u00eda ocular, donde las \u00faltimas innovaciones y avances se convierten en una realidad palpable.<\/p>\n<p> El acto de inauguraci\u00f3n, celebrado en la ma\u00f1ana de hoy jueves, cont\u00f3 con la presencia de Javier Mendicute, presidente de SECOIR, Alberto Villarrubia, presidente del Comit\u00e9 Organizador del 39\u00ba Congreso SECOIR, Victoria de Rojas, vicepresidenta de SECOIR, Humberto Carreras, vicesecretario de SECOIR y Jos\u00e9 A. Crist\u00f3bal, expresidente consejero de SECOIR.<\/p>\n<p> En SECOIR 2024 el futuro de la cirug\u00eda ocular se convierte en una realidad palpable. Desde sesiones dedicadas a la cirug\u00eda de cataratas hasta debates sobre las \u00faltimas tecnolog\u00edas en lentes intraoculares, el congreso promete ser un viaje visionario hacia el ma\u00f1ana de la Oftalmolog\u00eda.<\/p>\n<p> El mi\u00e9rcoles ser\u00e1 el d\u00eda dedicado a la subespecialidad de C\u00f3rnea, Refractiva y Cristalino, ofreciendo una oportunidad \u00fanica para explorar en profundidad estos campos espec\u00edficos de la Oftalmolog\u00eda.<\/p>\n<p> El jueves, el congreso ofrecer\u00e1 una serie de eventos destacados. Tras la sesi\u00f3n inaugural del Congreso, tendr\u00e1 lugar la Conferencia Menezo-Quintana a cargo del Dr. Francisco Poyales a las 12:00 h. A continuaci\u00f3n, se llevar\u00e1 a cabo la Conferencia SECOIR 2024, presentada por Vincenzo Sarnicola, seguida de la presentaci\u00f3n de la Monograf\u00eda SECOIR sobre \u00abLentes Intraoculares F\u00e1quicas\u00bb a cargo de Humberto Carreras y Ram\u00f3n Ruiz Mesa.<\/p>\n<p> El viernes ser\u00e1 otro d\u00eda lleno de acontecimientos destacados. La Medalla de Honor al M\u00e9rito SECOIR 2024 ser\u00e1 entregada al Dr. Jos\u00e9 F. Alfonso, en reconocimiento a su destacada contribuci\u00f3n al campo de la Oftalmolog\u00eda. Adem\u00e1s, la Conferencia SECOIR 2024 estar\u00e1 a cargo de Bruce Allan, quien hablar\u00e1 sobre \u00abDeep Learning in Keratoconus\u00bb, ofreciendo una visi\u00f3n \u00fanica sobre el papel de la inteligencia artificial en el diagn\u00f3stico y tratamiento de esta enfermedad. La jornada culminar\u00e1 con la Mesa Controversias SECOIR 2024 sobre Implantes Pseudof\u00e1quicos sin soporte capsular y estilos de pr\u00e1ctica, donde se debatir\u00e1n temas de relevancia y actualidad en la cirug\u00eda ocular implanto-refractiva.<\/p>\n<p> La innovaci\u00f3n estar\u00e1 en el centro del evento con una exposici\u00f3n comercial que exhibir\u00e1 los \u00faltimos avances de las diferentes casas comerciales participantes. Desde tecnolog\u00edas de biometr\u00eda avanzada hasta debates sobre la \u00e9tica en la inteligencia artificial aplicada a la oftalmolog\u00eda, el congreso ofrecer\u00e1 un espacio para explorar las fronteras del conocimiento y expandir los l\u00edmites de lo posible en el cuidado de la visi\u00f3n.<\/p>\n<p> En resumen, el 39 Congreso SECOIR ofrece una oportunidad inigualable para los profesionales de la Oftalmolog\u00eda de sumergirse en el futuro de la disciplina. Desde la exploraci\u00f3n de subespecialidades espec\u00edficas hasta la participaci\u00f3n en eventos destacados y cursos de formaci\u00f3n, el congreso promete ser un punto de encuentro imprescindible para todos aquellos interesados en impulsar el progreso en el cuidado de la visi\u00f3n.<\/p>\n<p> Contacto<\/p>\n<p>\nNombre contacto: Gabinete de Prensa SECOIR<\/p>\n<p>\nDescripci\u00f3n contacto: Visible Comunicaci\u00f3n<\/p>\n<p>\nTel\u00e9fono de contacto: 928 39 48 71<\/p>\n","protected":false},"excerpt":{"rendered":"<p>(Informaci\u00f3n remitida por la empresa firmante) C\u00f3rdoba, 9 de mayo M\u00e1s de 700 oftalm\u00f3logos se reunir\u00e1n del 8 al 10 de mayo en el Centro de Exposiciones, Ferias y Convenciones de C\u00f3rdoba en el 39\u00aa Congreso de la SECOIR (Sociedad Espa\u00f1ola de Cirug\u00eda Ocular Implanto-Refractiva) para abordar los principales retos y novedades de la cirug\u00eda [&hellip;]<\/p>\n","protected":false},"author":1,"featured_media":0,"comment_status":"closed","ping_status":"closed","sticky":false,"template":"","format":"standard","meta":{"footnotes":""},"categories":[2],"tags":[],"class_list":["post-52572","post","type-post","status-publish","format-standard","hentry","category-noticias"],"_links":{"self":[{"href":"https:\/\/webciudadana.net\/index.php?rest_route=\/wp\/v2\/posts\/52572","targetHints":{"allow":["GET"]}}],"collection":[{"href":"https:\/\/webciudadana.net\/index.php?rest_route=\/wp\/v2\/posts"}],"about":[{"href":"https:\/\/webciudadana.net\/index.php?rest_route=\/wp\/v2\/types\/post"}],"author":[{"embeddable":true,"href":"https:\/\/webciudadana.net\/index.php?rest_route=\/wp\/v2\/users\/1"}],"replies":[{"embeddable":true,"href":"https:\/\/webciudadana.net\/index.php?rest_route=%2Fwp%2Fv2%2Fcomments&post=52572"}],"version-history":[{"count":0,"href":"https:\/\/webciudadana.net\/index.php?rest_route=\/wp\/v2\/posts\/52572\/revisions"}],"wp:attachment":[{"href":"https:\/\/webciudadana.net\/index.php?rest_route=%2Fwp%2Fv2%2Fmedia&parent=52572"}],"wp:term":[{"taxonomy":"category","embeddable":true,"href":"https:\/\/webciudadana.net\/index.php?rest_route=%2Fwp%2Fv2%2Fcategories&post=52572"},{"taxonomy":"post_tag","embeddable":true,"href":"https:\/\/webciudadana.net\/index.php?rest_route=%2Fwp%2Fv2%2Ftags&post=52572"}],"curies":[{"name":"wp","href":"https:\/\/api.w.org\/{rel}","templated":true}]}}