{"id":52581,"date":"2024-05-10T10:08:03","date_gmt":"2024-05-10T08:08:03","guid":{"rendered":"https:\/\/ticker-noticiasep.microcontenidos.com\/NoticiaRSS.vbhtml?user=FRND562DLP&amp;cod=20240510100803"},"modified":"2024-05-10T10:08:03","modified_gmt":"2024-05-10T08:08:03","slug":"salud-asanec-reivindica-a-la-enfermera-como-clave-para-una-salud-resiliente-ante-envejecimiento-y-crisis-sanitaria","status":"publish","type":"post","link":"https:\/\/webciudadana.net\/?p=52581","title":{"rendered":"Salud: Asanec reivindica a la enfermera como clave para una salud resiliente ante envejecimiento y crisis sanitaria"},"content":{"rendered":"\n<div><img decoding=\"async\" src=\"https:\/\/img.europapress.es\/fotoweb\/fotonoticia_20240510100803_300.jpg\" class=\"ff-og-image-inserted\"><\/div>\n<p>(Informaci\u00f3n remitida por la empresa firmante)<\/p>\n<p>\nBajo el lema &#8216;Nuestras enfermeras. Nuestro futuro. El poder econ\u00f3mico de los cuidados&#8217;, este domingo se destaca su labor como promotoras de salud y su papel a la hora de reducir costes en la atenci\u00f3n sanitaria<\/p>\n<p> ALMER\u00cdA, 10 (EUROPA PRESS)<\/p>\n<p> \u00abInvertir en la enfermer\u00eda es invertir en el futuro\u00bb, ha se\u00f1alado la Asociaci\u00f3n Andaluza de Enfermer\u00eda Familiar y Comunitaria (Asanec), que ha puesto en valor el papel, \u00abtangible e intangible\u00bb, que las enfermeras aportan a la econom\u00eda global al prevenir enfermedades, promover la salud y cuidar de las personas.<\/p>\n<p> \u00abEn un mundo con desaf\u00edos como son el envejecimiento de la poblaci\u00f3n y las crisis sanitarias, el conocimiento, habilidades y compasi\u00f3n de las enfermeras son a\u00fan m\u00e1s esenciales para construir sistemas de salud resilientes y equitativos\u00bb, ha subrayado la presidenta de Asanac, Mar\u00eda Dolores Ruiz.<\/p>\n<p> Para Ruiz, \u00abestas profesionales son pilares fundamentales de los sistemas de salud, garantizando el acceso a una atenci\u00f3n sanitaria y cuidados de calidad, especialmente para las poblaciones vulnerables\u00bb.<\/p>\n<p> De esta forma y con motivo del D\u00eda Internacional de la Enfermer\u00eda que se conmemora cada 12 de mayo y que este 2024 se celebra bajo el lema &#8216;Nuestras enfermeras. Nuestro futuro. El poder econ\u00f3mico de los cuidados&#8217;, Asanec ha querido destacar el papel de la Enfermera de Familia y Comunitaria, \u00abya que su accesibilidad, habilidades y competencias la hacen proclive en fomentar la salud y el bienestar de los individuos, familias y comunidades\u00bb.<\/p>\n<p> As\u00ed ha resaltado \u00abla manifiesta labor de estas profesionales a la hora de reducir los costes generales de la atenci\u00f3n sanitaria\u00bb, destacando \u00abla importancia de las enfermeras en la econom\u00eda global y en la creaci\u00f3n de una sociedad m\u00e1s saludable\u00bb.<\/p>\n<p> Seg\u00fan han explicado desde Asanec, el tema de este a\u00f1o no es m\u00e1s que \u00abuna llamada a la acci\u00f3n para apostar en formaci\u00f3n, capacitaci\u00f3n y desarrollo profesional de las enfermeras, asegurando un futuro m\u00e1s saludable y pr\u00f3spero para todos los ciudadanos\u00bb. \u00abLas enfermeras tienen las competencias y contribuyen a una fuerza laboral m\u00e1s productiva; al desarrollo de comunidades y naciones saludables, atrayendo inversiones y promoviendo el crecimiento econ\u00f3mico\u00bb, han dicho desde la Asociaci\u00f3n Andaluza de Enfermer\u00eda Familiar y Comunitaria.<\/p>\n<p> Para Asanec, el D\u00eda Internacional de la Enfermer\u00eda se celebra este 2024 como \u00abuna declaraci\u00f3n que resalta el papel vital de las enfermeras en el bienestar econ\u00f3mico y social\u00bb y, dada esta indudable importancia, \u00ablos sistemas sanitarios deben potenciar el crecimiento y desarrollo profesional, as\u00ed como contribuir a mejorar sus condiciones laborales\u00bb.<\/p>\n<p> \u00abJuntos podemos reconocer el poder econ\u00f3mico de los cuidados proporcionados por las enfermeras y construir un futuro m\u00e1s saludable en donde las enfermeras sean valoradas y empoderadas para brindar la mejor atenci\u00f3n posible\u00bb, han concluido desde la Asociaci\u00f3n Andaluza de Enfermer\u00eda Familiar y Comunitaria.<\/p>\n<p> El D\u00eda Internacional de la Enfermer\u00eda, celebrado desde 1965 cada 12 de mayo, conmemora el nacimiento de Florence Nightingale, la pionera de la enfermer\u00eda moderna. En 2020, el Consejo Internacional de Enfermeras (CIE) design\u00f3 ese a\u00f1o como el &#8216;A\u00f1o de la Enfermer\u00eda y Parter\u00eda&#8217;, en reconocimiento al crucial papel desempe\u00f1ado durante la pandemia de Covid-19. El tema de 2024, &#8216;Nuestras enfermeras. Nuestro futuro. El poder econ\u00f3mico de los cuidados&#8217;, destaca la importancia de las enfermeras en la econom\u00eda global y en la creaci\u00f3n de una sociedad m\u00e1s saludable.<\/p>\n<p> Asanec es la Asociaci\u00f3n Andaluza de Enfermer\u00eda Familiar y Comunitaria formada por enfermeras y enfermeros de toda la geograf\u00eda andaluza que, sin \u00e1nimo de lucro, trabajan por y para el desarrollo de la profesi\u00f3n.<\/p>\n<p> Asanec, como sociedad cient\u00edfica, persigue la mejora de la calidad asistencial en el \u00e1mbito comunitario desde la defensa de la sanidad p\u00fablica, influyendo y dialogando con las Administraciones. Entre sus fines se encuentra brindar formaci\u00f3n e investigaci\u00f3n en la pr\u00e1ctica de la enfermer\u00eda para ofrecer cuidados de calidad a la comunidad, as\u00ed como colaborar con otras sociedades cient\u00edficas y asociaciones para el mejor desarrollo de la profesi\u00f3n.<\/p>\n<p>\nContacto de Prensa: Arancha Ruiz 600 905 482 \/ Leopoldo Alonso 722 78 40 41 <\/p>\n","protected":false},"excerpt":{"rendered":"<p>(Informaci\u00f3n remitida por la empresa firmante) Bajo el lema &#8216;Nuestras enfermeras. Nuestro futuro. El poder econ\u00f3mico de los cuidados&#8217;, este domingo se destaca su labor como promotoras de salud y su papel a la hora de reducir costes en la atenci\u00f3n sanitaria ALMER\u00cdA, 10 (EUROPA PRESS) \u00abInvertir en la enfermer\u00eda es invertir en el futuro\u00bb, [&hellip;]<\/p>\n","protected":false},"author":1,"featured_media":0,"comment_status":"closed","ping_status":"closed","sticky":false,"template":"","format":"standard","meta":{"footnotes":""},"categories":[2],"tags":[],"class_list":["post-52581","post","type-post","status-publish","format-standard","hentry","category-noticias"],"_links":{"self":[{"href":"https:\/\/webciudadana.net\/index.php?rest_route=\/wp\/v2\/posts\/52581","targetHints":{"allow":["GET"]}}],"collection":[{"href":"https:\/\/webciudadana.net\/index.php?rest_route=\/wp\/v2\/posts"}],"about":[{"href":"https:\/\/webciudadana.net\/index.php?rest_route=\/wp\/v2\/types\/post"}],"author":[{"embeddable":true,"href":"https:\/\/webciudadana.net\/index.php?rest_route=\/wp\/v2\/users\/1"}],"replies":[{"embeddable":true,"href":"https:\/\/webciudadana.net\/index.php?rest_route=%2Fwp%2Fv2%2Fcomments&post=52581"}],"version-history":[{"count":0,"href":"https:\/\/webciudadana.net\/index.php?rest_route=\/wp\/v2\/posts\/52581\/revisions"}],"wp:attachment":[{"href":"https:\/\/webciudadana.net\/index.php?rest_route=%2Fwp%2Fv2%2Fmedia&parent=52581"}],"wp:term":[{"taxonomy":"category","embeddable":true,"href":"https:\/\/webciudadana.net\/index.php?rest_route=%2Fwp%2Fv2%2Fcategories&post=52581"},{"taxonomy":"post_tag","embeddable":true,"href":"https:\/\/webciudadana.net\/index.php?rest_route=%2Fwp%2Fv2%2Ftags&post=52581"}],"curies":[{"name":"wp","href":"https:\/\/api.w.org\/{rel}","templated":true}]}}