{"id":52584,"date":"2024-05-10T10:40:31","date_gmt":"2024-05-10T08:40:31","guid":{"rendered":"https:\/\/ticker-noticiasep.microcontenidos.com\/NoticiaRSS.vbhtml?user=FRND562DLP&amp;cod=20240510104031"},"modified":"2024-05-10T10:40:31","modified_gmt":"2024-05-10T08:40:31","slug":"sociedad-la-d-o-p-torta-del-casar-recibe-un-premio-por-su-labor-de-difusion-del-turismo-en-extremadura","status":"publish","type":"post","link":"https:\/\/webciudadana.net\/?p=52584","title":{"rendered":"Sociedad: La D.O.P Torta del Casar recibe un premio por su labor de difusi\u00f3n del turismo en Extremadura"},"content":{"rendered":"\n<div><img decoding=\"async\" src=\"https:\/\/img.europapress.es\/fotoweb\/fotonoticia_20240510104031_300.jpg\" class=\"ff-og-image-inserted\"><\/div>\n<p>(Informaci\u00f3n remitida por la empresa firmante)<\/p>\n<p>\n-La Torta del Casar ha recibido el galard\u00f3n a la Difusi\u00f3n de Extremadura que entrega el &#8216;Peri\u00f3dico de Extremadura&#8217; por su iniciativa de &#8216;El Sabor de un Territorio&#8217;<\/p>\n<p>\n-La presidenta de Extremadura ha defendido que la Torta del Casar es la perfecta uni\u00f3n entre tradici\u00f3n y la innovaci\u00f3n<\/p>\n<p>\n&#8211; El presidente de la D.O.P, \u00c1ngel Pacheco, ha destacado que supone un reconocimiento a la labor de dar a conocer la Torta del Casar, a la vez que impulsa el turismo en C\u00e1ceres<\/p>\n<p>\nCasar de C\u00e1ceres, 10 de mayo. &#8211; El Consejo Regulador de la Denominaci\u00f3n de Origen Protegida Torta del Casar ha recibido el premio a la Difusi\u00f3n de Extremadura que entrega &#8216;El Peri\u00f3dico de Extremadura&#8217; por su iniciativa &#8216;El Sabor de un Territorio&#8217;. El objetivo de esta campa\u00f1a impulsar el turismo gastron\u00f3mico en torno al queso amparado, a la vez que ofrece al viajero distintas experiencias para conocer los recursos naturales y culturales de la provincia cacere\u00f1a.<\/p>\n<p> El presidente de la D.O.P Torta del Casar, \u00c1ngel Pacheco, y el director, Javier Mu\u00f1oz, han recogido el premio en una gala celebrada en la casa cultura de Madrigalejo, a la que han acudido la presidenta de la Junta de Extremadura, Mar\u00eda Guardiola; la presidenta de la Asamblea de Extremadura, Blanca Mart\u00edn; y el presidente de Prensa Ib\u00e9rica, Javier Moll, entre otras autoridades.<\/p>\n<p> La presidenta de la Junta de Extremadura, Mar\u00eda Guardiola, ha destacado que \u00abla Torta del Casar es la perfecta uni\u00f3n entre tradici\u00f3n y la innovaci\u00f3n. El ejemplo est\u00e1 en esta maravillosa campa\u00f1a de &#8216;El Sabor de un Territorio&#8217; que se ha hecho con el premio\u00bb. Adem\u00e1s, la presidenta ha destacado que \u00abla Torta del Casar hace de maravillosa anfitriona de la gastronom\u00eda y de los recursos naturales y culturales de la provincia de C\u00e1ceres\u00bb.<\/p>\n<p> Pacheco ha agradecido el premio y ha destacado que supone un reconocimiento a la labor llevada a cabo por la Denominaci\u00f3n de Origen Protegida para dar a conocer la Torta del Casar, a la vez que impulsa el turismo en C\u00e1ceres. \u00abEstamos muy contentos y nos comprometemos a seguir trabajando para promover y difundir los valores de nuestra regi\u00f3n, con el queso amparado en el centro. C\u00e1ceres tiene mucho que ofrecer y la D.O.P quiere dar a conocer su gastronom\u00eda, pero tambi\u00e9n su riqueza cultural y natural. Nos sentimos muy honrados de ser embajadores de Extremadura en todo el mundo\u00bb, ha destacado Pacheco.<\/p>\n<p> Adem\u00e1s, el presidente ha querido poner en valor el trabajo de los ganaderos, operadores y empleados de la Denominaci\u00f3n de Origen Torta del Casar y ha defendido el valor del sector primario. \u00abSin \u00e9l no somos nada\u00bb, ha enfatizado.<\/p>\n<p> &#8216;El Sabor de un Territorio&#8217; ha sido elegido ganador por un jurado conformado por profesionales del mundo de la empresa y el periodismo que han valorado la labor promocional del territorio llevada a cabo a lo largo de ocho a\u00f1os y, adem\u00e1s, por ser ejemplo de los beneficios que la colaboraci\u00f3n p\u00fablico-privada puede ofrecer a la hora de difundir las caracter\u00edsticas de un producto exclusivo, como la Torta del Casar, ante los viajeros que visitan C\u00e1ceres.<\/p>\n<p> Los Premios Turismo de &#8216;El Peri\u00f3dico de Extremadura&#8217; han celebrado su octava edici\u00f3n ante cerca de doscientos profesionales de distintos \u00e1mbitos que han reconocido el trabajo de aquellos proyectos que contribuyen a que el turismo sea uno de los principales motores de la econom\u00eda extreme\u00f1a.<\/p>\n<p> &#8216;El Sabor de un Territorio&#8217; para seguir conociendo C\u00e1ceres y su gastronom\u00eda<\/p>\n<p>\nLa campa\u00f1a de &#8216;El Sabor de un Territorio&#8217; est\u00e1 en marcha y se extender\u00e1 hasta el 3 de junio. Los viajeros que participen pueden alojarse en un total de diecis\u00e9is hoteles con encanto a la vez que conocen la gastronom\u00eda cacere\u00f1a, con la Torta del Casar en el centro de los platos.<\/p>\n<p> Este a\u00f1o, dentro de &#8216;El Sabor de un Territorio&#8217; ha nacido &#8216;La Ruta Gastron\u00f3mica El Sabor de un Territorio&#8217; que plantea al viajero cinco recorridos para conocer la provincia de C\u00e1ceres en profundidad.<\/p>\n<p> El primer recorrido contempla el suroeste de la provincia, pasando por C\u00e1ceres capital, la zona del Tajo Internacional y del Tajo Salor Almonte. El segundo recorre el noroeste de la provincia, pasando por el Valle del Alag\u00f3n, la Sierra de Gata o Las Hurdes. El tercero explora la zona central y del norte, pasando por Monfrag\u00fce, Plasencia, Ambroz y C\u00e1parra. Por su parte, el cuarto recorrido va por el Valle del Jerte, La Vera y Campo Ara\u00f1uelo, es decir, por el noreste de C\u00e1ceres. La quinta y \u00faltima ruta gastron\u00f3mica cubre el sureste de la provincia, con destinos como Mont\u00e1nchez, Trujillo o el Geoparque Villuercas Ibores Jara.<\/p>\n<p> Consejo Regulador de la Denominaci\u00f3n de Origen Protegida (D.O.P.) Torta del Casar<\/p>\n<p>\nLos quesos D.O.P. Torta del Casar se elaboran \u00fanicamente en las queser\u00edas inscritas en los registros del Consejo Regulador, que d\u00eda a d\u00eda trabaja para garantizar el origen y la calidad de esta, controlando la pureza del proceso de elaboraci\u00f3n para la plena seguridad y confianza de los consumidores.<\/p>\n<p> La Denominaci\u00f3n de Origen Protegida, que cumple 25 a\u00f1os, ampara este queso de antigua tradici\u00f3n y cualidades singulares y diferenciadoras. Por eso, cuando se quiera disfrutar de un aut\u00e9ntico queso D.O.P. Torta del Casar, hay que buscar su exclusiva etiqueta de control en la que se une el logotipo del Consejo Regulador al de la Uni\u00f3n Europea, \u00fanica garant\u00eda de que la elecci\u00f3n realizada y el reconocimiento internacional.<\/p>\n<p>\n*<\/p>\n<p>\nEuropa Press Comunicaci\u00f3n: 91 359 26 00<\/p>\n<p>\nIc\u00edar D\u00edaz iciardiaz@europapress.es<\/p>\n<p>\nSusana Sedano susanasedano@europapress.es<\/p>\n<p>\nVirginia Garc\u00eda virginiagarcia@europapress.es<\/p>\n<p>\nConsejo Regulador D.O.P. Torta del Casar: 927 290 713<\/p>\n<p>\nJavier Mu\u00f1oz direccion@tortadelcasar.eu www.tortadelcasar.eu<\/p>\n<p>\nY s\u00edguenos en Facebook: www.facebook.com\/tortadelcasar* Twitter: @tortacasar e*Instagram: @tortadelcasar* *<\/p>\n","protected":false},"excerpt":{"rendered":"<p>(Informaci\u00f3n remitida por la empresa firmante) -La Torta del Casar ha recibido el galard\u00f3n a la Difusi\u00f3n de Extremadura que entrega el &#8216;Peri\u00f3dico de Extremadura&#8217; por su iniciativa de &#8216;El Sabor de un Territorio&#8217; -La presidenta de Extremadura ha defendido que la Torta del Casar es la perfecta uni\u00f3n entre tradici\u00f3n y la innovaci\u00f3n &#8211; [&hellip;]<\/p>\n","protected":false},"author":1,"featured_media":0,"comment_status":"closed","ping_status":"closed","sticky":false,"template":"","format":"standard","meta":{"footnotes":""},"categories":[2],"tags":[],"class_list":["post-52584","post","type-post","status-publish","format-standard","hentry","category-noticias"],"_links":{"self":[{"href":"https:\/\/webciudadana.net\/index.php?rest_route=\/wp\/v2\/posts\/52584","targetHints":{"allow":["GET"]}}],"collection":[{"href":"https:\/\/webciudadana.net\/index.php?rest_route=\/wp\/v2\/posts"}],"about":[{"href":"https:\/\/webciudadana.net\/index.php?rest_route=\/wp\/v2\/types\/post"}],"author":[{"embeddable":true,"href":"https:\/\/webciudadana.net\/index.php?rest_route=\/wp\/v2\/users\/1"}],"replies":[{"embeddable":true,"href":"https:\/\/webciudadana.net\/index.php?rest_route=%2Fwp%2Fv2%2Fcomments&post=52584"}],"version-history":[{"count":0,"href":"https:\/\/webciudadana.net\/index.php?rest_route=\/wp\/v2\/posts\/52584\/revisions"}],"wp:attachment":[{"href":"https:\/\/webciudadana.net\/index.php?rest_route=%2Fwp%2Fv2%2Fmedia&parent=52584"}],"wp:term":[{"taxonomy":"category","embeddable":true,"href":"https:\/\/webciudadana.net\/index.php?rest_route=%2Fwp%2Fv2%2Fcategories&post=52584"},{"taxonomy":"post_tag","embeddable":true,"href":"https:\/\/webciudadana.net\/index.php?rest_route=%2Fwp%2Fv2%2Ftags&post=52584"}],"curies":[{"name":"wp","href":"https:\/\/api.w.org\/{rel}","templated":true}]}}