{"id":52593,"date":"2024-05-10T13:22:25","date_gmt":"2024-05-10T11:22:25","guid":{"rendered":"https:\/\/ticker-noticiasep.microcontenidos.com\/NoticiaRSS.vbhtml?user=FRND562DLP&amp;cod=20240510132225"},"modified":"2024-05-10T13:22:25","modified_gmt":"2024-05-10T11:22:25","slug":"sociedad-vallsur-visita-a-los-ninos-ingresados-en-el-hospital-clinico-universitario-de-valladolid","status":"publish","type":"post","link":"https:\/\/webciudadana.net\/?p=52593","title":{"rendered":"Sociedad: Vallsur visita a los ni\u00f1os ingresados en el Hospital Cl\u00ednico Universitario de Valladolid"},"content":{"rendered":"\n<div><img decoding=\"async\" src=\"https:\/\/img.europapress.es\/fotoweb\/fotonoticia_20240510132225_300.jpg\" class=\"ff-og-image-inserted\"><\/div>\n<p>(Informaci\u00f3n remitida por la empresa firmante)<\/p>\n<p> Valladolid, 10 de mayo de 2024.- Coincidiendo con el D\u00eda del Ni\u00f1o Hospitalizado, que se celebra el pr\u00f3ximo d\u00eda 13 de mayo, representantes del centro comercial Vallsur han realizado durante la ma\u00f1ana de hoy una visita a los ni\u00f1os hospitalizados en la planta de pediatr\u00eda del Hospital Cl\u00ednico Universitario de Valladolid para hacerles entrega de varios regalos y animarlos durante su estancia en el hospital.<\/p>\n<p> El gerente de Vallsur, Pablo P\u00e9rez, acompa\u00f1ado por parte del equipo del centro comercial vallisoletano, han recorrido, junto al personal del Hospital, las habitaciones de los m\u00e1s peque\u00f1os y sus familias, con el fin de apoyarles y transmitirles un mensaje positivo, para conmemorar un d\u00eda en el que los ni\u00f1os hospitalizados son los protagonistas.<\/p>\n<p> Con el fin de humanizar la estancia de los ni\u00f1os en los hospitales, Vallsur ha querido aportar su granito de arena para hacer m\u00e1s ameno el ingreso de las familias y repartir un poco de magia e ilusi\u00f3n. Asimismo, han querido agradecer el trabajo que realizan desde el Hospital Cl\u00ednico Universitario de Valladolid en su gran labor diaria con los m\u00e1s peque\u00f1os.<\/p>\n<p> Sobre Vallsur &#8211; www.vallsur.com <\/p>\n<p> Desde su apertura, el centro comercial Vallsur, gestionado por CBRE REAL ESTATE, se ha convertido en un referente en la ciudad de Valladolid. Con una superficie de 35.160 m2, m\u00e1s de 90 tiendas y 2.000 plazas de aparcamiento, el centro pone a disposici\u00f3n de sus clientes una gran oferta de servicios cuyo objetivo es satisfacer todas sus necesidades. Adem\u00e1s, Vallsur tiene una clara pol\u00edtica de compromiso en el medio ambiente, tal y como demuestra su sistema de gesti\u00f3n ambiental de acuerdo a la normativa ISO 14001:2004.<\/p>\n<p> AGENCIA DE COMUNICACI\u00d3N DE VALLSUR: <\/p>\n<p> LETICIA G\u00d3MEZ &#8211; leticiagomez@europapress.es <\/p>\n<p> SILVIA MULLOR &#8211; silviamullor@europapress.es <\/p>\n","protected":false},"excerpt":{"rendered":"<p>(Informaci\u00f3n remitida por la empresa firmante) Valladolid, 10 de mayo de 2024.- Coincidiendo con el D\u00eda del Ni\u00f1o Hospitalizado, que se celebra el pr\u00f3ximo d\u00eda 13 de mayo, representantes del centro comercial Vallsur han realizado durante la ma\u00f1ana de hoy una visita a los ni\u00f1os hospitalizados en la planta de pediatr\u00eda del Hospital Cl\u00ednico Universitario [&hellip;]<\/p>\n","protected":false},"author":1,"featured_media":0,"comment_status":"closed","ping_status":"closed","sticky":false,"template":"","format":"standard","meta":{"footnotes":""},"categories":[2],"tags":[],"class_list":["post-52593","post","type-post","status-publish","format-standard","hentry","category-noticias"],"_links":{"self":[{"href":"https:\/\/webciudadana.net\/index.php?rest_route=\/wp\/v2\/posts\/52593","targetHints":{"allow":["GET"]}}],"collection":[{"href":"https:\/\/webciudadana.net\/index.php?rest_route=\/wp\/v2\/posts"}],"about":[{"href":"https:\/\/webciudadana.net\/index.php?rest_route=\/wp\/v2\/types\/post"}],"author":[{"embeddable":true,"href":"https:\/\/webciudadana.net\/index.php?rest_route=\/wp\/v2\/users\/1"}],"replies":[{"embeddable":true,"href":"https:\/\/webciudadana.net\/index.php?rest_route=%2Fwp%2Fv2%2Fcomments&post=52593"}],"version-history":[{"count":0,"href":"https:\/\/webciudadana.net\/index.php?rest_route=\/wp\/v2\/posts\/52593\/revisions"}],"wp:attachment":[{"href":"https:\/\/webciudadana.net\/index.php?rest_route=%2Fwp%2Fv2%2Fmedia&parent=52593"}],"wp:term":[{"taxonomy":"category","embeddable":true,"href":"https:\/\/webciudadana.net\/index.php?rest_route=%2Fwp%2Fv2%2Fcategories&post=52593"},{"taxonomy":"post_tag","embeddable":true,"href":"https:\/\/webciudadana.net\/index.php?rest_route=%2Fwp%2Fv2%2Ftags&post=52593"}],"curies":[{"name":"wp","href":"https:\/\/api.w.org\/{rel}","templated":true}]}}