{"id":52625,"date":"2024-05-13T12:39:33","date_gmt":"2024-05-13T10:39:33","guid":{"rendered":"https:\/\/ticker-noticiasep.microcontenidos.com\/NoticiaRSS.vbhtml?user=FRND562DLP&amp;cod=20240513123933"},"modified":"2024-05-13T12:39:33","modified_gmt":"2024-05-13T10:39:33","slug":"sociedad-la-marca-de-electrodomesticos-de-alta-gama-kuppersbusch-presenta-su-diseno-legitimo-aleman-en-casa-decor","status":"publish","type":"post","link":"https:\/\/webciudadana.net\/?p=52625","title":{"rendered":"Sociedad: La marca de electrodom\u00e9sticos de alta gama K\u00fcppersbusch presenta su dise\u00f1o leg\u00edtimo alem\u00e1n en Casa Decor"},"content":{"rendered":"\n<div><img decoding=\"async\" src=\"https:\/\/img.europapress.es\/fotoweb\/fotonoticia_20240513123933_300.jpg\" class=\"ff-og-image-inserted\"><\/div>\n<p>(Informaci\u00f3n remitida por la empresa firmante)<\/p>\n<p>\nLa marca de electrodom\u00e9sticos de dise\u00f1o alem\u00e1n, K\u00fcppersbusch, est\u00e1 presente un a\u00f1o m\u00e1s en Casa Decor, el evento de interiorismo y dise\u00f1o m\u00e1s destacado de Espa\u00f1a. En este entorno excepcional, la firma ha organizado un evento propio para presentar a sus clientes las \u00faltimas innovaciones y productos, que reafirman su compromiso con el dise\u00f1o y la calidad alemana<\/p>\n<p>\nMadrid, 13 de mayo de 2024.- K\u00fcppersbusch participa por segundo a\u00f1o consecutivo en Casa Decor, el punto de encuentro esencial para dise\u00f1adores, arquitectos y amantes del interiorismo. Esta plataforma \u00fanica proporciona un escaparate perfecto para la firma alemana, que es reconocida por su dise\u00f1o premium, su exclusividad, y la personalizaci\u00f3n de sus electrodom\u00e9sticos de alta gama. De esta forma, los visitantes pueden experimentar en primera persona la fusi\u00f3n entre funcionalidad avanzada y su leg\u00edtimo dise\u00f1o alem\u00e1n.<\/p>\n<p> Con m\u00e1s de 70 premios de dise\u00f1o, K\u00fcppersbusch se ha consolidado como un referente en el mercado. As\u00ed pues, la participaci\u00f3n de la firma en Casa Decor refleja su deseo por continuar definiendo las tendencias en el mercado de electrodom\u00e9sticos de alta gama.<\/p>\n<p> La jornada, organizada por K\u00fcppersbusch en el auditorio de Casa Decor, ha reunido a m\u00e1s de 40 partners y ha contado con la presencia de los m\u00e1ximos representantes de la marca, tanto nacionales como internacionales.<\/p>\n<p> Durante el evento, los representantes analizaron lasituaci\u00f3n actual de la marca. En esta l\u00ednea, Natalia Mu\u00f1oz, CCO de la firma en Europa, quiso poner el acento en la expansi\u00f3n internacional continua en el exclusivo segmento de lujo: \u00abCon un 50% de crecimiento global en los \u00faltimos cuatro a\u00f1os, K\u00fcppersbusch es nuestro diamante\u00bb.<\/p>\n<p> Por su parte, Mauro Correia, CEO de Teka, se centr\u00f3 en la larga trayectoria de la marca y su situaci\u00f3n: \u00abKuppersbusch cumple 150 a\u00f1os en 2025. Los datos reflejan que, a pesar del momento de cambios que vivimos en el mundo, y en concreto en nuestro sector, estamos en el camino correcto\u00bb.<\/p>\n<p> Espacio \u00abBella Natura\u00bb, la uni\u00f3n entre la pureza de los elementos y la naturaleza<\/p>\n<p>\nEl espacio \u00abBella Natura\u00bb creado por la reputada interiorista Virginia Gasch (VG Living) se convierte en el escaparate perfecto para los electrodom\u00e9sticos de la marca alemana. Sobre el trabajo realizado aqu\u00ed, Leonardo Capelas, Global Design Manager del Grupo, apunt\u00f3 que*\u00bbha sido un placer poder colaborar con Virginia y compartir con ella y su equipo nuestro concepto del dise\u00f1o, creando*este ambiente \u00fanico,*donde los elementos centrales del dise\u00f1o son*la pureza de los elementos y la naturaleza\u00bb.<\/p>\n<p> Acerca de K\u00fcppersbusch<\/p>\n<p>\nFriedrich K\u00fcppersbusch fue el primer fabricante alem\u00e1n de cocinas que fund\u00f3 la empresa en 1875 con la producci\u00f3n de hornos de carb\u00f3n hechos a mano.<\/p>\n<p> La marca alemana, de 150 a\u00f1os de historia y que fue la primera en el mundo en comercializar un horno, contin\u00faa con el esp\u00edritu pionero de su fundador, que mantiene el car\u00e1cter de la regi\u00f3n minera del Ruhr.<\/p>\n<p> El estilo alem\u00e1n representa un dise\u00f1o singular, exclusivo, funcional y duradero, se\u00f1as de identidad de esta marca de electrodom\u00e9sticos premium. La firma, reconocida a nivel internacional, cuenta con m\u00e1s de 70 premios de dise\u00f1o y est\u00e1 presente en 40 pa\u00edses repartidos entre Am\u00e9rica, Europa, \u00c1frica y Asia.<\/p>\n<p> Para m\u00e1s informaci\u00f3n, visitar: https:\/\/www.home-kueppersbusch.com\/es-es\/<\/p>\n<p>\nContacto<\/p>\n<p>\nNombre contacto: Andrea Ceballos<\/p>\n<p>\nDescripci\u00f3n contacto: K\u00fcppersbusch<\/p>\n<p>\nTel\u00e9fono de contacto: 608087411<\/p>\n","protected":false},"excerpt":{"rendered":"<p>(Informaci\u00f3n remitida por la empresa firmante) La marca de electrodom\u00e9sticos de dise\u00f1o alem\u00e1n, K\u00fcppersbusch, est\u00e1 presente un a\u00f1o m\u00e1s en Casa Decor, el evento de interiorismo y dise\u00f1o m\u00e1s destacado de Espa\u00f1a. En este entorno excepcional, la firma ha organizado un evento propio para presentar a sus clientes las \u00faltimas innovaciones y productos, que reafirman [&hellip;]<\/p>\n","protected":false},"author":1,"featured_media":0,"comment_status":"closed","ping_status":"closed","sticky":false,"template":"","format":"standard","meta":{"footnotes":""},"categories":[2],"tags":[],"class_list":["post-52625","post","type-post","status-publish","format-standard","hentry","category-noticias"],"_links":{"self":[{"href":"https:\/\/webciudadana.net\/index.php?rest_route=\/wp\/v2\/posts\/52625","targetHints":{"allow":["GET"]}}],"collection":[{"href":"https:\/\/webciudadana.net\/index.php?rest_route=\/wp\/v2\/posts"}],"about":[{"href":"https:\/\/webciudadana.net\/index.php?rest_route=\/wp\/v2\/types\/post"}],"author":[{"embeddable":true,"href":"https:\/\/webciudadana.net\/index.php?rest_route=\/wp\/v2\/users\/1"}],"replies":[{"embeddable":true,"href":"https:\/\/webciudadana.net\/index.php?rest_route=%2Fwp%2Fv2%2Fcomments&post=52625"}],"version-history":[{"count":0,"href":"https:\/\/webciudadana.net\/index.php?rest_route=\/wp\/v2\/posts\/52625\/revisions"}],"wp:attachment":[{"href":"https:\/\/webciudadana.net\/index.php?rest_route=%2Fwp%2Fv2%2Fmedia&parent=52625"}],"wp:term":[{"taxonomy":"category","embeddable":true,"href":"https:\/\/webciudadana.net\/index.php?rest_route=%2Fwp%2Fv2%2Fcategories&post=52625"},{"taxonomy":"post_tag","embeddable":true,"href":"https:\/\/webciudadana.net\/index.php?rest_route=%2Fwp%2Fv2%2Ftags&post=52625"}],"curies":[{"name":"wp","href":"https:\/\/api.w.org\/{rel}","templated":true}]}}