{"id":52634,"date":"2024-05-13T15:51:29","date_gmt":"2024-05-13T13:51:29","guid":{"rendered":"https:\/\/ticker-noticiasep.microcontenidos.com\/NoticiaRSS.vbhtml?user=FRND562DLP&amp;cod=20240513155129"},"modified":"2024-05-13T15:51:29","modified_gmt":"2024-05-13T13:51:29","slug":"sociedad-laura-escanes-vuelve-a-hacer-match-con-viceroy","status":"publish","type":"post","link":"https:\/\/webciudadana.net\/?p=52634","title":{"rendered":"Sociedad: Laura Escanes vuelve a hacer match con Viceroy"},"content":{"rendered":"\n<div><img decoding=\"async\" src=\"https:\/\/img.europapress.es\/fotoweb\/fotonoticia_20240513155129_300.jpg\" class=\"ff-og-image-inserted\"><\/div>\n<p>(Informaci\u00f3n remitida por la empresa firmante)<\/p>\n<p>\nLa modelo, presentadora e influencer renueva su colaboraci\u00f3n con la marca de relojer\u00eda para lanzar una nueva l\u00ednea de joyas exclusiva<\/p>\n<p>\nMadrid, 13 de mayo de 2025.- Tras el \u00e9xito de su anterior colecci\u00f3n, Laura vuelve a firmar con Viceroy con el objetivo de crear una propuesta \u00fanica y en\u00e9rgica, que refleje las \u00faltimas tendencias en joyer\u00eda.<\/p>\n<p> Laura Escanes est\u00e1 profesionalmente en el mejor momento de su carrera. Arranc\u00f3 el a\u00f1o anunciando la renovaci\u00f3n por una segunda temporada de La Travessa, el programa que conduce en 3CAT. Adem\u00e1s, sigue triunfando con Entre el cielo y las nubes, uno de los podcasts estrella de Podimo. Todo ello la convierte en una de las personalidades m\u00e1s influyente del panorama, hecho que no ha pasado desapercibido para la revista Forbes, que la incluye en la lista de las mejores creadoras de contenido de 2023.<\/p>\n<p> La nueva colecci\u00f3n de Viceroy a la que vuelve a prestar su imagen, se caracteriza por dise\u00f1os atrevidos y potentes, que cautivan con su singularidad y deslumbran con su energ\u00eda. Desde collares hasta pulseras que se podr\u00e1n personalizar con los charms. Las versiones en color oro y plata son las protagonistas de una colecci\u00f3n que apunta a ser el MUST de esta temporada.<\/p>\n<p> Empezamos por sus tres pulseras, hechas de acero, que son el claro ejemplo de c\u00f3mo estar a la moda en este momento. Adem\u00e1s, la combinaci\u00f3n del color oro con el de la plata es sin\u00f3nimo de \u00e9xito en cualquier conjunto de joyer\u00eda. Sin olvidar los charms para poder personalizarlo.<\/p>\n<p> En cuanto a las tres versiones de collares, se pueden utilizar tanto individualmente como jugando entre ellos para darle potencia y elevar cualquier look.<\/p>\n<p> \u00abDescubre un conjunto de joyas irresistiblemente atractivas, una apuesta ganadora. Unos complementos poderosos. Lo m\u00e1s de lo m\u00e1s\u00bb.<\/p>\n<p> Se puede ver esta nueva colecci\u00f3n en viceroy.es<\/p>\n<p>\nContacto<\/p>\n<p>\nNombre contacto: Comunicaci\u00f3n Viceroy<\/p>\n<p>\nDescripci\u00f3n contacto: Maktagg Agency<\/p>\n<p>\nTel\u00e9fono de contacto: +34 936 81 85 11<\/p>\n","protected":false},"excerpt":{"rendered":"<p>(Informaci\u00f3n remitida por la empresa firmante) La modelo, presentadora e influencer renueva su colaboraci\u00f3n con la marca de relojer\u00eda para lanzar una nueva l\u00ednea de joyas exclusiva Madrid, 13 de mayo de 2025.- Tras el \u00e9xito de su anterior colecci\u00f3n, Laura vuelve a firmar con Viceroy con el objetivo de crear una propuesta \u00fanica y [&hellip;]<\/p>\n","protected":false},"author":1,"featured_media":0,"comment_status":"closed","ping_status":"closed","sticky":false,"template":"","format":"standard","meta":{"footnotes":""},"categories":[2],"tags":[],"class_list":["post-52634","post","type-post","status-publish","format-standard","hentry","category-noticias"],"_links":{"self":[{"href":"https:\/\/webciudadana.net\/index.php?rest_route=\/wp\/v2\/posts\/52634","targetHints":{"allow":["GET"]}}],"collection":[{"href":"https:\/\/webciudadana.net\/index.php?rest_route=\/wp\/v2\/posts"}],"about":[{"href":"https:\/\/webciudadana.net\/index.php?rest_route=\/wp\/v2\/types\/post"}],"author":[{"embeddable":true,"href":"https:\/\/webciudadana.net\/index.php?rest_route=\/wp\/v2\/users\/1"}],"replies":[{"embeddable":true,"href":"https:\/\/webciudadana.net\/index.php?rest_route=%2Fwp%2Fv2%2Fcomments&post=52634"}],"version-history":[{"count":0,"href":"https:\/\/webciudadana.net\/index.php?rest_route=\/wp\/v2\/posts\/52634\/revisions"}],"wp:attachment":[{"href":"https:\/\/webciudadana.net\/index.php?rest_route=%2Fwp%2Fv2%2Fmedia&parent=52634"}],"wp:term":[{"taxonomy":"category","embeddable":true,"href":"https:\/\/webciudadana.net\/index.php?rest_route=%2Fwp%2Fv2%2Fcategories&post=52634"},{"taxonomy":"post_tag","embeddable":true,"href":"https:\/\/webciudadana.net\/index.php?rest_route=%2Fwp%2Fv2%2Ftags&post=52634"}],"curies":[{"name":"wp","href":"https:\/\/api.w.org\/{rel}","templated":true}]}}