{"id":52635,"date":"2024-05-13T15:46:27","date_gmt":"2024-05-13T13:46:27","guid":{"rendered":"https:\/\/ticker-noticiasep.microcontenidos.com\/NoticiaRSS.vbhtml?user=FRND562DLP&amp;cod=20240513154627"},"modified":"2024-05-13T15:46:27","modified_gmt":"2024-05-13T13:46:27","slug":"sociedad-los-ii-premios-talento-reconocen-a-personalidades-de-la-empresa-ciencia-cultura-deporte-y-politica","status":"publish","type":"post","link":"https:\/\/webciudadana.net\/?p=52635","title":{"rendered":"Sociedad: Los II Premios Talento reconocen a personalidades de la empresa, ciencia, cultura, deporte y pol\u00edtica"},"content":{"rendered":"\n<div><img decoding=\"async\" src=\"https:\/\/img.europapress.es\/fotoweb\/fotonoticia_20240513154627_300.jpg\" class=\"ff-og-image-inserted\"><\/div>\n<p>(Informaci\u00f3n remitida por la empresa firmante)<\/p>\n<p>\nLos galardones, impulsados por el Club de Negocios Talento, premian a Juan Jes\u00fas Vivas, Vicente Mart\u00edn, Sandra Ibarra, la Fundaci\u00f3n Valent\u00edn de Madariaga, Rafael Porras, Laura Roa y Marina Alabau<\/p>\n<p>\nSevilla, 13 de mayo de 2024.- La segunda edici\u00f3n de los Premios Talento, promovidos por el Club de Negocios Talento y Crowe, ha reconocido la trayectoria de personalidades e instituciones del mundo de la empresa, la ciencia, la cultura, deporte y la pol\u00edtica en un acto celebrado en el Real Alc\u00e1zar de Sevilla con m\u00e1s de 250 asistentes.<\/p>\n<p> As\u00ed, los galardones han valorado la labor desempe\u00f1ada en sus respectivos campos por Juan Jes\u00fas Vivas, presidente de Ceuta; Vicente Mart\u00edn, cofundador y presidente de Grupo MAS; Sandra Ibarra, presidenta de la Fundaci\u00f3n Sandra Ibarra de Solidaridad Frente al C\u00e1ncer; Rafael Porras, presidente de la RTVA; Laura Roa, pionera a nivel mundial en ingenier\u00eda biom\u00e9dica; Marina Alabau, campeona ol\u00edmpica, mundial y europea de windsurf; y la Fundaci\u00f3n Valent\u00edn de Madariaga. Cada uno de ellos ha recibido un cuadro del artista Antonino Parrilla, uno de los principales exponentes del denominado Realismo Fant\u00e1stico Sevillano.<\/p>\n<p> El objetivo de estas distinciones es reconocer y fomentar el talento en el \u00e1mbito de la cultura, el emprendimiento, la ciencia y el deporte, as\u00ed como en todo aquello que se engloba dentro de la Responsabilidad Social Corporativa y los Objetivos de Desarrollo Sostenible (ODS) de la ONU. Durante la pasada edici\u00f3n, los galardonados fueron la Fundaci\u00f3n Jos\u00e9 Manuel Lara; Jos\u00e9 Luis Garc\u00eda-Palacios, presidente de Caja Rural del Sur; el empresario Miguel Gallego; la directiva Rosa Madrid (CBRE); la Autoridad Portuaria de Sevilla; la Fundaci\u00f3n Cristina Heeren; y el neurocirujano Francisco Trujillo.<\/p>\n<p> El acto de entrega fue presidido por \u00c1lvaro Pimentel, tercer teniente de alcalde del Ayuntamiento de Sevilla, presidente del Pleno y concejal del \u00c1rea de Cartuja, Parques Innovadores, Empleo, Econom\u00eda, Comercio y Consumo y Distrito Bellavista-La Palmera, junto con Ana J\u00e1uregui, gerente del Real Alc\u00e1zar, y Adri\u00e1n Fern\u00e1ndez-Romero, presidente de Club Talento, una instituci\u00f3n promovida por empresarios y directivos de la Andaluc\u00eda.<\/p>\n<p> Liderazgo<\/p>\n<p>\nEn esta edici\u00f3n, el jurado ha valorado la labor realizada por cada uno de los premiados. As\u00ed, de Juan Jes\u00fas Vivas se ha destacado que, bajo su mandato, Ceuta ha experimentado una trasformaci\u00f3n radical, apostando de manera decidida por una econom\u00eda basada en las nuevas tecnolog\u00edas y la innovaci\u00f3n.<\/p>\n<p> Por su parte, de Vicente Mart\u00edn se subraya haber situado a Grupo MAS entre las mayores empresas del sector con una plantilla superior a los 4.000 trabajadores. La compa\u00f1\u00eda celebr\u00f3 su 50\u00ba aniversario el a\u00f1o pasado, cuando recibi\u00f3 la Medalla de Andaluc\u00eda de la Econom\u00eda y la Empresa.<\/p>\n<p> De Laura Roa, f\u00edsica de formaci\u00f3n y catedr\u00e1tica em\u00e9rita de Ingenier\u00eda de Sistemas, se ha reconocido su aportaci\u00f3n al mundo de la ingenier\u00eda biom\u00e9dica, as\u00ed como su relevancia internacional, siendo la cient\u00edfica espa\u00f1ola m\u00e1s reconocida en Estados Unidos.<\/p>\n<p> Mientras, Sandra Ibarra recibe el galard\u00f3n por su trabajo en la lucha contra el c\u00e1ncer a trav\u00e9s de la fundaci\u00f3n que lleva su nombre y que se ha convertido en un referente en Espa\u00f1a y Am\u00e9rica Latina, impulsando y financiando campa\u00f1as y proyectos de prevenci\u00f3n, sensibilizaci\u00f3n e investigaci\u00f3n frente a esta enfermedad.<\/p>\n<p> En cuanto a Rafael Porras, se ha valorado su trayectoria en el mundo del periodismo, ocupando puestos de responsabilidad, entre ellos, la presidencia de la RTVA o la direcci\u00f3n en Andaluc\u00eda de los peri\u00f3dicos El Mundo y Expansi\u00f3n.<\/p>\n<p> Dentro del \u00e1mbito del deporte, la galardonada ha sido Marina Alabau, campeona ol\u00edmpica, mundial y europea en varias ocasiones en la especialidad de windsurf. Por su trayectoria ha recibido, entre otros, el Premio Nacional del Deporte en 2012 y fue condecorada dos veces con la Real Orden del M\u00e9rito Deportivo.<\/p>\n<p> Finalmente, el jurado decidi\u00f3 premiar a la Fundaci\u00f3n Valent\u00edn de Madariaga por la importante labor que est\u00e1 desarrollando desde 2003 en diferentes campos, que van desde la formaci\u00f3n y la cultura, hasta el emprendimiento y la discapacidad.<\/p>\n<p> Contacto<\/p>\n<p>\nNombre contacto: Nuria Ramos<\/p>\n<p>\nDescripci\u00f3n contacto: B2B Comunicaci\u00f3n Integral<\/p>\n<p>\nTel\u00e9fono de contacto: 696 80 23 29<\/p>\n","protected":false},"excerpt":{"rendered":"<p>(Informaci\u00f3n remitida por la empresa firmante) Los galardones, impulsados por el Club de Negocios Talento, premian a Juan Jes\u00fas Vivas, Vicente Mart\u00edn, Sandra Ibarra, la Fundaci\u00f3n Valent\u00edn de Madariaga, Rafael Porras, Laura Roa y Marina Alabau Sevilla, 13 de mayo de 2024.- La segunda edici\u00f3n de los Premios Talento, promovidos por el Club de Negocios [&hellip;]<\/p>\n","protected":false},"author":1,"featured_media":0,"comment_status":"closed","ping_status":"closed","sticky":false,"template":"","format":"standard","meta":{"footnotes":""},"categories":[2],"tags":[],"class_list":["post-52635","post","type-post","status-publish","format-standard","hentry","category-noticias"],"_links":{"self":[{"href":"https:\/\/webciudadana.net\/index.php?rest_route=\/wp\/v2\/posts\/52635","targetHints":{"allow":["GET"]}}],"collection":[{"href":"https:\/\/webciudadana.net\/index.php?rest_route=\/wp\/v2\/posts"}],"about":[{"href":"https:\/\/webciudadana.net\/index.php?rest_route=\/wp\/v2\/types\/post"}],"author":[{"embeddable":true,"href":"https:\/\/webciudadana.net\/index.php?rest_route=\/wp\/v2\/users\/1"}],"replies":[{"embeddable":true,"href":"https:\/\/webciudadana.net\/index.php?rest_route=%2Fwp%2Fv2%2Fcomments&post=52635"}],"version-history":[{"count":0,"href":"https:\/\/webciudadana.net\/index.php?rest_route=\/wp\/v2\/posts\/52635\/revisions"}],"wp:attachment":[{"href":"https:\/\/webciudadana.net\/index.php?rest_route=%2Fwp%2Fv2%2Fmedia&parent=52635"}],"wp:term":[{"taxonomy":"category","embeddable":true,"href":"https:\/\/webciudadana.net\/index.php?rest_route=%2Fwp%2Fv2%2Fcategories&post=52635"},{"taxonomy":"post_tag","embeddable":true,"href":"https:\/\/webciudadana.net\/index.php?rest_route=%2Fwp%2Fv2%2Ftags&post=52635"}],"curies":[{"name":"wp","href":"https:\/\/api.w.org\/{rel}","templated":true}]}}