{"id":52667,"date":"2024-05-14T15:09:57","date_gmt":"2024-05-14T13:09:57","guid":{"rendered":"https:\/\/ticker-noticiasep.microcontenidos.com\/NoticiaRSS.vbhtml?user=FRND562DLP&amp;cod=20240514150957"},"modified":"2024-05-14T15:09:57","modified_gmt":"2024-05-14T13:09:57","slug":"salud-comunicado-asanec-respalda-la-propuesta-de-ley-de-gratuidad-y-salud-visual-y-pide-colaborar-en-su-plan-de-financiacion","status":"publish","type":"post","link":"https:\/\/webciudadana.net\/?p=52667","title":{"rendered":"Salud: Comunicado: Asanec respalda la propuesta de Ley de gratuidad y salud visual y pide colaborar en su plan de financiaci\u00f3n"},"content":{"rendered":"\n<div><img decoding=\"async\" src=\"https:\/\/img.europapress.es\/fotoweb\/fotonoticia_20240514150957_300.jpg\" class=\"ff-og-image-inserted\"><\/div>\n<p> SEVILLA, 14 (EUROPA PRESS)<\/p>\n<p> La Asociaci\u00f3n Andaluza de Enfermer\u00eda Familiar y Comunitaria (Asanec) ha defendido este martes que la implementaci\u00f3n de la proposici\u00f3n de Ley relativa a la gratuidad de productos \u00f3pticos y de salud visual \u00abno solo reducir\u00eda entre la poblaci\u00f3n andaluza la incidencia de problemas de visi\u00f3n y sus consecuencias asociadas, sino que tambi\u00e9n se traducir\u00eda en una menor carga para el sistema sanitario\u00bb.<\/p>\n<p> En comparecencia parlamentaria, a petici\u00f3n de la mesa que tramita la proposici\u00f3n de ley, Asanec ha destacado que \u00abla salud visual es un derecho fundamental que debe ser protegido, especialmente tanto en el caso de ni\u00f1os y ni\u00f1as, quienes son particularmente vulnerables a los problemas de visi\u00f3n, como de los mayores que pueden sufrir un incremento de la dependencia y ca\u00eddas a causa de defectos de visi\u00f3n adem\u00e1s de otras enfermedades\u00bb.<\/p>\n<p> La vicepresidenta primera de esta sociedad cient\u00edfica, Eva Alm\u00e1n, ha dicho que \u00abla proposici\u00f3n de ley va en la direcci\u00f3n correcta para garantizar el acceso universal a la salud ocular\u00bb, pero ha recomendado a la Consejer\u00eda de Salud y Consumo que \u00abdesarrolle e implemente un sistema de financiaci\u00f3n p\u00fablica r\u00e1pido y eficaz\u00bb, solicitando, adem\u00e1s, que \u00abse elabore un cat\u00e1logo de productos \u00f3pticos y de salud visual que sea amplio y cubra las necesidades de toda la poblaci\u00f3n\u00bb.<\/p>\n<p> Para ello, Alm\u00e1n ha recomendado a la Consejer\u00eda de Salud y Consumo que involucre a los profesionales de la Enfermer\u00eda Familiar y Comunitaria en el dise\u00f1o e implementaci\u00f3n del sistema de financiaci\u00f3n p\u00fablica, ya que \u00abestos profesionales tienen un conocimiento profundo de las necesidades de salud de la poblaci\u00f3n y pueden contribuir a garantizar que el sistema sea efectivo y eficiente\u00bb.<\/p>\n<p> \u00abLa enfermer\u00eda familiar y comunitaria tiene como uno de sus objetivos prioritarios la promoci\u00f3n de la salud y esta propuesta de ley contribuir\u00eda a esta meta al facilitar el acceso de la poblaci\u00f3n a los productos y servicios necesarios para mantener una buena salud ocular\u00bb, ha subrayado la responsable de Asanec. Asimismo, la responsable de la Asociaci\u00f3n Andaluza de Enfermer\u00eda Familiar y Comunitaria ha destacado que \u00abla propuesta de ley\u00bb, al facilitar el acceso a los ex\u00e1menes visuales, \u00abcontribuir\u00eda a la detecci\u00f3n precoz de problemas de visi\u00f3n\u00bb. \u00abLa detecci\u00f3n precoz de estos problemas es fundamental para poder tratarlos de manera oportuna y evitar que progresen causando complicaciones graves\u00bb, ha matizado Alm\u00e1n.<\/p>\n<p> De esta forma, \u00abse mejorar\u00eda la calidad de vida de las personas con problemas de visi\u00f3n\u00bb. \u00abHay que tener en cuenta\u00bb, ha puntualizado la vicepresidenta primera de Asanec, que \u00ablos problemas de visi\u00f3n pueden tener un impacto significativo en la calidad de vida de las personas que los padecen\u00bb. Por ello, \u00abfacilitar el acceso a los productos \u00f3pticos y de salud visual, contribuir\u00eda a mejorar la calidad de vida de estas personas, objetivo de todos los profesionales que nos dedicamos a la atenci\u00f3n familiar y comunitaria\u00bb, ha indicado Alm\u00e1n.<\/p>\n<p> Por estos motivos, Asanec, como sociedad cient\u00edfica y Asociaci\u00f3n Andaluza de Enfermer\u00eda Familiar y Comunitaria, ha respaldado la aprobaci\u00f3n de esta ley, consider\u00e1ndola \u00abun paso adelante en pro de la calidad de vida de la poblaci\u00f3n andaluza\u00bb y ha solicitado \u00abmayor atenci\u00f3n a los sectores poblacionales m\u00e1s vulnerables, con programas eficaces de financiaci\u00f3n y prevenci\u00f3n\u00bb.<\/p>\n<p> Cabe recordar que la proposici\u00f3n de Ley a tramitar ante la Mesa del Congreso de los Diputados relativa a la gratuidad de los productos \u00f3pticos y de salud visual tiene como objetivo principal garantizar el acceso universal y gratuito a los productos \u00f3pticos y de salud visual para poblaci\u00f3n residente en la Comunidad Aut\u00f3noma de Andaluc\u00eda.<\/p>\n<p> La propuesta de ley tambi\u00e9n establece que la Consejer\u00eda de Salud y Consumo de la Junta de Andaluc\u00eda ser\u00e1 la encargada de desarrollar e implementar el sistema de financiaci\u00f3n p\u00fablica, as\u00ed como de elaborar un cat\u00e1logo de productos \u00f3pticos y de salud visual cubiertos por el mismo, entre los que podr\u00edan financiarse gafas graduadas, tanto para corregir defectos de refracci\u00f3n como para proteger la salud ocular; lentes de contacto, en casos en los que su uso est\u00e9 justificado por razones m\u00e9dicas o de salud ocular y ex\u00e1menes visuales realizados por profesionales de la optometr\u00eda u oftalmolog\u00eda.<\/p>\n<p> Asanec es la Asociaci\u00f3n Andaluza de Enfermer\u00eda Comunitaria formada por enfermeras y enfermeros de toda la geograf\u00eda andaluza que, sin \u00e1nimo de lucro, trabajan por y para el desarrollo de la profesi\u00f3n.<\/p>\n<p> Asanec, como sociedad cient\u00edfica, persigue la mejora de la calidad asistencial en el \u00e1mbito comunitario desde la defensa de la sanidad p\u00fablica, influyendo y dialogando con las Administraciones. Entre sus fines se encuentra brindar formaci\u00f3n e investigaci\u00f3n en la pr\u00e1ctica de la enfermer\u00eda para ofrecer cuidados de calidad a la comunidad, as\u00ed como colaborar con otras sociedades cient\u00edficas y asociaciones para el mejor desarrollo de la profesi\u00f3n.<\/p>\n<p> Contacto de Prensa: Arancha Ruiz 600 905 482 <\/p>\n","protected":false},"excerpt":{"rendered":"<p>SEVILLA, 14 (EUROPA PRESS) La Asociaci\u00f3n Andaluza de Enfermer\u00eda Familiar y Comunitaria (Asanec) ha defendido este martes que la implementaci\u00f3n de la proposici\u00f3n de Ley relativa a la gratuidad de productos \u00f3pticos y de salud visual \u00abno solo reducir\u00eda entre la poblaci\u00f3n andaluza la incidencia de problemas de visi\u00f3n y sus consecuencias asociadas, sino que [&hellip;]<\/p>\n","protected":false},"author":1,"featured_media":0,"comment_status":"closed","ping_status":"closed","sticky":false,"template":"","format":"standard","meta":{"footnotes":""},"categories":[2],"tags":[],"class_list":["post-52667","post","type-post","status-publish","format-standard","hentry","category-noticias"],"_links":{"self":[{"href":"https:\/\/webciudadana.net\/index.php?rest_route=\/wp\/v2\/posts\/52667","targetHints":{"allow":["GET"]}}],"collection":[{"href":"https:\/\/webciudadana.net\/index.php?rest_route=\/wp\/v2\/posts"}],"about":[{"href":"https:\/\/webciudadana.net\/index.php?rest_route=\/wp\/v2\/types\/post"}],"author":[{"embeddable":true,"href":"https:\/\/webciudadana.net\/index.php?rest_route=\/wp\/v2\/users\/1"}],"replies":[{"embeddable":true,"href":"https:\/\/webciudadana.net\/index.php?rest_route=%2Fwp%2Fv2%2Fcomments&post=52667"}],"version-history":[{"count":0,"href":"https:\/\/webciudadana.net\/index.php?rest_route=\/wp\/v2\/posts\/52667\/revisions"}],"wp:attachment":[{"href":"https:\/\/webciudadana.net\/index.php?rest_route=%2Fwp%2Fv2%2Fmedia&parent=52667"}],"wp:term":[{"taxonomy":"category","embeddable":true,"href":"https:\/\/webciudadana.net\/index.php?rest_route=%2Fwp%2Fv2%2Fcategories&post=52667"},{"taxonomy":"post_tag","embeddable":true,"href":"https:\/\/webciudadana.net\/index.php?rest_route=%2Fwp%2Fv2%2Ftags&post=52667"}],"curies":[{"name":"wp","href":"https:\/\/api.w.org\/{rel}","templated":true}]}}