{"id":52703,"date":"2024-05-15T17:49:09","date_gmt":"2024-05-15T15:49:09","guid":{"rendered":"https:\/\/ticker-noticiasep.microcontenidos.com\/NoticiaRSS.vbhtml?user=FRND562DLP&amp;cod=20240515174909"},"modified":"2024-05-15T17:49:09","modified_gmt":"2024-05-15T15:49:09","slug":"sociedad-gabriel-lass-de-roma-a-hong-kong","status":"publish","type":"post","link":"https:\/\/webciudadana.net\/?p=52703","title":{"rendered":"Sociedad: Gabriel Lass, de Roma a Hong Kong"},"content":{"rendered":"\n<div><img decoding=\"async\" src=\"https:\/\/img.europapress.es\/fotoweb\/fotonoticia_20240515174909_300.jpg\" class=\"ff-og-image-inserted\"><\/div>\n<p> El pr\u00f3ximo 16 de mayo, mediante el proyecto de Picasso Defi, las conocidas galer\u00edas de arte Sofi Gallery y AAIE Gallery llevar\u00e1n a Hong Kong una de sus muestras m\u00e1s representativas.<\/p>\n<p> Se trata de la exposici\u00f3n Magn\u00edfica, una exhibici\u00f3n comisariada por expertos de estas dos galer\u00edas, cuyo inter\u00e9s es el de resaltar una perspectiva mucho m\u00e1s amplia de la pintura contempor\u00e1nea. Entre los artistas participantes, destaca Gabriel Lass: un dise\u00f1ador arquitect\u00f3nico y artista visual de Murcia, que actualmente presenta su obra m\u00e1s reciente en Roma y para quien es muy gratificante que sus pinturas formen parte de una de las ferias m\u00e1s importantes del mundo. Pintura como experiencia humana.<\/p>\n<p> En esta ocasi\u00f3n, la Affordable Art Fair Hong Kong servir\u00e1 como habit\u00e1culo de esta muestra de pintura que, adem\u00e1s de compartir obras representativas de artistas emergentes y consolidados de Europa, tambi\u00e9n busca dar a conocer una reflexi\u00f3n sobre la pintura actual, encaminando su inter\u00e9s al reconocimiento de la exploraci\u00f3n pl\u00e1stica, la calidad t\u00e9cnica y el desarrollo de un concepto trascendental. Todo esto para construir una mirada mucho m\u00e1s profunda en los artistas y problematizar algunas de las tendencias fugaces que se priorizan en el mercado.<\/p>\n<p> La selecci\u00f3n de estas obras toma como eje de trabajo la diversidad y su posibilidad de generar nuevas lecturas, contrapunteos y an\u00e1lisis diferentes que expanden la experiencia del observador, con el objetivo de acercarle a la meditaci\u00f3n po\u00e9tica que ocurre en la pintura desde diferentes lugares o formas de operar. Para Magn\u00edfica, el arte es un impulso que educa la mirada desde la cautivaci\u00f3n y el encanto, por lo que sus productos podr\u00edan explorar una fisicalidad intangible y una musicalidad inaudita que casi siempre lleva a una novedad y, por consiguiente, a una posibilidad de asombro.<\/p>\n<p> Exploraci\u00f3n de Gabriel Lass Los prop\u00f3sitos de esta muestra le han permitido a la obra de Gabriel Lass adaptarse f\u00e1cilmente a los intereses de esta exhibici\u00f3n y comunicarse de manera org\u00e1nica con las otras piezas que la conforman. As\u00ed como Magn\u00edfica busca entender los puentes existentes entre la exploraci\u00f3n pl\u00e1stica, la t\u00e9cnica y el desarrollo creativo con la experiencia humana, Lass se preocupa por explorar sus propios instintos e impulsos como una extensi\u00f3n de su quehacer pict\u00f3rico. Su experiencia como dise\u00f1ador arquitect\u00f3nico le ha permitido encontrar en la abstracci\u00f3n un espacio para explorar sus propios lugares de calma.<\/p>\n<p> El color, la forma y la textura toman una relevancia enorme dentro de cada pieza, construyendo una atm\u00f3sfera que invita al espectador a degustar cada pincelada y contemplar una obra que transmite una experiencia emocional espec\u00edfica. En ocasiones, Lass hiere el lienzo y genera tensiones inc\u00f3modas por medio de contrastes fuertes y acciones contundentes, mientras que en otros momentos presenta una atm\u00f3sfera tranquila y serena que invitan a disfrutar de la calma.<\/p>\n<p> Su mirada sobre la forma, el color, la textura y la composici\u00f3n fueron suficientes para que la obra de este artista visual visite Hong Kong, ocupe un lugar en Magn\u00edfica y sea parte de una de las ferias de arte m\u00e1s importantes de la expresi\u00f3n pl\u00e1stica contempor\u00e1nea. DATOS P\u00daBLICOS: (Informaci\u00f3n remitida por la empresa firmante).<\/p>\n<p>\nContacto Emisor: Gabriel Lass.<\/p>\n<p>\nContacto: Gabinete Period\u00edstico.<\/p>\n<p>\nEmail de contacto: comunicados@prensaymedios.com.<\/p>\n","protected":false},"excerpt":{"rendered":"<p>El pr\u00f3ximo 16 de mayo, mediante el proyecto de Picasso Defi, las conocidas galer\u00edas de arte Sofi Gallery y AAIE Gallery llevar\u00e1n a Hong Kong una de sus muestras m\u00e1s representativas. Se trata de la exposici\u00f3n Magn\u00edfica, una exhibici\u00f3n comisariada por expertos de estas dos galer\u00edas, cuyo inter\u00e9s es el de resaltar una perspectiva mucho [&hellip;]<\/p>\n","protected":false},"author":1,"featured_media":0,"comment_status":"closed","ping_status":"closed","sticky":false,"template":"","format":"standard","meta":{"footnotes":""},"categories":[2],"tags":[],"class_list":["post-52703","post","type-post","status-publish","format-standard","hentry","category-noticias"],"_links":{"self":[{"href":"https:\/\/webciudadana.net\/index.php?rest_route=\/wp\/v2\/posts\/52703","targetHints":{"allow":["GET"]}}],"collection":[{"href":"https:\/\/webciudadana.net\/index.php?rest_route=\/wp\/v2\/posts"}],"about":[{"href":"https:\/\/webciudadana.net\/index.php?rest_route=\/wp\/v2\/types\/post"}],"author":[{"embeddable":true,"href":"https:\/\/webciudadana.net\/index.php?rest_route=\/wp\/v2\/users\/1"}],"replies":[{"embeddable":true,"href":"https:\/\/webciudadana.net\/index.php?rest_route=%2Fwp%2Fv2%2Fcomments&post=52703"}],"version-history":[{"count":0,"href":"https:\/\/webciudadana.net\/index.php?rest_route=\/wp\/v2\/posts\/52703\/revisions"}],"wp:attachment":[{"href":"https:\/\/webciudadana.net\/index.php?rest_route=%2Fwp%2Fv2%2Fmedia&parent=52703"}],"wp:term":[{"taxonomy":"category","embeddable":true,"href":"https:\/\/webciudadana.net\/index.php?rest_route=%2Fwp%2Fv2%2Fcategories&post=52703"},{"taxonomy":"post_tag","embeddable":true,"href":"https:\/\/webciudadana.net\/index.php?rest_route=%2Fwp%2Fv2%2Ftags&post=52703"}],"curies":[{"name":"wp","href":"https:\/\/api.w.org\/{rel}","templated":true}]}}