{"id":52723,"date":"2024-05-16T13:51:01","date_gmt":"2024-05-16T11:51:01","guid":{"rendered":"https:\/\/ticker-noticiasep.microcontenidos.com\/NoticiaRSS.vbhtml?user=FRND562DLP&amp;cod=20240516135101"},"modified":"2024-05-16T13:51:01","modified_gmt":"2024-05-16T11:51:01","slug":"sociedad-uic-barcelona-acoge-la-presentacion-en-barcelona-del-libro-escrito-por-el-medico-paliativista-enric-benito","status":"publish","type":"post","link":"https:\/\/webciudadana.net\/?p=52723","title":{"rendered":"Sociedad: UIC Barcelona acoge la presentaci\u00f3n en Barcelona del libro escrito por el m\u00e9dico paliativista Enric Benito"},"content":{"rendered":"\n<p>(Informaci\u00f3n remitida por la empresa firmante)<\/p>\n<p>\nPresentaci\u00f3n del libro &#8216;El ni\u00f1o que se enfad\u00f3 con la muerte&#8217;.<\/p>\n<p>\nEl acto, impulsado por la C\u00e1tedra WeCare de la Universidad en colaboraci\u00f3n con la editorial Harper Collins, contar\u00e1 con un coloquio entre el Dr. Benito y la Dra. Mar\u00eda Nabal, ambos expertos en el \u00e1mbito de los cuidados paliativos.<\/p>\n<p> Barcelona, 16 de mayo de 2024.- La C\u00e1tedra WeCare de la Universitat Internacional de Catalunya (UIC Barcelona) ha organizado un encuentro-coloquio con el Dr. Enric Benito para presentar en Barcelona el libro &#8216;El ni\u00f1o que se enfad\u00f3 con la muerte&#8217;. El acto tendr\u00e1 lugar el pr\u00f3ximo 30 de mayo a las 18.00 h en el Aula Magna del Campus Barcelona de la Universidad.<\/p>\n<p> Con una amplia trayectoria dedicada a los cuidados paliativos, el Dr. Enric Benito compartir\u00e1 con los asistentes al encuentro su experiencia vital y profesional en este \u00e1mbito, y aportar\u00e1 luz para entender c\u00f3mo podemos ayudar a las personas a morir bien.<\/p>\n<p> La obra de Enric Benito aborda de manera conmovedora y profunda el tema de la muerte desde una perspectiva positiva y esperanzadora, explorando las emociones, miedos y reflexiones de un ni\u00f1o en torno a este inevitable momento vital. A trav\u00e9s de su obra, el autor rinde homenaje a todas las personas que se dedican a los cuidados paliativos en nuestra sociedad. Un reconocimiento que tambi\u00e9n comparte la C\u00e1tedra WeCare, centrando su investigaci\u00f3n en las necesidades de las personas con enfermedades avanzadas en la etapa final de la vida.<\/p>\n<p> El evento contar\u00e1 con la presencia del Dr. Enric Benito quien, acompa\u00f1ado por la Dra. Mar\u00eda Nabal, m\u00e9dica paliativista en el Hospital Universitario Arnau de Vilanova (Lleida), mostrar\u00e1 las claves para aprender de la vida cuando parece que se acaba, liberarnos del miedo que suscita lo desconocido y poder vivir con plenitud. El coloquio con los dos expertos ofrecer\u00e1 un espacio para reflexionar sobre la muerte, c\u00f3mo llegar a ese momento en paz y serenidad, y c\u00f3mo acompa\u00f1ar de la mejor manera a pacientes y familias en esta etapa vital.<\/p>\n<p>\nPRESENTACI\u00d3N Y COLOQUIO CON EL AUTOR.<\/p>\n<p>\nFecha: 30 de mayo de 2024.<\/p>\n<p>\nHora: 18:00h Lugar: Aula Magna de UIC Barcelona.<\/p>\n<p>\nC\/ Immaculada 22, 08017 Barcelona.<\/p>\n<p> Presentaci\u00f3n del libro El ni\u00f1o que se enfad\u00f3 con la muerte del Dr. Enric Benito, y coloquio con el autor y la Dra. Maria Nabal, m\u00e9dica paliativista en el Hospital Universitario Arnau de Vilanova (Lleida).<\/p>\n<p> *UIC Barcelona ofrece a los medios la posibilidad de entrevistar a Enric Benito los d\u00edas previos al evento y de manera presencial el jueves 30 de mayo por la ma\u00f1ana.<\/p>\n<p> En caso de estar interesados, contactar con: Direcci\u00f3n de Comunicaci\u00f3n UIC BarcelonA.<\/p>\n<p>\nElena Castellarnau &#8211; 657 369 476 &#8211; elenac@uic.es.<\/p>\n<p>\nMarta Gonz\u00e1lez &#8211; 675 78 34 18 &#8211; mgonzalezmar@uic.es <\/p>\n","protected":false},"excerpt":{"rendered":"<p>(Informaci\u00f3n remitida por la empresa firmante) Presentaci\u00f3n del libro &#8216;El ni\u00f1o que se enfad\u00f3 con la muerte&#8217;. El acto, impulsado por la C\u00e1tedra WeCare de la Universidad en colaboraci\u00f3n con la editorial Harper Collins, contar\u00e1 con un coloquio entre el Dr. Benito y la Dra. Mar\u00eda Nabal, ambos expertos en el \u00e1mbito de los cuidados [&hellip;]<\/p>\n","protected":false},"author":1,"featured_media":0,"comment_status":"closed","ping_status":"closed","sticky":false,"template":"","format":"standard","meta":{"footnotes":""},"categories":[2],"tags":[],"class_list":["post-52723","post","type-post","status-publish","format-standard","hentry","category-noticias"],"_links":{"self":[{"href":"https:\/\/webciudadana.net\/index.php?rest_route=\/wp\/v2\/posts\/52723","targetHints":{"allow":["GET"]}}],"collection":[{"href":"https:\/\/webciudadana.net\/index.php?rest_route=\/wp\/v2\/posts"}],"about":[{"href":"https:\/\/webciudadana.net\/index.php?rest_route=\/wp\/v2\/types\/post"}],"author":[{"embeddable":true,"href":"https:\/\/webciudadana.net\/index.php?rest_route=\/wp\/v2\/users\/1"}],"replies":[{"embeddable":true,"href":"https:\/\/webciudadana.net\/index.php?rest_route=%2Fwp%2Fv2%2Fcomments&post=52723"}],"version-history":[{"count":0,"href":"https:\/\/webciudadana.net\/index.php?rest_route=\/wp\/v2\/posts\/52723\/revisions"}],"wp:attachment":[{"href":"https:\/\/webciudadana.net\/index.php?rest_route=%2Fwp%2Fv2%2Fmedia&parent=52723"}],"wp:term":[{"taxonomy":"category","embeddable":true,"href":"https:\/\/webciudadana.net\/index.php?rest_route=%2Fwp%2Fv2%2Fcategories&post=52723"},{"taxonomy":"post_tag","embeddable":true,"href":"https:\/\/webciudadana.net\/index.php?rest_route=%2Fwp%2Fv2%2Ftags&post=52723"}],"curies":[{"name":"wp","href":"https:\/\/api.w.org\/{rel}","templated":true}]}}