{"id":52724,"date":"2024-05-16T19:16:35","date_gmt":"2024-05-16T17:16:35","guid":{"rendered":"https:\/\/ticker-noticiasep.microcontenidos.com\/NoticiaRSS.vbhtml?user=FRND562DLP&amp;cod=20240516191635"},"modified":"2024-05-16T19:16:35","modified_gmt":"2024-05-16T17:16:35","slug":"mundo-costa-rica-exhibe-su-oferta-audiovisual-en-el-festival-de-cine-marche-du-film-de-cannes","status":"publish","type":"post","link":"https:\/\/webciudadana.net\/?p=52724","title":{"rendered":"Mundo: Costa Rica exhibe su oferta audiovisual en el festival de cine March\u00e9 du Film de Cannes"},"content":{"rendered":"\n<p>(Informaci\u00f3n remitida por la empresa firmante)<\/p>\n<p>\nCosta Rica suma 5 a\u00f1os consecutivos de participaci\u00f3n en el festival.<\/p>\n<p>\nDentro de la oferta costarricense destacan largometrajes, cortometrajes, documentales y otros.<\/p>\n<p> SAN JOS\u00c9, Costa Rica, 16 de mayo de 2024 \/PRNewswire\/ &#8212; La industria audiovisual nacional exhibe su oferta una vez m\u00e1s en el escenario mundial del cine con su participaci\u00f3n en el March\u00e9 du Film, el mercado audiovisual del prestigioso festival de Cannes, en Francia, del 14 al 22 de mayo.<\/p>\n<p> La delegaci\u00f3n costarricense conformada por la Promotora del Comercio Exterior (PROCOMER) y las empresas nacionales Noche Negra Producciones, EQV Worldwide Film Services, Caf\u00e9 Cinema, Cymbiola Films, Gelb-Hi Pictures y Equal Film, estar\u00e1 presente en el stand esencial COSTA RICA, promoviendo tanto los servicios y contenidos que genera, as\u00ed como al pa\u00eds como un destino f\u00edlmico de primer nivel. Adem\u00e1s, ser\u00e1 el espacio para atender reuniones de negocios y actividades de networking para generar contactos y alianzas estrat\u00e9gicas con diferentes empresas del sector.<\/p>\n<p> \u00abEl March\u00e9 du Film es una plataforma crucial para cineastas, productores audiovisuales, directores, actores, distribuidores, agentes de ventas, plataformas, inversionistas y dem\u00e1s entes relacionados con la industria cinematogr\u00e1fica, donde se generan oportunidades de negocio, se fomenta la colaboraci\u00f3n internacional y se promueven proyectos innovadores. Asimismo, es una vitrina mundial para mostrar el talento e innovaci\u00f3n de las y los costarricenses\u00bb coment\u00f3 Mario S\u00e1enz, Gerente de Desarrollo de Exportaciones de PROCOMER.<\/p>\n<p> Uno de los objetivos de la participaci\u00f3n de Costa Rica en este evento es promover las seis Film Friendly Zones de nuestro pa\u00eds, as\u00ed como los nuevos incentivos para la industria y las oportunidades de coproducci\u00f3n.<\/p>\n<p> \u00abAdem\u00e1s, la participaci\u00f3n de Costa Rica en el March\u00e9 du Film no solo busca promover la visibilidad de los talentos y proyectos locales, sino tambi\u00e9n captar el inter\u00e9s de potenciales inversionistas extranjeros. Con un entorno propicio para la inversi\u00f3n y una creciente infraestructura en el \u00e1mbito audiovisual, Costa Rica se presenta como un destino atractivo para la inversi\u00f3n extranjera directa en esta industria que ofrece un panorama favorable para aquellos que buscan oportunidades de inversi\u00f3n en el sector cinematogr\u00e1fico y audiovisual.\u00bb, agreg\u00f3 Sa\u00e9nz.<\/p>\n<p> Asimismo, durante el festival, se iniciar\u00e1 la promoci\u00f3n del Mercado de Cine, Televisi\u00f3n y Nuevos Medios de Centroam\u00e9rica y el Caribe 2024, un evento regional que promueve la integraci\u00f3n y colaboraci\u00f3n entre los pa\u00edses de la regi\u00f3n en el sector audiovisual, que tendr\u00e1 lugar del 10 al 12 de septiembre de 2024 en el Centro de Convenciones de Costa Rica.<\/p>\n<p> Foto &#8211; https:\/\/mma.prnewswire.com\/media\/2415217\/Multimedia__18.jpg<\/p>\n<p> View original content to download multimedia:https:\/\/www.prnewswire.com\/es\/comunicados-de-prensa\/costa-rica-exhibe-su-oferta-audiovisual-en-el-festival-de-cine-marche-du-film-de-cannes-302148116.html<\/p>\n","protected":false},"excerpt":{"rendered":"<p>(Informaci\u00f3n remitida por la empresa firmante) Costa Rica suma 5 a\u00f1os consecutivos de participaci\u00f3n en el festival. Dentro de la oferta costarricense destacan largometrajes, cortometrajes, documentales y otros. SAN JOS\u00c9, Costa Rica, 16 de mayo de 2024 \/PRNewswire\/ &#8212; La industria audiovisual nacional exhibe su oferta una vez m\u00e1s en el escenario mundial del cine [&hellip;]<\/p>\n","protected":false},"author":1,"featured_media":0,"comment_status":"closed","ping_status":"closed","sticky":false,"template":"","format":"standard","meta":{"footnotes":""},"categories":[2],"tags":[],"class_list":["post-52724","post","type-post","status-publish","format-standard","hentry","category-noticias"],"_links":{"self":[{"href":"https:\/\/webciudadana.net\/index.php?rest_route=\/wp\/v2\/posts\/52724","targetHints":{"allow":["GET"]}}],"collection":[{"href":"https:\/\/webciudadana.net\/index.php?rest_route=\/wp\/v2\/posts"}],"about":[{"href":"https:\/\/webciudadana.net\/index.php?rest_route=\/wp\/v2\/types\/post"}],"author":[{"embeddable":true,"href":"https:\/\/webciudadana.net\/index.php?rest_route=\/wp\/v2\/users\/1"}],"replies":[{"embeddable":true,"href":"https:\/\/webciudadana.net\/index.php?rest_route=%2Fwp%2Fv2%2Fcomments&post=52724"}],"version-history":[{"count":0,"href":"https:\/\/webciudadana.net\/index.php?rest_route=\/wp\/v2\/posts\/52724\/revisions"}],"wp:attachment":[{"href":"https:\/\/webciudadana.net\/index.php?rest_route=%2Fwp%2Fv2%2Fmedia&parent=52724"}],"wp:term":[{"taxonomy":"category","embeddable":true,"href":"https:\/\/webciudadana.net\/index.php?rest_route=%2Fwp%2Fv2%2Fcategories&post=52724"},{"taxonomy":"post_tag","embeddable":true,"href":"https:\/\/webciudadana.net\/index.php?rest_route=%2Fwp%2Fv2%2Ftags&post=52724"}],"curies":[{"name":"wp","href":"https:\/\/api.w.org\/{rel}","templated":true}]}}