{"id":52745,"date":"2024-05-17T11:16:07","date_gmt":"2024-05-17T09:16:07","guid":{"rendered":"https:\/\/ticker-noticiasep.microcontenidos.com\/NoticiaRSS.vbhtml?user=FRND562DLP&amp;cod=20240517111607"},"modified":"2024-05-17T11:16:07","modified_gmt":"2024-05-17T09:16:07","slug":"mundo-myke-towers-primer-artista-latino-en-encabezar-el-cartel-de-queima-das-fitas-de-coimbra","status":"publish","type":"post","link":"https:\/\/webciudadana.net\/?p=52745","title":{"rendered":"Mundo: Myke Towers, primer artista latino en encabezar el cartel de Queima das Fitas de Coimbra"},"content":{"rendered":"\n<div><img decoding=\"async\" src=\"https:\/\/img.europapress.es\/fotoweb\/fotonoticia_20240517111607_300.jpg\" class=\"ff-og-image-inserted\"><\/div>\n<p>(Informaci\u00f3n remitida por la empresa firmante)<\/p>\n<p>\nCOIMBRA, Portugal, 17 de mayo de 2024 \/PRNewswire\/ &#8212; \u00a1Prep\u00e1rate para una noche hist\u00f3rica en Queima das Fitas de Coimbra! Por primera vez en la historia del evento, un artista latino encabezar\u00e1: el fen\u00f3meno global de la m\u00fasica trap, Myke Towers. El 27 de mayo, la Pra\u00e7a da Can\u00e7\u00e3o vibrar\u00e1 con los contagiosos \u00e9xitos de este artista puertorrique\u00f1o que est\u00e1 conquistando el mundo.<\/p>\n<p> Myke Towers es uno de los nombres m\u00e1s candentes de la m\u00fasica latina actual. Sus canciones, como \u00abDura\u00bb, \u00abPrende\u00bb y \u00abLa Playa\u00bb, dominan las plataformas de streaming y listas de reproducci\u00f3n, y sus v\u00eddeos acumulan millones de visitas en YouTube. Con su energ\u00eda contagiosa y su flujo \u00fanico, Myke Towers promete un espect\u00e1culo memorable en Queima das Fitas de Coimbra.<\/p>\n<p>\n\u00a1Pero la fiesta no termina ah\u00ed! El cartel de este a\u00f1o de Queima das Fitas incluye otros artistas de renombre, como Matu\u00ea, Piruka, Nininho Vaz Maia, Hybrid Theory, Rute Marlene, Iran Costa, Jorge Guerreiro, Soraia Ramos, Claudia Leitte, James Bay, Vini Vici, Dillaz, Slow J, Regula, ProfJam y Lon3r Johny, entre muchos otros.<\/p>\n<p> Queima das Fitas de Coimbra es una fiesta para todos los gustos musicales, con actuaciones de diferentes g\u00e9neros, entretenimiento constante y un ambiente \u00fanico de confraternizaci\u00f3n acad\u00e9mica.<\/p>\n<p>\n\u00a1No pierdas la oportunidad de vivir una semana inolvidable en Queima das Fitas de Coimbra! Consigue tu entrada ahora en https:\/\/aac.bol.pt<\/p>\n<p>\nAcerca de Queima das Fitas de Coimbra:<\/p>\n<p>\nQueima das Fitas es una celebraci\u00f3n acad\u00e9mica anual que tiene lugar en Coimbra, Portugal. Organizada por estudiantes, la Queima das Fitas es una tradici\u00f3n que se remonta a 1901 y marca el final del a\u00f1o escolar en las Universidades de Coimbra. El evento se caracteriza por involucrar una serie de actividades culturales, deportivas y festivas que unen a la comunidad acad\u00e9mica y a la ciudad en general.<\/p>\n<p> Foto &#8211; https:\/\/mma.prnewswire.com\/media\/2415318\/Cartaz_Oficial_24.jpg<\/p>\n<p> View original content to download multimedia:https:\/\/www.prnewswire.com\/es\/comunicados-de-prensa\/myke-towers-primer-artista-latino-en-encabezar-el-cartel-de-queima-das-fitas-de-coimbra-302148824.html<\/p>\n","protected":false},"excerpt":{"rendered":"<p>(Informaci\u00f3n remitida por la empresa firmante) COIMBRA, Portugal, 17 de mayo de 2024 \/PRNewswire\/ &#8212; \u00a1Prep\u00e1rate para una noche hist\u00f3rica en Queima das Fitas de Coimbra! Por primera vez en la historia del evento, un artista latino encabezar\u00e1: el fen\u00f3meno global de la m\u00fasica trap, Myke Towers. El 27 de mayo, la Pra\u00e7a da Can\u00e7\u00e3o [&hellip;]<\/p>\n","protected":false},"author":1,"featured_media":0,"comment_status":"closed","ping_status":"closed","sticky":false,"template":"","format":"standard","meta":{"footnotes":""},"categories":[2],"tags":[],"class_list":["post-52745","post","type-post","status-publish","format-standard","hentry","category-noticias"],"_links":{"self":[{"href":"https:\/\/webciudadana.net\/index.php?rest_route=\/wp\/v2\/posts\/52745","targetHints":{"allow":["GET"]}}],"collection":[{"href":"https:\/\/webciudadana.net\/index.php?rest_route=\/wp\/v2\/posts"}],"about":[{"href":"https:\/\/webciudadana.net\/index.php?rest_route=\/wp\/v2\/types\/post"}],"author":[{"embeddable":true,"href":"https:\/\/webciudadana.net\/index.php?rest_route=\/wp\/v2\/users\/1"}],"replies":[{"embeddable":true,"href":"https:\/\/webciudadana.net\/index.php?rest_route=%2Fwp%2Fv2%2Fcomments&post=52745"}],"version-history":[{"count":0,"href":"https:\/\/webciudadana.net\/index.php?rest_route=\/wp\/v2\/posts\/52745\/revisions"}],"wp:attachment":[{"href":"https:\/\/webciudadana.net\/index.php?rest_route=%2Fwp%2Fv2%2Fmedia&parent=52745"}],"wp:term":[{"taxonomy":"category","embeddable":true,"href":"https:\/\/webciudadana.net\/index.php?rest_route=%2Fwp%2Fv2%2Fcategories&post=52745"},{"taxonomy":"post_tag","embeddable":true,"href":"https:\/\/webciudadana.net\/index.php?rest_route=%2Fwp%2Fv2%2Ftags&post=52745"}],"curies":[{"name":"wp","href":"https:\/\/api.w.org\/{rel}","templated":true}]}}