{"id":52746,"date":"2024-05-17T13:54:27","date_gmt":"2024-05-17T11:54:27","guid":{"rendered":"https:\/\/ticker-noticiasep.microcontenidos.com\/NoticiaRSS.vbhtml?user=FRND562DLP&amp;cod=20240517135427"},"modified":"2024-05-17T13:54:27","modified_gmt":"2024-05-17T11:54:27","slug":"sociedad-accu-catalunya-mas-de-30-anos-rompiendo-el-estigma-de-las-enfermedades-inflamatorias-intestinales","status":"publish","type":"post","link":"https:\/\/webciudadana.net\/?p=52746","title":{"rendered":"Sociedad: ACCU Catalunya: m\u00e1s de 30 a\u00f1os rompiendo el estigma de las Enfermedades Inflamatorias Intestinales"},"content":{"rendered":"\n<div><img decoding=\"async\" src=\"https:\/\/img.europapress.es\/fotoweb\/fotonoticia_20240517135427_300.jpg\" class=\"ff-og-image-inserted\"><\/div>\n<p>(Informaci\u00f3n remitida por la empresa firmante)<\/p>\n<p>\nEn el marco del D\u00eda Mundial de las EII, la Asociaci\u00f3n de Crohn y Colitis Ulcerosa de Catalunya organiza el 27 de mayo una jornada de sensibilizaci\u00f3n en Barcelona que destaca el papel de las enfermeras<\/p>\n<p>\nBarcelona, 17 de mayo de 2024.- Alrededor de un 1% de la poblaci\u00f3n mundial est\u00e1 afectado por una Enfermedad Inflamatoria Intestinal (EII). En Catalu\u00f1a, se calcula que hay unas 50.000 personas afectadas y unas 400.000 en Espa\u00f1a, el 25% de las cuales son ni\u00f1os y adolescentes.<\/p>\n<p> El 19 de mayo se celebra el D\u00eda Mundial de las Enfermedades Inflamatorias Intestinales (EII), una iniciativa que cuenta con la participaci\u00f3n de organizaciones de pacientes de m\u00e1s de 50 pa\u00edses. El objetivo de este d\u00eda es concienciar sobre las EII, instar a los gobiernos y los profesionales de la salud a tomar medidas, y mostrar su apoyo a los pacientes que sufren estas enfermedades que afectan al sistema digestivo.<\/p>\n<p> En el marco de esta conmemoraci\u00f3n y bajo el lema \u00abEl rol de las enfermeras con las personas afectadas de EII\u00bb, la Asociaci\u00f3n de Crohn y Colitis Ulcerosa de Catalunya realizar\u00e1 una jornada de sensibilizaci\u00f3n el lunes 27 de mayo de 17&nbsp;h a 20&nbsp;h, a la sala auditorio del Colegio de Enfermer\u00eda de Barcelona (COIB). El acto cuenta con el apoyo del COIB, del GETEII (Grupo Enfermero de Trabajo en Enfermedad Inflamatoria Intestinal) y de diferentes instituciones, as\u00ed como con la participaci\u00f3n de varias enfermeras especialistas en Enfermedad Inflamatoria Intestinal.<\/p>\n<p> Sintomatolog\u00eda de las EII<\/p>\n<p>\nLas EII incluyen trastornos cr\u00f3nicos como la enfermedad de Crohn y la colitis ulcerosa, que actualmente no tienen cura. Los s\u00edntomas m\u00e1s comunes son dolor abdominal, retortijones frecuentes, diarrea, necesidad de ir al ba\u00f1o con frecuencia, sangrado rectal, anemia, fatiga, disminuci\u00f3n del hambre, p\u00e9rdida de peso y fiebre. Tambi\u00e9n pueden aparecer lesiones a la piel, en los ojos y dolores articulares.<\/p>\n<p> Es importante saber que las EII alternan periodos de actividad de la enfermedad con s\u00edntomas importantes (conocidos como brotes o crisis) con otros periodos en que la enfermedad se aten\u00faa (fases de remisi\u00f3n). En algunos casos, se puede necesitar tratamiento hospitalario e, incluso, puede ser necesaria la cirug\u00eda para extirpar las partes afectadas del intestino.<\/p>\n<p> ACCU Catalunya: cerca de 1.000 asociados luchando contra el estigma<\/p>\n<p>\nLas EII son enfermedades muy estigmatizantes a causa de su sintomatolog\u00eda. Para ayudar a pacientes y familiares con enfermedades inflamatorias intestinales, en 1992 se cre\u00f3 la Asociaci\u00f3n de Crohn y Colitis Ulcerosa (ACCU) Catalunya. Desde entonces, esta asociaci\u00f3n trabaja para romper tab\u00faes, ofrecer informaci\u00f3n y apoyo a los pacientes y su entorno, dar visibilidad a las EII y fomentar la investigaci\u00f3n.<\/p>\n<p> Seg\u00fan la directora de ACCU Catalunya, Milena Sust \u00abhay que romper los estigmas sociales que hacen que el paciente se encuentre muy solo, y tambi\u00e9n luchar contra el auto estigma, ya que una diagnosis as\u00ed a menudo supone un golpe muy duro\u00bb.<\/p>\n<p> Por su parte, el presidente de la asociaci\u00f3n y paciente, Ricard Pons, afirma que \u00abdesde ACCU Catalunya ofrecemos todo tipo de servicios y actividades de acompa\u00f1amiento e informaci\u00f3n para que las personas con una EII se puedan empoderar, continuar con su vida y entender que un diagn\u00f3stico como este no implica el final del camino\u00bb.<\/p>\n<p> &#8216;D\u00e9jame aprender&#8217; y &#8216;No puedo Esperar&#8217;<\/p>\n<p>\nAdem\u00e1s de las actividades de sensibilizaci\u00f3n, entre los proyectos destacados de ACCU Catalunya se incluye &#8216;D\u00e9jame aprender&#8217;, que promueve la inclusi\u00f3n acad\u00e9mica de alumnado con EII, y &#8216;No puedo Esperar&#8217;, que facilita el acceso urgente y gratuito a lavabos en caso de necesidad. Se puede consultar m\u00e1s informaci\u00f3n sobre este proyecto en la web https:\/\/www.nopucesperar.org\/. Tambi\u00e9n se encontrar\u00e1 m\u00e1s informaci\u00f3n en el web institucional accucat.org y en Canal Salud.<\/p>\n<p> Contacto<\/p>\n<p>\nNombre contacto: LAIA DOLCET SISCART<\/p>\n<p>\nDescripci\u00f3n contacto: ACCU CATALUNYA<\/p>\n<p>\nTel\u00e9fono de contacto: 693065956<\/p>\n","protected":false},"excerpt":{"rendered":"<p>(Informaci\u00f3n remitida por la empresa firmante) En el marco del D\u00eda Mundial de las EII, la Asociaci\u00f3n de Crohn y Colitis Ulcerosa de Catalunya organiza el 27 de mayo una jornada de sensibilizaci\u00f3n en Barcelona que destaca el papel de las enfermeras Barcelona, 17 de mayo de 2024.- Alrededor de un 1% de la poblaci\u00f3n [&hellip;]<\/p>\n","protected":false},"author":1,"featured_media":0,"comment_status":"closed","ping_status":"closed","sticky":false,"template":"","format":"standard","meta":{"footnotes":""},"categories":[2],"tags":[],"class_list":["post-52746","post","type-post","status-publish","format-standard","hentry","category-noticias"],"_links":{"self":[{"href":"https:\/\/webciudadana.net\/index.php?rest_route=\/wp\/v2\/posts\/52746","targetHints":{"allow":["GET"]}}],"collection":[{"href":"https:\/\/webciudadana.net\/index.php?rest_route=\/wp\/v2\/posts"}],"about":[{"href":"https:\/\/webciudadana.net\/index.php?rest_route=\/wp\/v2\/types\/post"}],"author":[{"embeddable":true,"href":"https:\/\/webciudadana.net\/index.php?rest_route=\/wp\/v2\/users\/1"}],"replies":[{"embeddable":true,"href":"https:\/\/webciudadana.net\/index.php?rest_route=%2Fwp%2Fv2%2Fcomments&post=52746"}],"version-history":[{"count":0,"href":"https:\/\/webciudadana.net\/index.php?rest_route=\/wp\/v2\/posts\/52746\/revisions"}],"wp:attachment":[{"href":"https:\/\/webciudadana.net\/index.php?rest_route=%2Fwp%2Fv2%2Fmedia&parent=52746"}],"wp:term":[{"taxonomy":"category","embeddable":true,"href":"https:\/\/webciudadana.net\/index.php?rest_route=%2Fwp%2Fv2%2Fcategories&post=52746"},{"taxonomy":"post_tag","embeddable":true,"href":"https:\/\/webciudadana.net\/index.php?rest_route=%2Fwp%2Fv2%2Ftags&post=52746"}],"curies":[{"name":"wp","href":"https:\/\/api.w.org\/{rel}","templated":true}]}}