{"id":52762,"date":"2024-05-20T06:56:39","date_gmt":"2024-05-20T04:56:39","guid":{"rendered":"https:\/\/ticker-noticiasep.microcontenidos.com\/NoticiaRSS.vbhtml?user=FRND562DLP&amp;cod=20240520065639"},"modified":"2024-05-20T06:56:39","modified_gmt":"2024-05-20T04:56:39","slug":"mundo-toshiki-okada-es-nombrado-director-artistico-del-festival-de-tokio-a-partir-de-2025","status":"publish","type":"post","link":"https:\/\/webciudadana.net\/?p=52762","title":{"rendered":"Mundo: Toshiki Okada es nombrado director art\u00edstico del Festival de Tokio a partir de 2025"},"content":{"rendered":"\n<p>(Informaci\u00f3n remitida por la empresa firmante)<\/p>\n<p>\nTOKIO, 20 de mayo de 2024 \/PRNewswire\/ &#8212; El Comit\u00e9 Ejecutivo del Festival de Tokio ha anunciado que Toshiki Okada (dramaturgo, novelista y director de la compa\u00f1\u00eda teatral chelfitsch) ha sido nombrado director art\u00edstico del Festival de Tokio, con efecto a partir del a\u00f1o fiscal 2025*. El Festival de Tokio es un festival integral de artes urbanas que pretende relacionarse con el mundo a trav\u00e9s de la rica y diversa cultura art\u00edstica de Tokio. Desde 2016, el festival se ha celebrado principalmente en la zona de Ikebukuro de Toshima Ward, y el Festival de Tokio 2024, que tendr\u00e1 lugar en septiembre, ser\u00e1 el noveno evento anual. Durante los \u00faltimos seis a\u00f1os, de 2018 a 2023, Satoshi Miyagi, reconocido por su labor interpretativa internacional, ejerci\u00f3 como director general del Festival de Tokio. A partir del ejercicio 2025, el Festival de Tokio introducir\u00e1 nuevas y frescas ideas conceptuales bajo el liderazgo del director art\u00edstico Okada, que ha cosechado atenci\u00f3n y aclamaci\u00f3n tanto a nivel nacional como internacional por su metodolog\u00eda \u00fanica que explora la relaci\u00f3n entre el lenguaje y el cuerpo, junto con sus ideas sobre la sociedad contempor\u00e1nea. Okada tambi\u00e9n ha sido nombrado director art\u00edstico (Artes Esc\u00e9nicas) del Teatro Metropolitano de Tokio a partir del 1 de abril de 2026.<\/p>\n<p>\n*El a\u00f1o fiscal en Jap\u00f3n abarca del 1 de abril hasta el 31 de marzo.<\/p>\n<p> Imagen de Toshiki Okada (C) Kikuko Usuyama: https:\/\/cdn.kyodonewsprwire.jp\/prwfile\/release\/M105782\/202405100618\/_prw_PI1fl_0y2quGpc.jpg<\/p>\n<p>\nDeclaraci\u00f3n de Toshiki Okada<\/p>\n<p> \u00abEste festival invita a artistas y espect\u00e1culos, de diversas regiones y procedencias est\u00e9ticas, a participar en el marco distintivo y festivo de un festival internacional de artes esc\u00e9nicas. Algunas de las obras surgen de las distintas realidades que se viven en el Tokio contempor\u00e1neo, pero otras tienen su origen en otros lugares, ofreciendo a la ciudad un est\u00edmulo intelectual y sensorial por su frescura y heterogeneidad resultantes. Este amplio abanico nos permite encontrar lo desconocido oculto dentro de lo familiar: humor de una cultura diferente, o narraciones que esperan ser compartidas y sacadas a la luz. Veo el Festival de Tokio como un periodo en el que estas ideas emergentes pueden tomar forma y entrecruzarse. Mi visi\u00f3n es que estas ideas resuenen en el entorno contextualmente ilimitado que abarca la megaciudad de Tokio y sus alrededores, invitando a respuestas de paisajes internacionales y futuros. Me encantar\u00eda que el festival pudiera contribuir, aunque s\u00f3lo fuera ligeramente, a desmantelar las complejas divisiones sociales de nuestro tiempo. Junto con el personal, los artistas y el p\u00fablico, mi objetivo como director art\u00edstico es convertir el Festival de Tokio en una vibrante celebraci\u00f3n de nuestros diversos contextos\u00bb.<\/p>\n<p> Perfil<\/p>\n<p>\nToshiki Okada es dramaturgo, novelista y director de la compa\u00f1\u00eda teatral chelfitsch, y es conocido por explorar la singular relaci\u00f3n entre el lenguaje y el cuerpo que se encuentra en su planteamiento. En 2007, particip\u00f3 en el Kunstenfestivaldesarts, celebrado en Bruselas, con su obra \u00abCinco d\u00edas de marzo\u00bb. Desde este debut de su obra en el extranjero, ha seguido presentando obras no solo a nivel nacional, sino tambi\u00e9n internacional, realizando actuaciones en m\u00e1s de 90 ciudades de Asia, Europa, Norteam\u00e9rica y Sudam\u00e9rica. Desde 2016, tambi\u00e9n ha creado y dirigido constantemente obras en un programa de repertorio en un renombrado teatro p\u00fablico de Alemania. En 2020, su obra \u00abThe Vacuum Cleaner\u00bb (en Muenchner Kammerspiele) y en 2022, \u00abDoughnuts\u00bb (en Thalia Theater, Hamburgo) fueron seleccionadas como parte de las \u00ab10 producciones notables\u00bb del Berliner Theatertreffen.\u00bb Recibi\u00f3 el Premio Especial del Comit\u00e9 de Selecci\u00f3n de los 27\u00ba Premios de Teatro Yomiuri por su obra \u00abPratthana &#8212; A Portrait of Possession\u00bb, adaptaci\u00f3n teatral de una novela tailandesa contempor\u00e1nea con actores tailandeses. Su obra \u00abUnfulfilled Ghost and Monster &#8211; ZAHA \/ TSURUGA\u00bb (KAAT Kanagawa Arts Theatre), que utiliza la estructura narrativa del Noh, gan\u00f3 el 72\u00ba Premio Yomiuri de Literatura (Premio Obra\/Escenario) y el 25\u00ba Premio Tsuruya Namboku Drama. En 2021, dirigi\u00f3 la \u00f3pera \u00abYuzuru\u00bb (All Japan Opera Co-Production Project). Como novelista, public\u00f3 \u00abThe End of the Moment We Had\u00bb (Shinchosha Publishing) en 2007, que gan\u00f3 el 2\u00ba Premio Kenzaburo Oe. En 2022, recibi\u00f3 el 35\u00ba Premio Mishima Yukio y el 64\u00ba Premio Literario Kumanichi por su novela \u00abBroccoli Revolution\u00bb (Shinchosha).<\/p>\n<p> Acerca del Festival de TokIo<\/p>\n<p>\nEl Festival de Tokio es un festival integral de arte urbano que se celebra cada oto\u00f1o en los alrededores del distrito de Toshima de Tokio, centrado en la zona de Ikebukuro, y que tiene como objetivo conectar con el mundo a trav\u00e9s de las ricas y diversas escenas art\u00edsticas y culturales de Tokio. El Festival de Tokio 2024 se celebrar\u00e1 en septiembre de 2024. URL: https:\/\/tokyo-festival.jp\/en\/<\/p>\n<p>\nEsbozo del Festival de Tokio 2024<\/p>\n<p>\n&#8212; Organizadores: Comit\u00e9 Ejecutivo del Festival de Tokio (Fundaci\u00f3n Metropolitana de Tokio para la Historia y la Cultura <consejo metropolitano de teatro y artes tokio>, Gobierno Metropolitano de Tokio)<\/consejo><\/p>\n<p>\n&#8212; Patrocinador: Asahi Group Japan, Ltd.<\/p>\n<p> View original content:https:\/\/www.prnewswire.com\/news-releases\/toshiki-okada-es-nombrado-director-artistico-del-festival-de-tokio-a-partir-de-2025-302149837.html<\/p>\n","protected":false},"excerpt":{"rendered":"<p>(Informaci\u00f3n remitida por la empresa firmante) TOKIO, 20 de mayo de 2024 \/PRNewswire\/ &#8212; El Comit\u00e9 Ejecutivo del Festival de Tokio ha anunciado que Toshiki Okada (dramaturgo, novelista y director de la compa\u00f1\u00eda teatral chelfitsch) ha sido nombrado director art\u00edstico del Festival de Tokio, con efecto a partir del a\u00f1o fiscal 2025*. El Festival de [&hellip;]<\/p>\n","protected":false},"author":1,"featured_media":0,"comment_status":"closed","ping_status":"closed","sticky":false,"template":"","format":"standard","meta":{"footnotes":""},"categories":[2],"tags":[],"class_list":["post-52762","post","type-post","status-publish","format-standard","hentry","category-noticias"],"_links":{"self":[{"href":"https:\/\/webciudadana.net\/index.php?rest_route=\/wp\/v2\/posts\/52762","targetHints":{"allow":["GET"]}}],"collection":[{"href":"https:\/\/webciudadana.net\/index.php?rest_route=\/wp\/v2\/posts"}],"about":[{"href":"https:\/\/webciudadana.net\/index.php?rest_route=\/wp\/v2\/types\/post"}],"author":[{"embeddable":true,"href":"https:\/\/webciudadana.net\/index.php?rest_route=\/wp\/v2\/users\/1"}],"replies":[{"embeddable":true,"href":"https:\/\/webciudadana.net\/index.php?rest_route=%2Fwp%2Fv2%2Fcomments&post=52762"}],"version-history":[{"count":0,"href":"https:\/\/webciudadana.net\/index.php?rest_route=\/wp\/v2\/posts\/52762\/revisions"}],"wp:attachment":[{"href":"https:\/\/webciudadana.net\/index.php?rest_route=%2Fwp%2Fv2%2Fmedia&parent=52762"}],"wp:term":[{"taxonomy":"category","embeddable":true,"href":"https:\/\/webciudadana.net\/index.php?rest_route=%2Fwp%2Fv2%2Fcategories&post=52762"},{"taxonomy":"post_tag","embeddable":true,"href":"https:\/\/webciudadana.net\/index.php?rest_route=%2Fwp%2Fv2%2Ftags&post=52762"}],"curies":[{"name":"wp","href":"https:\/\/api.w.org\/{rel}","templated":true}]}}