{"id":52763,"date":"2024-05-20T13:25:15","date_gmt":"2024-05-20T11:25:15","guid":{"rendered":"https:\/\/ticker-noticiasep.microcontenidos.com\/NoticiaRSS.vbhtml?user=FRND562DLP&amp;cod=20240520132515"},"modified":"2024-05-20T13:25:15","modified_gmt":"2024-05-20T11:25:15","slug":"sociedad-proteger-la-piel-este-verano-con-los-expertos-de-la-clinica-de-especialidades-esteticas-dg","status":"publish","type":"post","link":"https:\/\/webciudadana.net\/?p=52763","title":{"rendered":"Sociedad: Proteger la piel este verano con los expertos de la cl\u00ednica de especialidades est\u00e9ticas DG"},"content":{"rendered":"\n<div><img decoding=\"async\" src=\"https:\/\/img.europapress.es\/fotoweb\/fotonoticia_20240520132515_300.jpg\" class=\"ff-og-image-inserted\"><\/div>\n<p>(Informaci\u00f3n remitida por la empresa firmante)<\/p>\n<p>\nEl centro liderado por la experta en dermatoest\u00e9tica y nutrici\u00f3n y patolog\u00edas digestivas, Diana Gir\u00f3n, propone las mejores opciones para cuidar, prevenir y solucionar los problemas derivados de la piel, de cara a este verano, donde el sol puede ser el principal enemigo<\/p>\n<p>\nMadrid, 20 de mayo de 2024.- Con la llegada del verano, es esencial ser conscientes de los efectos nocivos del exceso de la exposici\u00f3n solar puede tener en la piel. Cerca del 75% de las arrugas se atribuyen a los rayos ultravioleta, siendo la radiaci\u00f3n UVA la mayor responsable de los da\u00f1os que causan un envejecimiento prematuro. Es aqu\u00ed donde la orientaci\u00f3n de expertos, como Diana Gir\u00f3n, se vuelve imprescindible.<\/p>\n<p> \u00abLos rayos UV, o rayos ultravioletas, pueden da\u00f1ar la estructura de la piel, causando quemaduras, envejecimiento prematuro, manchas oscuras, y, en casos extremos, c\u00e1ncer de piel\u00bb, alerta la especialista en dermatoest\u00e9tica, nutrici\u00f3n y patolog\u00edas digestivas, Diana Gir\u00f3n.<\/p>\n<p> Seg\u00fan la OMS, en 2020 se diagnosticaron en el mundo m\u00e1s de 1,5 millones de casos de c\u00e1ncer de piel y se registraron m\u00e1s de 120.000 muertes asociadas por esta causa. M\u00e1s de 2 millones de personas son tratadas anualmente por c\u00e1ncer de piel relacionado con la exposici\u00f3n al sol, un hecho alarmante que destaca la importancia de una adecuada protecci\u00f3n y cuidado de la piel.<\/p>\n<p> En DG cl\u00ednica de especialidades est\u00e9ticas, Diana y su equipo ofrecen una variedad de tratamientos y consejos personalizados para proteger la piel durante el verano. Desde alimentos y lociones con alto factor de protecci\u00f3n solar, hasta procedimientos avanzados de rejuvenecimiento cut\u00e1neo. Est\u00e1n comprometidos a ayudar a sus pacientes a mantener una piel sana y radiante en todas las estaciones.<\/p>\n<p> Uno de los pilares del enfoque de Diana hacia la protecci\u00f3n solar es la educaci\u00f3n. Ella cree firmemente, que empoderar a sus clientes con el conocimiento necesario, contribuye a cuidar adecuadamente su piel. Durante las consultas, Diana y su equipo explican los peligros de la exposici\u00f3n excesiva al sol y la importancia de usar protector solar diariamente. Tambi\u00e9n ofrecen consejos pr\u00e1cticos sobre c\u00f3mo aplicar correctamente para una protecci\u00f3n \u00f3ptima.<\/p>\n<p> Adem\u00e1s de la protecci\u00f3n solar, Diana enfatiza en la importancia de una rutina de cuidado de la piel adecuada. Esto incluye limpiar e hidratar la piel regularmente, as\u00ed como usar productos con ingredientes antioxidantes y antiinflamatorios para proteger contra el da\u00f1o causado por los radicales libres y reducir la inflamaci\u00f3n. Tambi\u00e9n insiste en la importancia de adoptar un estilo de vida saludable en general, como mantenerse hidratado, seguir una dieta equilibrada rica en antioxidantes, nutrientes esenciales, evitar fumar, reducir el consumo de alcohol y dormir lo suficiente para permitir que la piel se repare y regenere durante la noche.<\/p>\n<p> La misi\u00f3n de Diana Gir\u00f3n y su equipo va m\u00e1s all\u00e1 de ofrecer servicios est\u00e9ticos, se trata de que cada paciente se sienta seguro y radiante en su propia piel. Con una atenci\u00f3n cari\u00f1osa, detallada y una dedicaci\u00f3n inquebrantable a la excelencia, Diana Gir\u00f3n ofrece una experiencia \u00fanica e inigualable que deja una impresi\u00f3n duradera en todos aquellos que tienen el privilegio de visitar su cl\u00ednica est\u00e9tica.<\/p>\n<p> Contacto<\/p>\n<p>\nNombre contacto: Diana Gir\u00f3n<\/p>\n<p>\nDescripci\u00f3n contacto: DG cl\u00ednica de especialidades est\u00e9ticas, Diana Gir\u00f3n<\/p>\n<p>\nTel\u00e9fono de contacto: 690354106<\/p>\n","protected":false},"excerpt":{"rendered":"<p>(Informaci\u00f3n remitida por la empresa firmante) El centro liderado por la experta en dermatoest\u00e9tica y nutrici\u00f3n y patolog\u00edas digestivas, Diana Gir\u00f3n, propone las mejores opciones para cuidar, prevenir y solucionar los problemas derivados de la piel, de cara a este verano, donde el sol puede ser el principal enemigo Madrid, 20 de mayo de 2024.- [&hellip;]<\/p>\n","protected":false},"author":1,"featured_media":0,"comment_status":"closed","ping_status":"closed","sticky":false,"template":"","format":"standard","meta":{"footnotes":""},"categories":[2],"tags":[],"class_list":["post-52763","post","type-post","status-publish","format-standard","hentry","category-noticias"],"_links":{"self":[{"href":"https:\/\/webciudadana.net\/index.php?rest_route=\/wp\/v2\/posts\/52763","targetHints":{"allow":["GET"]}}],"collection":[{"href":"https:\/\/webciudadana.net\/index.php?rest_route=\/wp\/v2\/posts"}],"about":[{"href":"https:\/\/webciudadana.net\/index.php?rest_route=\/wp\/v2\/types\/post"}],"author":[{"embeddable":true,"href":"https:\/\/webciudadana.net\/index.php?rest_route=\/wp\/v2\/users\/1"}],"replies":[{"embeddable":true,"href":"https:\/\/webciudadana.net\/index.php?rest_route=%2Fwp%2Fv2%2Fcomments&post=52763"}],"version-history":[{"count":0,"href":"https:\/\/webciudadana.net\/index.php?rest_route=\/wp\/v2\/posts\/52763\/revisions"}],"wp:attachment":[{"href":"https:\/\/webciudadana.net\/index.php?rest_route=%2Fwp%2Fv2%2Fmedia&parent=52763"}],"wp:term":[{"taxonomy":"category","embeddable":true,"href":"https:\/\/webciudadana.net\/index.php?rest_route=%2Fwp%2Fv2%2Fcategories&post=52763"},{"taxonomy":"post_tag","embeddable":true,"href":"https:\/\/webciudadana.net\/index.php?rest_route=%2Fwp%2Fv2%2Ftags&post=52763"}],"curies":[{"name":"wp","href":"https:\/\/api.w.org\/{rel}","templated":true}]}}