{"id":52765,"date":"2024-05-20T12:22:18","date_gmt":"2024-05-20T10:22:18","guid":{"rendered":"https:\/\/ticker-noticiasep.microcontenidos.com\/NoticiaRSS.vbhtml?user=FRND562DLP&amp;cod=20240520122218"},"modified":"2024-05-20T12:22:18","modified_gmt":"2024-05-20T10:22:18","slug":"salud-mas-de-750-enfermeras-de-familia-y-comunitaria-se-daran-cita-en-el-xv-congreso-internacional-de-asanec","status":"publish","type":"post","link":"https:\/\/webciudadana.net\/?p=52765","title":{"rendered":"Salud: M\u00e1s de 750 enfermeras de familia y comunitaria se dar\u00e1n cita en el XV Congreso Internacional de Asanec"},"content":{"rendered":"\n<div><img decoding=\"async\" src=\"https:\/\/img.europapress.es\/fotoweb\/fotonoticia_20240520122218_300.jpg\" class=\"ff-og-image-inserted\"><\/div>\n<p>(Informaci\u00f3n remitida por la empresa firmante)<\/p>\n<p> HUELVA, 20 (EUROPA PRESS)<\/p>\n<p> M\u00e1s de 750 profesionales de Enfermer\u00eda Familiar y Comunitaria participar\u00e1n los pr\u00f3ximos 30 y 31 de mayo en el XV Congreso Internacional de la Asociaci\u00f3n Andaluza de Enfermer\u00eda Familiar y Comunitaria (Asanec), que se celebra en Punta Umbr\u00eda (Huelva) bajo el lema &#8216;Generar salud mediante la promoci\u00f3n y la participaci\u00f3n ciudadana&#8217;.<\/p>\n<p> El encuentro pondr\u00e1 en valor el potencial de la enfermer\u00eda familiar y comunitaria en beneficio de la comunidad, as\u00ed como los retos a los que se enfrentan los profesionales de la sanidad andaluza entre los que destacan la respuesta a las necesidades de salud de la poblaci\u00f3n en atenci\u00f3n primaria, la mayor inclusi\u00f3n de la especialidad de la Enfermer\u00eda de Familia y Comunitaria, tanto en los de atenci\u00f3n primaria como en la participaci\u00f3n en los dise\u00f1os de los planes de prevenci\u00f3n, y la repercusi\u00f3n de la Inteligencia Artificial en el trabajo diario de las enfermeras.<\/p>\n<p> El XV Congreso Internacional de Asanec ahondar\u00e1 tambi\u00e9n en la inclusi\u00f3n de los programas de promoci\u00f3n de la salud en el trabajo diario de las enfermeras de salud familiar y comunitaria y en la necesidad de fomentar la investigaci\u00f3n y formaci\u00f3n en la pr\u00e1ctica cl\u00ednica diaria, as\u00ed como las nuevas figuras en enfermer\u00eda: las enfermeras referentes escolares, el enfoque de la salud en su origen y no en la causa de la enfermedad y la participaci\u00f3n ciudadana a la hora de implementar programas de prevenci\u00f3n y promoci\u00f3n de la salud con la ayuda de los activos en salud, entre otros temas.<\/p>\n<p> Asanec, como sociedad cient\u00edfica, presentar\u00e1 un programa de proyectos innovadores que apuestan por la promoci\u00f3n de la salud, la participaci\u00f3n ciudadana y la enfermer\u00eda familiar y comunitaria como v\u00eda para garantizar la atenci\u00f3n ciudadana en beneficio de la comunidad. Cabe recordar que las enfermeras son la puerta de acceso de la ciudadan\u00eda al sistema sanitario.<\/p>\n<p> En el Servicio Andaluz de Salud (SAS) realizan labores de promoci\u00f3n y prevenci\u00f3n en la comunidad y son las encargadas de ejecutar los distintos programas para detectar problemas de salud de manera precoz, as\u00ed como asesorar y acompa\u00f1ar cuando existen enfermedades cr\u00f3nicas.<\/p>\n<p>\nREORIENTAR POL\u00cdTICAS SANITARIAS <\/p>\n<p> Sin embargo y seg\u00fan han explicado desde la Asociaci\u00f3n Andaluza de Enfermer\u00eda Familiar y Comunitaria, el escenario en el que nos encontramos actualmente y, sobre todo despu\u00e9s de la pandemia por la Covid-19, implica \u00abreorientar las pol\u00edticas sanitarias hacia la promoci\u00f3n de la salud\u00bb, tal y como se estableci\u00f3 la Organizaci\u00f3n Mundial de la Salud (OMS) en 1986 a trav\u00e9s de la Carta de Ottawa y que determina el Plan de Acci\u00f3n de Atenci\u00f3n Primaria y Comunitaria, aprobado por el Consejo Interterritorial del Sistema Nacional de Salud en 2021.<\/p>\n<p> Esto implica, aseguran desde Asanec, la participaci\u00f3n activa de las enfermeras familiar y comunitaria tanto en los centros de atenci\u00f3n primaria como en el dise\u00f1o y desarrollo de los planes de prevenci\u00f3n\u00bb. \u00abLa cultura de promoci\u00f3n de la salud, prevenci\u00f3n y cuidados debe realizarse desde la infancia en todas las etapas de la vida y a nivel individual, familiar y comunitario, por lo que esto requiere de profesionales cualificados y formados en ciertas competencias como son los profesionales especializados en Enfermer\u00eda Familiar y Comunitaria\u00bb, han matizado.<\/p>\n<p> \u00abEl objetivo de la enfermer\u00eda familiar y comunitaria es conseguir una recuperaci\u00f3n, con la mayor calidad de vida posible, haciendo seguimiento en todas las etapas de la vida; desde el nacimiento hasta el final de la vida\u00bb, ha subrayado la presidenta de la Asociaci\u00f3n Andaluza de Enfermer\u00eda Familiar y Comunitaria, Mar\u00eda Dolores Ruiz.<\/p>\n<p> Por este motivo, \u00abel trabajo que desarrollamos es de gran valor para mantener una poblaci\u00f3n sana\u00bb, ha incidido Ruiz, qui\u00e9n ha destacado que \u00abno solo conocemos a todos los miembros de nuestra comunidad de referencia sino, tambi\u00e9n, sus problemas de salud; previenen y promocionan la atenci\u00f3n en la salud y no solo la atenci\u00f3n en la enfermedad, lo que beneficia directamente a la atenci\u00f3n hospitalaria\u00bb.<\/p>\n<p> Adem\u00e1s, dise\u00f1a y pone en marcha planes de cuidados adaptados a las caracter\u00edsticas de cada persona, seg\u00fan sus necesidades, con enfermedades de forma consensuada con el equipo de salud como diabetes, el EPOC, la obesidad, la hipertensi\u00f3n arterial entre otros. Colaboran en la formaci\u00f3n de las nuevas generaciones de alumnos del Grado de enfermer\u00eda y de los especialistas en formaci\u00f3n. Participan de forma activa en los diferentes proyectos de investigaci\u00f3n para poder brindar cuidados de calidad desde la mayor evidencia cient\u00edfica.<\/p>\n<p> Por todos estos motivos, \u00abla participaci\u00f3n activa de la Enfermer\u00eda Familiar y Comunitaria en la atenci\u00f3n primaria es esencial para garantizar una prestaci\u00f3n de calidad y un enfoque preventivo en la salud de las personas, adem\u00e1s de facilitar el acceso a los cuidados por parte de la poblaci\u00f3n, disminuyendo los costes sanitarios y obteniendo unos resultados en salud excelentes\u00bb, ha concluido la presidenta de Asanec.<\/p>\n<p> Asanec es la Asociaci\u00f3n Andaluza de Enfermer\u00eda Familiar y Comunitaria formada por enfermeras y enfermeros de toda la geograf\u00eda andaluza que, sin \u00e1nimo de lucro, trabajan por y para el desarrollo de la profesi\u00f3n.<\/p>\n<p> Asanec, como sociedad cient\u00edfica, persigue la mejora de la calidad asistencial en el \u00e1mbito comunitario desde la defensa de la sanidad p\u00fablica, influyendo y dialogando con las Administraciones. Entre sus fines se encuentra brindar formaci\u00f3n e investigaci\u00f3n en la pr\u00e1ctica de la enfermer\u00eda para ofrecer cuidados de calidad a la comunidad, as\u00ed como colaborar con otras sociedades cient\u00edficas y asociaciones para el mejor desarrollo de la profesi\u00f3n.<\/p>\n<p>\nContacto de Prensa: Arancha Ruiz \/ 600 90 54 82 <\/p>\n","protected":false},"excerpt":{"rendered":"<p>(Informaci\u00f3n remitida por la empresa firmante) HUELVA, 20 (EUROPA PRESS) M\u00e1s de 750 profesionales de Enfermer\u00eda Familiar y Comunitaria participar\u00e1n los pr\u00f3ximos 30 y 31 de mayo en el XV Congreso Internacional de la Asociaci\u00f3n Andaluza de Enfermer\u00eda Familiar y Comunitaria (Asanec), que se celebra en Punta Umbr\u00eda (Huelva) bajo el lema &#8216;Generar salud mediante [&hellip;]<\/p>\n","protected":false},"author":1,"featured_media":0,"comment_status":"closed","ping_status":"closed","sticky":false,"template":"","format":"standard","meta":{"footnotes":""},"categories":[2],"tags":[],"class_list":["post-52765","post","type-post","status-publish","format-standard","hentry","category-noticias"],"_links":{"self":[{"href":"https:\/\/webciudadana.net\/index.php?rest_route=\/wp\/v2\/posts\/52765","targetHints":{"allow":["GET"]}}],"collection":[{"href":"https:\/\/webciudadana.net\/index.php?rest_route=\/wp\/v2\/posts"}],"about":[{"href":"https:\/\/webciudadana.net\/index.php?rest_route=\/wp\/v2\/types\/post"}],"author":[{"embeddable":true,"href":"https:\/\/webciudadana.net\/index.php?rest_route=\/wp\/v2\/users\/1"}],"replies":[{"embeddable":true,"href":"https:\/\/webciudadana.net\/index.php?rest_route=%2Fwp%2Fv2%2Fcomments&post=52765"}],"version-history":[{"count":0,"href":"https:\/\/webciudadana.net\/index.php?rest_route=\/wp\/v2\/posts\/52765\/revisions"}],"wp:attachment":[{"href":"https:\/\/webciudadana.net\/index.php?rest_route=%2Fwp%2Fv2%2Fmedia&parent=52765"}],"wp:term":[{"taxonomy":"category","embeddable":true,"href":"https:\/\/webciudadana.net\/index.php?rest_route=%2Fwp%2Fv2%2Fcategories&post=52765"},{"taxonomy":"post_tag","embeddable":true,"href":"https:\/\/webciudadana.net\/index.php?rest_route=%2Fwp%2Fv2%2Ftags&post=52765"}],"curies":[{"name":"wp","href":"https:\/\/api.w.org\/{rel}","templated":true}]}}