{"id":52801,"date":"2024-05-21T10:31:01","date_gmt":"2024-05-21T08:31:01","guid":{"rendered":"https:\/\/ticker-noticiasep.microcontenidos.com\/NoticiaRSS.vbhtml?user=FRND562DLP&amp;cod=20240521103101"},"modified":"2024-05-21T10:31:01","modified_gmt":"2024-05-21T08:31:01","slug":"la-justicia-da-la-razon-a-garcia-carrion-frente-a-felix-solis","status":"publish","type":"post","link":"https:\/\/webciudadana.net\/?p=52801","title":{"rendered":"La justicia da la raz\u00f3n a Garc\u00eda-Carri\u00f3n frente a F\u00e9lix Sol\u00eds"},"content":{"rendered":"\n<div><img decoding=\"async\" src=\"https:\/\/img.europapress.es\/fotoweb\/fotonoticia_20240521103101_300.jpg\" class=\"ff-og-image-inserted\"><\/div>\n<p>(Informaci\u00f3n remitida por la empresa firmante)<\/p>\n<p>\nMadrid, 21 de mayo de 2024.-<\/p>\n<p>\nEl 14 de mayo el Juzgado de lo Mercantil N\u00ba 3 de Murcia ha dictado sentencia por la que ha desestimado, con expresa imposici\u00f3n de costas, la demanda interpuesta por F\u00e9lix Sol\u00eds contra Garc\u00eda Carri\u00f3n por la realizaci\u00f3n de una campa\u00f1a de publicidad comparativa. La sentencia concluye que dicha campa\u00f1a es perfectamente l\u00edcita, razonando que no existe imprecisi\u00f3n en la informaci\u00f3n utilizada en el anuncio.<\/p>\n<p> Garc\u00eda Carri\u00f3n es pionera en la realizaci\u00f3n de campa\u00f1as de publicidad comparativa, cuyos principales beneficiarios son los consumidores, a los que se les brinda informaci\u00f3n m\u00e1s transparente sobre los productos del mercado.<\/p>\n<p> Sobre Garc\u00eda-Carri\u00f3n<\/p>\n<p>\nLa familia Garc\u00eda-Carri\u00f3n, primera bodega de Europa y cuarta del mundo, tiene detr\u00e1s una gran tradici\u00f3n vitivin\u00edcola. A trav\u00e9s de cinco generaciones y durante m\u00e1s de 130 a\u00f1os trabaja a diario para buscar la excelencia y la mejor calidad de sus vinos, adem\u00e1s haci\u00e9ndolo de forma respetuosa con el medioambiente, priorizando en la elaboraci\u00f3n de los productos el uso de energ\u00edas renovables como la bioenerg\u00eda, el respeto a la biodiversidad, la creaci\u00f3n de trabajo estable y el uso de recursos naturales de forma responsable. Actualmente, la empresa exporta a m\u00e1s de 150 pa\u00edses, cuenta con vinos de prestigio en 10 Denominaciones de Origen y tiene acuerdos a largo plazo con m\u00e1s de 40.000 agricultores.<\/p>\n<p> Emisor: Garc\u00eda-Carri\u00f3n<\/p>\n<p>\nM\u00e1s informaci\u00f3n:<\/p>\n<p>\n91 &#8211; 435 55 56<\/p>\n<p>\ncomunicacion@jgc.es<\/p>\n","protected":false},"excerpt":{"rendered":"<p>(Informaci\u00f3n remitida por la empresa firmante) Madrid, 21 de mayo de 2024.- El 14 de mayo el Juzgado de lo Mercantil N\u00ba 3 de Murcia ha dictado sentencia por la que ha desestimado, con expresa imposici\u00f3n de costas, la demanda interpuesta por F\u00e9lix Sol\u00eds contra Garc\u00eda Carri\u00f3n por la realizaci\u00f3n de una campa\u00f1a de publicidad [&hellip;]<\/p>\n","protected":false},"author":1,"featured_media":0,"comment_status":"closed","ping_status":"closed","sticky":false,"template":"","format":"standard","meta":{"footnotes":""},"categories":[2],"tags":[],"class_list":["post-52801","post","type-post","status-publish","format-standard","hentry","category-noticias"],"_links":{"self":[{"href":"https:\/\/webciudadana.net\/index.php?rest_route=\/wp\/v2\/posts\/52801","targetHints":{"allow":["GET"]}}],"collection":[{"href":"https:\/\/webciudadana.net\/index.php?rest_route=\/wp\/v2\/posts"}],"about":[{"href":"https:\/\/webciudadana.net\/index.php?rest_route=\/wp\/v2\/types\/post"}],"author":[{"embeddable":true,"href":"https:\/\/webciudadana.net\/index.php?rest_route=\/wp\/v2\/users\/1"}],"replies":[{"embeddable":true,"href":"https:\/\/webciudadana.net\/index.php?rest_route=%2Fwp%2Fv2%2Fcomments&post=52801"}],"version-history":[{"count":0,"href":"https:\/\/webciudadana.net\/index.php?rest_route=\/wp\/v2\/posts\/52801\/revisions"}],"wp:attachment":[{"href":"https:\/\/webciudadana.net\/index.php?rest_route=%2Fwp%2Fv2%2Fmedia&parent=52801"}],"wp:term":[{"taxonomy":"category","embeddable":true,"href":"https:\/\/webciudadana.net\/index.php?rest_route=%2Fwp%2Fv2%2Fcategories&post=52801"},{"taxonomy":"post_tag","embeddable":true,"href":"https:\/\/webciudadana.net\/index.php?rest_route=%2Fwp%2Fv2%2Ftags&post=52801"}],"curies":[{"name":"wp","href":"https:\/\/api.w.org\/{rel}","templated":true}]}}