{"id":52804,"date":"2024-05-21T12:16:32","date_gmt":"2024-05-21T10:16:32","guid":{"rendered":"https:\/\/ticker-noticiasep.microcontenidos.com\/NoticiaRSS.vbhtml?user=FRND562DLP&amp;cod=20240521121632"},"modified":"2024-05-21T12:16:32","modified_gmt":"2024-05-21T10:16:32","slug":"squirrel-media-adquiere-iki-group","status":"publish","type":"post","link":"https:\/\/webciudadana.net\/?p=52804","title":{"rendered":"Squirrel Media adquiere IKI Group"},"content":{"rendered":"\n<div><img decoding=\"async\" src=\"https:\/\/img.europapress.es\/fotoweb\/fotonoticia_20240521121632_300.jpg\" class=\"ff-og-image-inserted\"><\/div>\n<p>(Informaci\u00f3n remitida por la empresa firmante)<\/p>\n<p>\nSquirrel Media adquiere IKI Group, duplica su volumen de negocio y convierte su vertical de publicidad en el l\u00edder del mercado independiente espa\u00f1ol<\/p>\n<p>\nMadrid, 21 de mayo de 2024.- La adquisici\u00f3n posiciona a Squirrel Media como el principal Grupo publicitario independiente espa\u00f1ol en t\u00e9rminos de volumen de negocio, con una facturaci\u00f3n que este a\u00f1o superar\u00e1 -solo en Espa\u00f1a- los 140 millones de euros.<\/p>\n<p> Esta operaci\u00f3n -la m\u00e1s importante en la industria publicitaria espa\u00f1ola en la \u00faltima d\u00e9cada- supone la integraci\u00f3n de la principal agencia independiente en el mercado espa\u00f1ol dentro del \u00e1rea de Publicidad de Grupo Squirrel, que se convierte*as\u00ed en el l\u00edder indiscutible del mercado independiente espa\u00f1ol<\/p>\n<p>\nEs de destacar la permanencia de sus fundadores: Jordi Calvet y Manel Urquijo, de reconocido y constatado prestigio, que permanecer\u00e1n, m\u00e1s de 130 empleados- aportando su dilatada experiencia.<\/p>\n<p> \u00abEstamos comprometidos con nuestro objetivo de liderar el mercado y esta adquisici\u00f3n es un paso clave hacia la mejora de nuestro posicionamiento global en el sector de Publicidad\u00bb, coment\u00f3 Pablo Pereiro Lage de Squirrel Media. \u00abIKI Group es conocida por su enfoque innovador y su calidad en el servicio al cliente, y estamos entusiasmados de integrar sus capacidades en nuestra estructura\u00bb.<\/p>\n<p> Por parte de IKI Group, Jordi Calvet y Manel Urquijo: \u00abUnirse a Squirrel Media no solo ampl\u00eda nuestras capacidades y recursos, sino que tambi\u00e9n nos abre puertas a nuevas oportunidades y desaf\u00edos. Estamos emocionados por las sinergias ya existentes, por todas aquellas que estamos seguros vamos a crear juntos y por el gran impacto positivo que esto tendr\u00e1 para nuestros clientes\u00bb.<\/p>\n<p> Esta integraci\u00f3n supone para IKI Group ampliar y mejorar -a\u00fan m\u00e1s- la relevante y rica oferta de servicios y productos que actualmente presta a todos sus clientes, con una importante oferta internacional gracias a la presencia de Squirrel Media en m\u00e1s de tres continentes y a las m\u00faltiples sinergias existentes gracias al posicionamiento de liderazgo del Grupo en el resto de verticales como Contenido, Medios y Tecnolog\u00eda (TMT).<\/p>\n<p> As\u00ed y como referido, destacar las importantes sinergias que se crean en relaci\u00f3n al \u00e1rea de Contenido del Grupo, al adicionarse de forma inmediata a la actual oferta todos los productos\/IPs propios y las capacidades de distribuci\u00f3n y producci\u00f3n de contenidos de todas las compa\u00f1\u00edas de Squirrel (de amplia relevancia en el sector a nivel nacional e internacional: V\u00e9rtice360\u00ba, Grupo Ganga, Tactic Audivisual, La nueva TV, Comercial TV, BF Distribuci\u00f3n, DMD Media y Mondo TV).<\/p>\n<p> A estas capacidades hay que a\u00f1adir las sinergias derivadas del \u00e1rea Tecnol\u00f3gica, entre ellas, la de la \u00faltima integraci\u00f3n: Design Thinking Sweden (DTSWE) que ayudar\u00e1n a consolidar la transformaci\u00f3n Digital, la innovaci\u00f3n brindando sus servicios en Inteligencia Artificial, Web 4.0, blockchain y VR, entre otros.<\/p>\n<p> Cabe indicar que las compa\u00f1\u00edas adquiridas arrojaron un cierre consolidado auditado el pasado ejercicio 2023 de unos 93 millones de euros de facturaci\u00f3n. Con esta operaci\u00f3n, los datos proforma agregados auditados en el \u00e1rea de la publicidad de la compa\u00f1\u00eda (a 31 de diciembre del 2023) son superiores a los 125 millones de euros de facturaci\u00f3n, y los datos proforma agregados auditados del Grupo Squirrel Media (a 31 de diciembre del 2023) son superiores a los 222 millones de euros de facturaci\u00f3n.<\/p>\n<p> Contacto<\/p>\n<p>\nNombre contacto: Joaqu\u00edn Fit\u00e9<\/p>\n<p>\nDescripci\u00f3n contacto: Managing Director<\/p>\n<p>\nTel\u00e9fono de contacto: 676840846<\/p>\n","protected":false},"excerpt":{"rendered":"<p>(Informaci\u00f3n remitida por la empresa firmante) Squirrel Media adquiere IKI Group, duplica su volumen de negocio y convierte su vertical de publicidad en el l\u00edder del mercado independiente espa\u00f1ol Madrid, 21 de mayo de 2024.- La adquisici\u00f3n posiciona a Squirrel Media como el principal Grupo publicitario independiente espa\u00f1ol en t\u00e9rminos de volumen de negocio, con [&hellip;]<\/p>\n","protected":false},"author":1,"featured_media":0,"comment_status":"closed","ping_status":"closed","sticky":false,"template":"","format":"standard","meta":{"footnotes":""},"categories":[2],"tags":[],"class_list":["post-52804","post","type-post","status-publish","format-standard","hentry","category-noticias"],"_links":{"self":[{"href":"https:\/\/webciudadana.net\/index.php?rest_route=\/wp\/v2\/posts\/52804","targetHints":{"allow":["GET"]}}],"collection":[{"href":"https:\/\/webciudadana.net\/index.php?rest_route=\/wp\/v2\/posts"}],"about":[{"href":"https:\/\/webciudadana.net\/index.php?rest_route=\/wp\/v2\/types\/post"}],"author":[{"embeddable":true,"href":"https:\/\/webciudadana.net\/index.php?rest_route=\/wp\/v2\/users\/1"}],"replies":[{"embeddable":true,"href":"https:\/\/webciudadana.net\/index.php?rest_route=%2Fwp%2Fv2%2Fcomments&post=52804"}],"version-history":[{"count":0,"href":"https:\/\/webciudadana.net\/index.php?rest_route=\/wp\/v2\/posts\/52804\/revisions"}],"wp:attachment":[{"href":"https:\/\/webciudadana.net\/index.php?rest_route=%2Fwp%2Fv2%2Fmedia&parent=52804"}],"wp:term":[{"taxonomy":"category","embeddable":true,"href":"https:\/\/webciudadana.net\/index.php?rest_route=%2Fwp%2Fv2%2Fcategories&post=52804"},{"taxonomy":"post_tag","embeddable":true,"href":"https:\/\/webciudadana.net\/index.php?rest_route=%2Fwp%2Fv2%2Ftags&post=52804"}],"curies":[{"name":"wp","href":"https:\/\/api.w.org\/{rel}","templated":true}]}}