{"id":52819,"date":"2024-05-21T16:00:50","date_gmt":"2024-05-21T14:00:50","guid":{"rendered":"https:\/\/ticker-noticiasep.microcontenidos.com\/NoticiaRSS.vbhtml?user=FRND562DLP&amp;cod=20240521160050"},"modified":"2024-05-21T16:00:50","modified_gmt":"2024-05-21T14:00:50","slug":"mundo-berite-labelle-nueva-musa-de-balmain-confirma-su-presencia-en-el-festival-de-cannes","status":"publish","type":"post","link":"https:\/\/webciudadana.net\/?p=52819","title":{"rendered":"Mundo: Berite Labelle, nueva musa de Balmain, confirma su presencia en el Festival de Cannes"},"content":{"rendered":"\n<div><img decoding=\"async\" src=\"https:\/\/img.europapress.es\/fotoweb\/fotonoticia_20240521160050_300.jpg\" class=\"ff-og-image-inserted\"><\/div>\n<p>(Informaci\u00f3n remitida por la empresa firmante)<\/p>\n<p>\nCANNES, Francia, 21 de mayo, 2024 \/PRNewswire\/ &#8212; La modelo y actriz Berite Labelle, rostro de la nueva campa\u00f1a Balmain Hair, acaba de llegar a la Croisette para el Festival de Cine de 2024.<\/p>\n<p> Esta espectacular belleza fue elegida por Balmain para encarnar la nueva campa\u00f1a global de la casa francesa, con motivo del 50 aniversario de la gama de cuidado del cabello.<\/p>\n<p> Su carrera como modelo no le impide perseguir sus objetivos en el cine. El sue\u00f1o de toda la vida de Berite de convertirse en actriz se ha hecho realidad desde que se mud\u00f3 a Estados Unidos en 2019, tras obtener una beca parcial para el programa del Conservatorio de la Academia de Cine de Nueva York en Los \u00c1ngeles. Actualmente contin\u00faa su carrera como modelo y actriz y rueda su primer largometraje en Ruman\u00eda.<\/p>\n<p> Ahora radicada en Suiza, es ante todo una mujer de mundo: Berite naci\u00f3 en Tiraspol, Moldavia. A los cuatro a\u00f1os se mud\u00f3 a Bosnia y luego a Alemania antes de aterrizar en Ginebra, Suiza, a los seis a\u00f1os. Amante de los idiomas desde siempre, habla ruso, franc\u00e9s e ingl\u00e9s con fluidez, con conocimientos pr\u00e1cticos de espa\u00f1ol, italiano y \u00e1rabe.<\/p>\n<p> Este talento para comunicarse en varios dialectos es un rasgo que comparte con su difunto padre, Moise Neroum Ngadande, que hablaba siete idiomas y era originario de Chad, \u00c1frica. Su trabajo viajando por el mundo para las Naciones Unidas despert\u00f3 su propio sentido de aventura. https:\/\/www.beritelabelle.com<\/p>\n<p>\nLabelle tambi\u00e9n tendr\u00e1 algunas actividades empresariales muy interesantes que se dar\u00e1n a conocer en 2025 que incluyen, entre otras, una productora de cine y televisi\u00f3n llamada HARD Productions LLC con su socio comercial en Los \u00c1ngeles.<\/p>\n<p>\n\u00a1Una personalidad singular y una belleza sublime que encontraremos en Cannes y una carrera que definitivamente seguiremos!<\/p>\n<p>\nHARD PRODUCTIONS LLC es una empresa de producci\u00f3n con sede en Delaware. La atenci\u00f3n se centra en la narraci\u00f3n significativa en el cine y la televisi\u00f3n.<\/p>\n<p> Contacto de la directiva:<\/p>\n<p>\nTracy Paul<\/p>\n<p>\nTracy Paul &amp; Company Inc<\/p>\n<p>\nTracy@TracyPaul.com<\/p>\n<p>\nFoto &#8212; https:\/\/mma.prnewswire.com\/media\/2410856\/Berite_Labelle_Cannes.jpg<\/p>\n<p>\nFoto &#8212; https:\/\/mma.prnewswire.com\/media\/2410857\/Berite_Labelle_Cannes_presence.jpg<\/p>\n<p>\nFoto &#8212; https:\/\/mma.prnewswire.com\/media\/2410858\/Alexandra_Alva.jpg<\/p>\n<p>\nFoto &#8212; https:\/\/mma.prnewswire.com\/media\/2410859\/Berite_Labelle.jpg<\/p>\n<p> View original content:https:\/\/www.prnewswire.com\/news-releases\/berite-labelle-nueva-musa-de-balmain-confirma-su-presencia-en-el-festival-de-cannes-302144445.html<\/p>\n","protected":false},"excerpt":{"rendered":"<p>(Informaci\u00f3n remitida por la empresa firmante) CANNES, Francia, 21 de mayo, 2024 \/PRNewswire\/ &#8212; La modelo y actriz Berite Labelle, rostro de la nueva campa\u00f1a Balmain Hair, acaba de llegar a la Croisette para el Festival de Cine de 2024. Esta espectacular belleza fue elegida por Balmain para encarnar la nueva campa\u00f1a global de la [&hellip;]<\/p>\n","protected":false},"author":1,"featured_media":0,"comment_status":"closed","ping_status":"closed","sticky":false,"template":"","format":"standard","meta":{"footnotes":""},"categories":[2],"tags":[],"class_list":["post-52819","post","type-post","status-publish","format-standard","hentry","category-noticias"],"_links":{"self":[{"href":"https:\/\/webciudadana.net\/index.php?rest_route=\/wp\/v2\/posts\/52819","targetHints":{"allow":["GET"]}}],"collection":[{"href":"https:\/\/webciudadana.net\/index.php?rest_route=\/wp\/v2\/posts"}],"about":[{"href":"https:\/\/webciudadana.net\/index.php?rest_route=\/wp\/v2\/types\/post"}],"author":[{"embeddable":true,"href":"https:\/\/webciudadana.net\/index.php?rest_route=\/wp\/v2\/users\/1"}],"replies":[{"embeddable":true,"href":"https:\/\/webciudadana.net\/index.php?rest_route=%2Fwp%2Fv2%2Fcomments&post=52819"}],"version-history":[{"count":0,"href":"https:\/\/webciudadana.net\/index.php?rest_route=\/wp\/v2\/posts\/52819\/revisions"}],"wp:attachment":[{"href":"https:\/\/webciudadana.net\/index.php?rest_route=%2Fwp%2Fv2%2Fmedia&parent=52819"}],"wp:term":[{"taxonomy":"category","embeddable":true,"href":"https:\/\/webciudadana.net\/index.php?rest_route=%2Fwp%2Fv2%2Fcategories&post=52819"},{"taxonomy":"post_tag","embeddable":true,"href":"https:\/\/webciudadana.net\/index.php?rest_route=%2Fwp%2Fv2%2Ftags&post=52819"}],"curies":[{"name":"wp","href":"https:\/\/api.w.org\/{rel}","templated":true}]}}