{"id":52837,"date":"2024-05-22T10:02:27","date_gmt":"2024-05-22T08:02:27","guid":{"rendered":"https:\/\/ticker-noticiasep.microcontenidos.com\/NoticiaRSS.vbhtml?user=FRND562DLP&amp;cod=20240522100227"},"modified":"2024-05-22T10:02:27","modified_gmt":"2024-05-22T08:02:27","slug":"sociedad-vallsur-instala-su-primer-punto-permanente-de-bookcrossing","status":"publish","type":"post","link":"https:\/\/webciudadana.net\/?p=52837","title":{"rendered":"Sociedad: Vallsur instala su primer punto permanente de bookcrossing"},"content":{"rendered":"\n<div><img decoding=\"async\" src=\"https:\/\/img.europapress.es\/fotoweb\/fotonoticia_20240522100227_300.jpg\" class=\"ff-og-image-inserted\"><\/div>\n<p>(Informaci\u00f3n remitida por la empresa firmante)<\/p>\n<p> \u00b7 El centro comercial vallisoletano ha inaugurado un espacio de intercambio de libros de forma gratuita que tiene como objetivo fomentar la lectura y la cultura<\/p>\n<p> \u00b7 Con motivo de esta iniciativa, Vallsur ha puesto en marcha un ciclo de cuentacuentos, historias y presentaciones de libros, de la mano de distintos autores de Valladolid<\/p>\n<p> Valladolid, 22 de mayo de 2024.- Vallsur ha instalado su primer punto permanente de bookcrossing, un espacio de intercambio de libros que tiene como objetivo fomentar la lectura y la cultura, facilitando el acceso de forma gratuita a numerosos ejemplares.<\/p>\n<p> A trav\u00e9s de esta pr\u00e1ctica, muy extendida en la actualidad, en esta &#8216;cabina de teletransportaci\u00f3n&#8217; que acaba de inaugurar Vallsur, se pone a disposici\u00f3n de los visitantes la posibilidad de coger el libro que m\u00e1s les guste, a cambio de dejar otro. Esta f\u00f3rmula supone tambi\u00e9n un impulso a la econom\u00eda circular, dando una nueva vida a los ejemplares.<\/p>\n<p> En este punto de bookcrossing, ubicado en la primera planta, se podr\u00e1n encontrar libros de diferentes g\u00e9neros, desde novelas o relatos cortos, hasta cuentos infantiles y literatura juvenil, entre otros. Adem\u00e1s de las aportaciones realizadas por el propio centro comercial, tambi\u00e9n se ha sumado a las donaciones la librer\u00eda La Perecquiana, para que los visitantes puedan disfrutar de nuevas lecturas.<\/p>\n<p> Con motivo de esta iniciativa, Vallsur llevar\u00e1 a cabo un ciclo de cuentacuentos, historias y presentaciones de libros de la mano de distintos autores de Valladolid, que tendr\u00e1n lugar en este nuevo espacio. \u00abA trav\u00e9s de esta cabina de teletransportaci\u00f3n queremos dar la oportunidad a los clientes de Vallsur de disfrutar de la lectura como medio de transporte a cualquier lugar, donde el \u00fanico precio del billete sea dejar un libro y que cojan el que m\u00e1s les guste. Adem\u00e1s, queremos que sea un espacio din\u00e1mico y cultural y por eso contaremos durante las pr\u00f3ximas semanas con las voces de escritores de la ciudad para inaugurar este espacio\u00bb, explica Pablo P\u00e9rez, gerente de Vallsur.<\/p>\n<p> De esta forma y para comenzar, el pr\u00f3ximo d\u00eda 25 de mayo, la periodista y escritora Esther Bermejo presentar\u00e1 su nuevo cuento infantil &#8216;Universo Marina&#8217;, una publicaci\u00f3n dirigida a ni\u00f1os y ni\u00f1as a partir de 6 a\u00f1os con preciosas ilustraciones y que cuenta son su propia banda sonora y coreograf\u00eda para que los m\u00e1s peque\u00f1os puedan escuchar, cantar y bailar.<\/p>\n<p> A continuaci\u00f3n, el 30 de mayo, la maestra y psicopedagoga, Roc\u00edo Tolosa P\u00e9rez, presentar\u00e1 su primer cuento, &#8216;\u00c9rase una vez* Violeta, la sirena inquieta&#8217;, un cuento pensado para los peque\u00f1os lectores, pero cuyas ense\u00f1anzas son trasferibles a todas las edades, y que ir\u00e1 acompa\u00f1ado de un teatro y la m\u00fasica de su ukelele.<\/p>\n<p> Posteriormente, el d\u00eda 14 de junio, la escritora Sandra Velasco Mart\u00edn llevar\u00e1 a los adultos a un mundo de suspense y terror con su novela &#8216;Lilith Femme Fatale&#8217;, dando a conocer una inquietante y misteriosa historia. Por su parte, el 15 de junio, la autora Marta Azcona, ser\u00e1 la encargada de ejercer de cuentacuentos a los m\u00e1s peque\u00f1os y concienciar sobre el reciclaje de la mano de su libro &#8216;Historias de gatos que reciclan&#8217;. Y, por \u00faltimo, el d\u00eda 21 de junio, el escritor Alberto S\u00e1nchez pondr\u00e1 el broche de oro a este ciclo con su cuentacuentos &#8216;El viaje de Nimboo&#8217;, una historia que refuerza valores como el esfuerzo, la amistad y la familia.<\/p>\n<p> Sobre Vallsur &#8211; www.vallsur.com <\/p>\n<p> Desde su apertura, el centro comercial Vallsur, gestionado por CBRE REAL ESTATE, se ha convertido en un referente en la ciudad de Valladolid. Con una superficie de 35.160 m2, m\u00e1s de 90 tiendas y 2.000 plazas de aparcamiento, el centro pone a disposici\u00f3n de sus clientes una gran oferta de servicios cuyo objetivo es satisfacer todas sus necesidades. Adem\u00e1s, Vallsur tiene una clara pol\u00edtica de compromiso en el medio ambiente, tal y como demuestra su sistema de gesti\u00f3n ambiental de acuerdo a la normativa ISO 14001:2004.<\/p>\n<p> Para m\u00e1s informaci\u00f3n o gesti\u00f3n de entrevistas: <\/p>\n<p> europa press Comunicaci\u00f3n &#8211; 91 359 26 00 <\/p>\n<p> LETICIA G\u00d3MEZ &#8211; leticiagomez@europapress.es<\/p>\n<p> SILVIA MULLOR &#8211; silviamullor@europapress.es <\/p>\n","protected":false},"excerpt":{"rendered":"<p>(Informaci\u00f3n remitida por la empresa firmante) \u00b7 El centro comercial vallisoletano ha inaugurado un espacio de intercambio de libros de forma gratuita que tiene como objetivo fomentar la lectura y la cultura \u00b7 Con motivo de esta iniciativa, Vallsur ha puesto en marcha un ciclo de cuentacuentos, historias y presentaciones de libros, de la mano [&hellip;]<\/p>\n","protected":false},"author":1,"featured_media":0,"comment_status":"closed","ping_status":"closed","sticky":false,"template":"","format":"standard","meta":{"footnotes":""},"categories":[2],"tags":[],"class_list":["post-52837","post","type-post","status-publish","format-standard","hentry","category-noticias"],"_links":{"self":[{"href":"https:\/\/webciudadana.net\/index.php?rest_route=\/wp\/v2\/posts\/52837","targetHints":{"allow":["GET"]}}],"collection":[{"href":"https:\/\/webciudadana.net\/index.php?rest_route=\/wp\/v2\/posts"}],"about":[{"href":"https:\/\/webciudadana.net\/index.php?rest_route=\/wp\/v2\/types\/post"}],"author":[{"embeddable":true,"href":"https:\/\/webciudadana.net\/index.php?rest_route=\/wp\/v2\/users\/1"}],"replies":[{"embeddable":true,"href":"https:\/\/webciudadana.net\/index.php?rest_route=%2Fwp%2Fv2%2Fcomments&post=52837"}],"version-history":[{"count":0,"href":"https:\/\/webciudadana.net\/index.php?rest_route=\/wp\/v2\/posts\/52837\/revisions"}],"wp:attachment":[{"href":"https:\/\/webciudadana.net\/index.php?rest_route=%2Fwp%2Fv2%2Fmedia&parent=52837"}],"wp:term":[{"taxonomy":"category","embeddable":true,"href":"https:\/\/webciudadana.net\/index.php?rest_route=%2Fwp%2Fv2%2Fcategories&post=52837"},{"taxonomy":"post_tag","embeddable":true,"href":"https:\/\/webciudadana.net\/index.php?rest_route=%2Fwp%2Fv2%2Ftags&post=52837"}],"curies":[{"name":"wp","href":"https:\/\/api.w.org\/{rel}","templated":true}]}}