{"id":52857,"date":"2024-05-22T13:38:12","date_gmt":"2024-05-22T11:38:12","guid":{"rendered":"https:\/\/ticker-noticiasep.microcontenidos.com\/NoticiaRSS.vbhtml?user=FRND562DLP&amp;cod=20240522133812"},"modified":"2024-05-22T13:38:12","modified_gmt":"2024-05-22T11:38:12","slug":"sociedad-la-transicion-energetica-a-examen-en-el-campo-de-gibraltar","status":"publish","type":"post","link":"https:\/\/webciudadana.net\/?p=52857","title":{"rendered":"Sociedad: La transici\u00f3n energ\u00e9tica a examen en el Campo de Gibraltar"},"content":{"rendered":"\n<div><img decoding=\"async\" src=\"https:\/\/img.europapress.es\/fotoweb\/fotonoticia_20240522133812_300.jpg\" class=\"ff-og-image-inserted\"><\/div>\n<p>(Informaci\u00f3n remitida por la empresa firmante)<\/p>\n<p>\nOrganizado por Grupo \u00c1rea Comunicaci\u00f3n, el II Foro Medioambiental &#8216;Naturacci\u00f3n&#8217; re\u00fane a emprendedores, inversores y profesionales del mundo empresarial<\/p>\n<p>\nAlgeciras, 22 de mayo de 2024.- El futuro se vestir\u00e1 de verde con la llegada del hidr\u00f3geno a la comunidad aut\u00f3noma andaluza y con \u00e9l, una serie de retos que tiene por delante uno de los principales polos industriales de Andaluc\u00eda, el del Campo de Gibraltar. Todo est\u00e1 ya a punto para que, este pr\u00f3ximo jueves, 23 de mayo, representantes de las principales empresas de la zona de la mano de la Asociaci\u00f3n de Grandes Industrias del Campo de Gibraltar y la C\u00e1mara de Comercio intercambien experiencias que fomenten la innovaci\u00f3n. Ese es el objetivo del II Foro Medioambiental &#8216;Naturacci\u00f3n&#8217; que se celebra en Algeciras y con el foco puesto en el reto que plantea la transici\u00f3n energ\u00e9tica en los pr\u00f3ximos a\u00f1os.<\/p>\n<p> Organizado por Grupo \u00c1rea Comunicaci\u00f3n, estos encuentros reunir\u00e1n a emprendedores, inversores y profesionales del mundo empresarial, promoviendo la colaboraci\u00f3n entre las empresas y su puesta en valor.<\/p>\n<p> El evento tendr\u00e1 lugar en la Escuela T\u00e9cnica Superior de Ingenier\u00eda de Algeciras con la presencia de Pablo G\u00f3mez Padr\u00f3n, CEO de Grupo \u00c1rea Comunicaci\u00f3n, el alcalde de esta localidad, Jos\u00e9 Ignacio Landaluce y una ponencia del alcalde de Estepona, Jos\u00e9 Mar\u00eda Garc\u00eda Urbano y su modelo de &#8216;ciudad sostenible&#8217;. Un municipio con el eje central en la importante transformaci\u00f3n urbana que ha experimentado la localidad costasole\u00f1a en estos \u00faltimos a\u00f1os.<\/p>\n<p> A continuaci\u00f3n se desarrollar\u00e1 la primera de las Mesas de debate bajo el t\u00edtulo &#8216;Andaluc\u00eda como fuente de energ\u00edas renovables&#8217; moderada por la C\u00e1mara de Comercio del Campo de Gibraltar, y contar\u00e1 con la participaci\u00f3n de Rafael Caba\u00f1eros, Director de Desarrollo de Proyectos y Ejecuci\u00f3n de la Unidad de Hidr\u00f3geno de EDP en Espa\u00f1a; Jes\u00fas Varela, Responsable de Desarrollo de Proyectos Renovables en Andaluc\u00eda de Naturgy y por parte de Opera Green, Isa\u00edas Vicente, Director t\u00e9cnico y de desarrollo.<\/p>\n<p> Con posterioridad, tras un peque\u00f1o receso para poder conversar, tendr\u00e1 lugar la*segunda de las mesas previstas en este importante encuentro empresarial. El presidente de la Autoridad Portuaria Bah\u00eda de Algeciras, Gerardo Landaluce Calleja; Fernando Monasterio, Business Development &amp; Commercial Manager &#8211; H2 &amp; Derivatives de EXOLUM; Rosendo Rivero, Director del Parque Energ\u00e9tico San Roque de Cepsa y Luis Carlos Rodrigo Mata, Director Fabrica INDORAMA VENTURES QU\u00cdMICA, se centrar\u00e1n en las estrategias energ\u00e9ticas renovables a corto, medio y largo plazo.<\/p>\n<p> Y junto a las empresas, habr\u00e1 tambi\u00e9n representaci\u00f3n de la Junta de Andaluc\u00eda. Ser\u00e1 el Consejero de Industria, Energ\u00eda y Minas, D. Jorge Paradela Guti\u00e9rrez quien clausure el II Foro &#8216;Naturacci\u00f3n&#8217; donde las empresas m\u00e1s potentes del sector abordan los ambiciosos retos energ\u00e9ticos para un futuro que cada vez est\u00e1 m\u00e1s cerca.<\/p>\n<p> Contacto<\/p>\n<p>\nNombre contacto: Jos\u00e9 Luis<\/p>\n<p>\nDescripci\u00f3n contacto: Grupo \u00c1rea Comunicaci\u00f3n \/ Dircom<\/p>\n<p>\nTel\u00e9fono de contacto: 616412535<\/p>\n","protected":false},"excerpt":{"rendered":"<p>(Informaci\u00f3n remitida por la empresa firmante) Organizado por Grupo \u00c1rea Comunicaci\u00f3n, el II Foro Medioambiental &#8216;Naturacci\u00f3n&#8217; re\u00fane a emprendedores, inversores y profesionales del mundo empresarial Algeciras, 22 de mayo de 2024.- El futuro se vestir\u00e1 de verde con la llegada del hidr\u00f3geno a la comunidad aut\u00f3noma andaluza y con \u00e9l, una serie de retos que [&hellip;]<\/p>\n","protected":false},"author":1,"featured_media":0,"comment_status":"closed","ping_status":"closed","sticky":false,"template":"","format":"standard","meta":{"footnotes":""},"categories":[2],"tags":[],"class_list":["post-52857","post","type-post","status-publish","format-standard","hentry","category-noticias"],"_links":{"self":[{"href":"https:\/\/webciudadana.net\/index.php?rest_route=\/wp\/v2\/posts\/52857","targetHints":{"allow":["GET"]}}],"collection":[{"href":"https:\/\/webciudadana.net\/index.php?rest_route=\/wp\/v2\/posts"}],"about":[{"href":"https:\/\/webciudadana.net\/index.php?rest_route=\/wp\/v2\/types\/post"}],"author":[{"embeddable":true,"href":"https:\/\/webciudadana.net\/index.php?rest_route=\/wp\/v2\/users\/1"}],"replies":[{"embeddable":true,"href":"https:\/\/webciudadana.net\/index.php?rest_route=%2Fwp%2Fv2%2Fcomments&post=52857"}],"version-history":[{"count":0,"href":"https:\/\/webciudadana.net\/index.php?rest_route=\/wp\/v2\/posts\/52857\/revisions"}],"wp:attachment":[{"href":"https:\/\/webciudadana.net\/index.php?rest_route=%2Fwp%2Fv2%2Fmedia&parent=52857"}],"wp:term":[{"taxonomy":"category","embeddable":true,"href":"https:\/\/webciudadana.net\/index.php?rest_route=%2Fwp%2Fv2%2Fcategories&post=52857"},{"taxonomy":"post_tag","embeddable":true,"href":"https:\/\/webciudadana.net\/index.php?rest_route=%2Fwp%2Fv2%2Ftags&post=52857"}],"curies":[{"name":"wp","href":"https:\/\/api.w.org\/{rel}","templated":true}]}}