{"id":52868,"date":"2024-05-22T15:56:34","date_gmt":"2024-05-22T13:56:34","guid":{"rendered":"https:\/\/ticker-noticiasep.microcontenidos.com\/NoticiaRSS.vbhtml?user=FRND562DLP&amp;cod=20240522155634"},"modified":"2024-05-22T15:56:34","modified_gmt":"2024-05-22T13:56:34","slug":"sociedad-el-dr-manuel-de-la-pena-pone-de-ejemplo-a-jeanne-calment-como-modelo-de-resistencia-al-envejecimiento","status":"publish","type":"post","link":"https:\/\/webciudadana.net\/?p=52868","title":{"rendered":"Sociedad: El Dr. Manuel de la Pe\u00f1a pone de ejemplo a Jeanne Calment como modelo de resistencia al envejecimiento"},"content":{"rendered":"\n<div><img decoding=\"async\" src=\"https:\/\/img.europapress.es\/fotoweb\/fotonoticia_20240522155634_300.jpg\" class=\"ff-og-image-inserted\"><\/div>\n<p>(Informaci\u00f3n remitida por la empresa firmante)<\/p>\n<p>\nJeanne Calment es un mito en Francia por batir el r\u00e9cord Guiness al llegar a la edad de 122 a\u00f1os y 164 d\u00edas. Naci\u00f3 el 21 de febrero de 1875 y falleci\u00f3 el 4 de agosto de 1997. Creci\u00f3 en el seno de una familia burguesa en el sur de Francia, conoci\u00f3 a Vincent Van Gogh, y observ\u00f3 c\u00f3mo se constru\u00eda La Torre Eiffel<\/p>\n<p>\nMadrid, 22 de mayo de 2024.- En opini\u00f3n del doctor Manuel de la Pe\u00f1a, reputado acad\u00e9mico, director de la c\u00e1tedra del coraz\u00f3n y longevidad y Presidente del Instituto Europeo de Salud y Bienestar Social, su estilo de vida larga y saludable desaf\u00eda los l\u00edmites conocidos del envejecimiento y representa un valioso modelo de estudio sobre la longevidad y la buena salud en las etapas avanzadas de la vida. Entre sus costumbres sanas destaca que practic\u00f3 esgrima hasta los 85 a\u00f1os y pudo montar en bicicleta hasta los 100 a\u00f1os.<\/p>\n<p> Tambi\u00e9n camin\u00f3 sin necesidad de usar bast\u00f3n hasta los 114 a\u00f1os y beb\u00eda una copa de vino todos los d\u00edas en las comidas. Calment tambi\u00e9n tomaba aceite de oliva en casi todo lo que com\u00eda y le gustaba mucho el chocolate. Sab\u00eda mucho de cocina, arte y danza. Asimismo, ten\u00eda una gran vida social. Se pasaba la mayor parte del tiempo asistiendo a actos sociales y conociendo gente nueva, sobre todo porque \u00abla gente organizaba bailes en casa\u00bb. Dispon\u00eda de mucho tiempo libre, no ten\u00eda excesivas preocupaciones ni tampoco aprietos econ\u00f3micos.<\/p>\n<p> El profesor De la Pe\u00f1a est\u00e1 plenamente convencido que todas sus buenas costumbres han influido positivamente en su larga vida y que adem\u00e1s resulta obvio que era portadora de variantes gen\u00e9ticas asociadas a la longevidad. Un s\u00edmbolo de longevidad que traspasa fronteras y despierta la admiraci\u00f3n e inspiraci\u00f3n de todo aquel que conozca su historia.<\/p>\n<p> El doctor est\u00e1 realizando un admirable tour de entrevistas cl\u00ednicas a supercentenarios y centenarios en los cuales ha recogido el testimonio de Josefa Navas, de 107 a\u00f1os, Servando Palac\u00edn de 109 a\u00f1os, Engraciano Gonz\u00e1lez de 109 a\u00f1os y Teodora Cea de 112 a\u00f1os, entre otros.<\/p>\n<p> Todas estas investigaciones y testimonios, se recogen en la &#8216;Gu\u00eda para vivir sanos 120 a\u00f1os&#8217;, escrita por el doctor De la Pe\u00f1a y que va a lanzar la editorial Vergara (Penguin Random*House).<\/p>\n<p> De la Pe\u00f1a, adem\u00e1s de profesor de cardiolog\u00eda y acad\u00e9mico, es doctor Cum Laude y escritor. Ha sido distinguido con varios premios como la Insignia de Oro de la Asociaci\u00f3n de Pacientes Coronarios (APACOR) y con la Medalla de Bronce de la Sociedad de Estudios Internacionales (SEI).<\/p>\n<p> El Instituto Europeo de Salud y Bienestar Social es una instituci\u00f3n independiente, donde han participado Premios Nobel, ministros de distintos signos pol\u00edticos y diputados del Parlamento Europeo, entre otros.<\/p>\n<p> Contacto<\/p>\n<p>\nNombre contacto: COMUNICAE<\/p>\n<p>\nDescripci\u00f3n contacto: COMUNICAE<\/p>\n<p>\nTel\u00e9fono de contacto: 914118090<\/p>\n","protected":false},"excerpt":{"rendered":"<p>(Informaci\u00f3n remitida por la empresa firmante) Jeanne Calment es un mito en Francia por batir el r\u00e9cord Guiness al llegar a la edad de 122 a\u00f1os y 164 d\u00edas. Naci\u00f3 el 21 de febrero de 1875 y falleci\u00f3 el 4 de agosto de 1997. Creci\u00f3 en el seno de una familia burguesa en el sur [&hellip;]<\/p>\n","protected":false},"author":1,"featured_media":0,"comment_status":"closed","ping_status":"closed","sticky":false,"template":"","format":"standard","meta":{"footnotes":""},"categories":[2],"tags":[],"class_list":["post-52868","post","type-post","status-publish","format-standard","hentry","category-noticias"],"_links":{"self":[{"href":"https:\/\/webciudadana.net\/index.php?rest_route=\/wp\/v2\/posts\/52868","targetHints":{"allow":["GET"]}}],"collection":[{"href":"https:\/\/webciudadana.net\/index.php?rest_route=\/wp\/v2\/posts"}],"about":[{"href":"https:\/\/webciudadana.net\/index.php?rest_route=\/wp\/v2\/types\/post"}],"author":[{"embeddable":true,"href":"https:\/\/webciudadana.net\/index.php?rest_route=\/wp\/v2\/users\/1"}],"replies":[{"embeddable":true,"href":"https:\/\/webciudadana.net\/index.php?rest_route=%2Fwp%2Fv2%2Fcomments&post=52868"}],"version-history":[{"count":0,"href":"https:\/\/webciudadana.net\/index.php?rest_route=\/wp\/v2\/posts\/52868\/revisions"}],"wp:attachment":[{"href":"https:\/\/webciudadana.net\/index.php?rest_route=%2Fwp%2Fv2%2Fmedia&parent=52868"}],"wp:term":[{"taxonomy":"category","embeddable":true,"href":"https:\/\/webciudadana.net\/index.php?rest_route=%2Fwp%2Fv2%2Fcategories&post=52868"},{"taxonomy":"post_tag","embeddable":true,"href":"https:\/\/webciudadana.net\/index.php?rest_route=%2Fwp%2Fv2%2Ftags&post=52868"}],"curies":[{"name":"wp","href":"https:\/\/api.w.org\/{rel}","templated":true}]}}