{"id":52889,"date":"2024-05-23T09:17:08","date_gmt":"2024-05-23T07:17:08","guid":{"rendered":"https:\/\/ticker-noticiasep.microcontenidos.com\/NoticiaRSS.vbhtml?user=FRND562DLP&amp;cod=20240523091708"},"modified":"2024-05-23T09:17:08","modified_gmt":"2024-05-23T07:17:08","slug":"sociedad-springfield-lanza-la-campana-bendito-verano-conceptualizada-por-la-agencia-independiente-blackflag","status":"publish","type":"post","link":"https:\/\/webciudadana.net\/?p=52889","title":{"rendered":"Sociedad: Springfield lanza la campa\u00f1a \u00abBendito Verano\u00bb conceptualizada por la agencia independiente BlackFlag"},"content":{"rendered":"\n<div><img decoding=\"async\" src=\"https:\/\/img.europapress.es\/fotoweb\/fotonoticia_20240523091708_300.jpg\" class=\"ff-og-image-inserted\"><\/div>\n<p>(Informaci\u00f3n remitida por la empresa firmante)<\/p>\n<p> \u00abBendito Verano\u00bb, un concepto \u00abmuy de aqu\u00ed\u00bb que entiende el verano como un estado de \u00e1nimo, una actitud, m\u00e1s all\u00e1 del momento del a\u00f1o. El equipo creativo de BlackFlag liderado por Pablo Barrionuevo y Alejandro Jarne apuesta por alejarse del \u00abfashion film\u00bb m\u00e1s tradicional y abrazar una comunicaci\u00f3n m\u00e1s humana, cercana y real. Susana Molina, Ver\u00f3nica G\u00f3mez y Luc\u00eda Guerrero se suman como embajadoras de la firma de Tendam para protagonizar la campa\u00f1a y adem\u00e1s darle un toque muy personal<\/p>\n<p>\nMadrid, 23 de mayo de 2024.- Springfield presenta su \u00faltima campa\u00f1a con motivo de SS24, \u00abBendito Verano\u00bb, de la mano de la agencia creativa independiente BlackFlag. Esta campa\u00f1a redefine el concepto de verano, movi\u00e9ndose m\u00e1s all\u00e1 del formato de video de moda tradicional que captura las perspectivas individuales en busca de una nueva inspiraci\u00f3n, m\u00e1s real, m\u00e1s humana y sin demasiadas pretensiones.<\/p>\n<p> \u00abBendito Verano\u00bb encarna el verdadero esp\u00edritu del verano: un estado de \u00e1nimo, una actitud. El verano es mucho m\u00e1s que una simple estaci\u00f3n.<\/p>\n<p> Link video campa\u00f1a youtube<\/p>\n<p>\nLa campa\u00f1a muestra la diversidad y versatilidad de la \u00e9poca estival a trav\u00e9s de los ojos de mujeres inspiradoras como son Susana Molina, Ver\u00f3nica G\u00f3mez y Luc\u00eda Guerrero, quienes comparten sus historias personales e interpretaci\u00f3n de lo que significa para ellas el verano.<\/p>\n<p> La aspiracionalidad tradicional ha muerto<\/p>\n<p>\nLa campa\u00f1a apuesta por el uso de c\u00f3digos mucho m\u00e1s reales, humanos y desenfadados que hoy en d\u00eda conectan, de verdad, con la audiencia.<\/p>\n<p> Desde la elecci\u00f3n de las situaciones, los planos o hasta el haber elegido Cabo de Gata como escenario del film en vez de alguna isla o cala \u00abmainstream\u00bb trabaja a favor de esta nueva realidad comunicativa que adem\u00e1s es muy \u00abSocial First\u00bb.<\/p>\n<p> Talento, talento y m\u00e1s talento<\/p>\n<p>\nAdem\u00e1s de las embajadoras elegidas para la campa\u00f1a, la pieza cuenta con la m\u00fasica original del grupo \u00abTu Otra Bonita\u00bb y Warner Chappel. Un grupo que este verano dar\u00e1 mucho que hablar con su gira \u00abQuieres Royo?\u00bb. Recorriendo las principales capitales Espa\u00f1olas y d\u00f3nde seguro que tambi\u00e9n pondr\u00e1n de moda el tema revisitado para la campa\u00f1a \u00abSiento%\u00bb.<\/p>\n<p> Link Instagram \u00abTu Otra Bonita\u00bb<\/p>\n<p>\nM\u00e1s all\u00e1 de una campa\u00f1a, BlackFlag es un nuevo partner para Springfield<\/p>\n<p> \u00abBendito Verano\u00bb cobra vida gracias a la agencia creativa independiente BlackFlag y en especial, a un equipo de talento estrat\u00e9gico y creativo entre los que se encuentran profesionales como Pablo Barrionuevo, Alejandro Jarne, Lara Boto, Estefania Fernandez, Claudia de Larratea, Elena Ag\u00fcera y Bernardo Mole\u00f3n entre otros.<\/p>\n<p> Un talento independiente que sumado al m\u00fasculo de Bana Studio y Marsway hacen de esta segunda colaboraci\u00f3n con la marca (Despu\u00e9s de ICONS MoodWear 24), la constataci\u00f3n de la apuesta del grupo Tendam por un nuevo modelo de relaci\u00f3n y creaci\u00f3n de narrativas publicitarias.<\/p>\n<p> En definitiva, m\u00e1s que una simple campa\u00f1a, \u00abBendito Verano\u00bb representa un nuevo paso en la evoluci\u00f3n comunicativa que lleva dando Springfield en sus \u00faltimos tiempos. Apostando por la relevancia cultural y celebrando un enfoque mediterr\u00e1neo que a todos de una forma o de otra mueve por dentro.<\/p>\n<p> Ficha T\u00e9cnica:<\/p>\n<p>\n\u00b7 Agencia creativa: BlackFlag<\/p>\n<p>\n\u00b7 Anunciante: Springfield<\/p>\n<p>\n\u00b7 Campa\u00f1a: &#8216;Bendito Verano&#8217; Woman Collection SS24<\/p>\n<p>\n\u00b7 Sector: Moda<\/p>\n<p>\n\u00b7 Contacto cliente: Rosario Trevi\u00f1o, Marta Alvarez Rodriguez, Ver\u00f3nica Garc\u00eda de la Mata, Carmen Arguello y Jos\u00e9 Capell\u00edn.<\/p>\n<p>\n\u00b7 Talento: Susana Molina, Ver\u00f3nica G\u00f3mez y Luc\u00eda Guerrero.<\/p>\n<p>\n\u00b7 Equipo de estrategia BlackFlag: Bernardo Mole\u00f3n, Claudia de Larratea y Elena Ag\u00fcera.<\/p>\n<p>\n\u00b7 Directores Creativos BlackFlag: Pablo Barrionuevo y Alejandro Jarne.<\/p>\n<p>\n\u00b7 Productora: Bana Studio.<\/p>\n<p>\n\u00b7 Realizaci\u00f3n y edici\u00f3n: Bana Studio, Cristian Lopez, Carlos Cedr\u00f3n y Fernando Taranco.<\/p>\n<p>\n\u00b7 Producci\u00f3n Ejecutiva: Agencia Marsway, Celia Garc\u00eda y Elena Garc\u00eda.<\/p>\n<p>\n\u00b7 BSO: Tu otra bonita &#8211; Warner Chappel<\/p>\n<p>\nSobre la agencia creativa independiente BlackFlag:<\/p>\n<p>\nBlackFlag, un nuevo concepto de agencia independiente de c\u00f3digo abierto creada a finales de 2022 por los fundadores de la marca Blue Banana Brand y Bernardo Mole\u00f3n.<\/p>\n<p> Tras el \u00e9xito cosechado de Blue Banana, la marca ic\u00f3nica de la X que arrasa entre Millenials y Generaci\u00f3n Z, sus fundadores, Juan Fernandez-Estrada y Nacho Rivera, junto a Bernardo Mole\u00f3n, ex MRM\/McCann, la compa\u00f1\u00eda creativa PS21 y TBWA, irrumpen en el sector con una propuesta de valor innovadora con respecto a la de las compa\u00f1\u00edas creativas convencionales, aunando el dise\u00f1o de experiencia de marca, la creatividad y el contenido.<\/p>\n<p> \u00abEl talento creativo y digital ya no est\u00e1 solo en las agencias. Cada vez m\u00e1s, estos profesionales est\u00e1n desarrollando sus propios proyectos, emprendiendo su propio camino. Desde BlackFlag, lo integramos y nos conectamos a la marca o compa\u00f1\u00eda como si fu\u00e9ramos parte de ellos, sin fricci\u00f3n, sin errores de compatibilidad, de la forma m\u00e1s natural y honesta posible\u00bb, comenta Bernardo Mole\u00f3n, co-Fundador y CSO de BlackFlag.<\/p>\n<p> BlackFlag y su misi\u00f3n de construir marcas ic\u00f3nicas pivota sobre tres grandes \u00e1reas: la estrategia de marca y posicionamiento, con el fin de crear modelos de negocio ic\u00f3nicos y escalables; la creatividad, creando ideas y plataformas que conecten a las marcas con la cultura y el contexto; y el contenido, con el fin de cubrir las nuevas necesidades de las marcas especialmente en social media.<\/p>\n<p> Los fundadores de Blue Banana Bran junto a Bernardo Mole\u00f3n son los principales impulsores de esta nueva compa\u00f1\u00eda que ya cuenta con acuerdos de colaboraci\u00f3n recurrentes, con m\u00e1s de 20 profesionales independientes nacionales e internacionales, contando con grandes referentes creativos, estrat\u00e9gicos, de dise\u00f1o y consultores de negocio. As\u00ed como alianzas estrat\u00e9gicas con otras compa\u00f1\u00edas emergentes entre las que se encuentran Amigos Solutions o Creatit entre otros.<\/p>\n<p> Contacto<\/p>\n<p>\nNombre contacto: Bernardo Mole\u00f3n<\/p>\n<p>\nDescripci\u00f3n contacto: BLACKFLAG \/ Head of Strategy<\/p>\n<p>\nTel\u00e9fono de contacto: 645777257<\/p>\n","protected":false},"excerpt":{"rendered":"<p>(Informaci\u00f3n remitida por la empresa firmante) \u00abBendito Verano\u00bb, un concepto \u00abmuy de aqu\u00ed\u00bb que entiende el verano como un estado de \u00e1nimo, una actitud, m\u00e1s all\u00e1 del momento del a\u00f1o. El equipo creativo de BlackFlag liderado por Pablo Barrionuevo y Alejandro Jarne apuesta por alejarse del \u00abfashion film\u00bb m\u00e1s tradicional y abrazar una comunicaci\u00f3n m\u00e1s [&hellip;]<\/p>\n","protected":false},"author":1,"featured_media":0,"comment_status":"closed","ping_status":"closed","sticky":false,"template":"","format":"standard","meta":{"footnotes":""},"categories":[2],"tags":[],"class_list":["post-52889","post","type-post","status-publish","format-standard","hentry","category-noticias"],"_links":{"self":[{"href":"https:\/\/webciudadana.net\/index.php?rest_route=\/wp\/v2\/posts\/52889","targetHints":{"allow":["GET"]}}],"collection":[{"href":"https:\/\/webciudadana.net\/index.php?rest_route=\/wp\/v2\/posts"}],"about":[{"href":"https:\/\/webciudadana.net\/index.php?rest_route=\/wp\/v2\/types\/post"}],"author":[{"embeddable":true,"href":"https:\/\/webciudadana.net\/index.php?rest_route=\/wp\/v2\/users\/1"}],"replies":[{"embeddable":true,"href":"https:\/\/webciudadana.net\/index.php?rest_route=%2Fwp%2Fv2%2Fcomments&post=52889"}],"version-history":[{"count":0,"href":"https:\/\/webciudadana.net\/index.php?rest_route=\/wp\/v2\/posts\/52889\/revisions"}],"wp:attachment":[{"href":"https:\/\/webciudadana.net\/index.php?rest_route=%2Fwp%2Fv2%2Fmedia&parent=52889"}],"wp:term":[{"taxonomy":"category","embeddable":true,"href":"https:\/\/webciudadana.net\/index.php?rest_route=%2Fwp%2Fv2%2Fcategories&post=52889"},{"taxonomy":"post_tag","embeddable":true,"href":"https:\/\/webciudadana.net\/index.php?rest_route=%2Fwp%2Fv2%2Ftags&post=52889"}],"curies":[{"name":"wp","href":"https:\/\/api.w.org\/{rel}","templated":true}]}}