{"id":52896,"date":"2024-05-23T11:56:43","date_gmt":"2024-05-23T09:56:43","guid":{"rendered":"https:\/\/ticker-noticiasep.microcontenidos.com\/NoticiaRSS.vbhtml?user=FRND562DLP&amp;cod=20240523115643"},"modified":"2024-05-23T11:56:43","modified_gmt":"2024-05-23T09:56:43","slug":"sociedad-sin-amistad-adolescentes-y-jovenes-enfrentan-riesgos-significativos-para-su-desarrollo-emocional-y-social","status":"publish","type":"post","link":"https:\/\/webciudadana.net\/?p=52896","title":{"rendered":"Sociedad: Sin amistad, adolescentes y j\u00f3venes enfrentan riesgos significativos para su desarrollo emocional y social"},"content":{"rendered":"\n<div><img decoding=\"async\" src=\"https:\/\/img.europapress.es\/fotoweb\/fotonoticia_20240523115643_300.jpg\" class=\"ff-og-image-inserted\"><\/div>\n<p>(Informaci\u00f3n remitida por la empresa firmante)<\/p>\n<p> Seg\u00fan la investigaci\u00f3n \u00abEl valor de la amistad en la adolescencia y la juventud 2023\u00bb realizada por Fad Juventud y Fundaci\u00f3n SM<\/p>\n<p> La juventud valora la confianza, sinceridad y reciprocidad como elementos esenciales en la formaci\u00f3n de relaciones de amistad duraderas. A pesar de los desaf\u00edos digitales, estos principios b\u00e1sicos siguen siendo clave para fomentar conexiones profundas y significativas<\/p>\n<p> En contra del estereotipo, lejos de promover el aislamiento, las redes sociales se revelan como espacios vitales donde se expresan y comparten preocupaciones cultivando sus amistades. Pero su uso les plantea desaf\u00edos y retos en las amistades, como la gesti\u00f3n del tiempo de respuesta, la sensaci\u00f3n de saturaci\u00f3n y sobreexposici\u00f3n, y el desaf\u00edo de desconectarse voluntariamente<\/p>\n<p> La investigaci\u00f3n destaca los esfuerzos de la juventud espa\u00f1ola por superar estereotipos de g\u00e9nero y fomentar relaciones amistosas m\u00e1s emp\u00e1ticas y aut\u00e9nticas entre diferentes g\u00e9neros<\/p>\n<p> Los datos de la investigaci\u00f3n han sido presentados en rueda de prensa por el Centro Reina Sof\u00eda de Fad Juventud y el Observatorio de la Juventud en Iberoam\u00e9rica de la Fundaci\u00f3n SM en el Colegio Nuestra Se\u00f1ora del Recuerdo.<\/p>\n<p> 23 de mayo, Madrid.- La amistad sigue siendo uno de los pilares b\u00e1sicos en la jerarqu\u00eda de valores juveniles y entre las cosas que consideran m\u00e1s importantes, ofreciendo un basti\u00f3n de estabilidad para la juventud en Espa\u00f1a. Ellos y ellas reconocen la trascendencia que tienen los amigos y las amigas como referente esencial fuera de la familia, que hasta la adolescencia constituye pr\u00e1cticamente el universo completo de su vida.<\/p>\n<p> \u00bfPor qu\u00e9 la amistad supone un pilar central en la adolescencia? En primer lugar, porque proporciona a la juventud la sensaci\u00f3n de ser valorados, ofreciendo un espacio donde alguien capaz de entenderlos realmente los escucha y respeta. En definitiva, sienten que \u00abimportan\u00bb, y eso otorga seguridad. Adem\u00e1s, se\u00f1alan que las amistades no s\u00f3lo te muestran c\u00f3mo eres, sino que tambi\u00e9n te ense\u00f1an cosas que te mejoran como persona. Act\u00faan, en cierta medida, como una malla de seguridad, generando sensaciones fundamentales para el desarrollo social y personal tales como la integraci\u00f3n, la empat\u00eda, la lealtad, la confianza o el respeto.<\/p>\n<p> Contrariamente al estereotipo que asocia lo digital con el aislamiento, las redes sociales pueden favorecer que los y las adolescentes desarrollen los lazos de amistad necesarios para construir su identidad. Sin embargo, no todos logran crear esa red de seguridad, enfrentando riesgos de desequilibrios personales. Esto no solo afecta a la formaci\u00f3n de su identidad personal, sino que tambi\u00e9n influye en sus acciones: las rutinas, los h\u00e1bitos y la forma en que abordan las actividades y la vida en general.<\/p>\n<p> Estos son algunos de los principales hallazgos del estudio \u00abEl valor de la amistad en la adolescencia y la juventud 2023\u00bb, elaborado por Fad Juventud y la Fundaci\u00f3n SM, que ha sido presentado hoy en rueda de prensa por la directora General de la Fundaci\u00f3n SM, Mayte Ortiz; la directora general de Fad Juventud, Beatriz Mart\u00edn Padura; la coordinadora de Investigaci\u00f3n y Evaluaci\u00f3n Educativa de la Fundaci\u00f3n SM, Ariana P\u00e9rez Coutado; la directora del Centro Reina Sof\u00eda de Fad Juventud, Anna Sanmart\u00edn; y el investigador y autor del estudio, Ignacio Meg\u00edas.<\/p>\n<p> AMISTAD, ELEMENTO CLAVE EN EL DESARROLLO EMOCIONAL Y PERSONAL<\/p>\n<p> La amistad no solo proporciona un sentido de compa\u00f1\u00eda y pertenencia, sino que tambi\u00e9n es fundamental para el desarrollo emocional y personal. De hecho, muchos y muchas j\u00f3venes valoran sus amistades como una fuente de apoyo incondicional y comprensi\u00f3n mutua.<\/p>\n<p> Seg\u00fan los datos de la investigaci\u00f3n, en la que participaron 40 j\u00f3venes y que incluy\u00f3 la realizaci\u00f3n de grupos de discusi\u00f3n, grupos triangulares y el an\u00e1lisis de diarios personales, los amigos y amigas act\u00faan como espejos, reflejando y validando su propia personalidad, lo que les ayuda a consolidar su sentido de identidad y pertenencia en un mundo a menudo percibido como fragmentado y vol\u00e1til.<\/p>\n<p> Adem\u00e1s, los y las j\u00f3venes espa\u00f1oles reafirman la importancia de la confianza, sinceridad y reciprocidad como pilares esenciales en la formaci\u00f3n de relaciones duraderas. Estos principios no solo son clave para fomentar conexiones profundas y significativas, sino que tambi\u00e9n act\u00faan como cimientos de amistades que resisten los retos, tanto personales como tecnol\u00f3gicos.<\/p>\n<p> La pandemia de COVID-19 puso a prueba la resiliencia de estas relaciones. En momentos de interacci\u00f3n limitada, la investigaci\u00f3n demuestra que las herramientas digitales fueron esenciales para mantener y fortalecer las amistades.<\/p>\n<p> Lejos de promover el aislamiento, las redes sociales se revelan como espacios vitales donde adolescentes y j\u00f3venes no solo se expresan y comparten preocupaciones, sino tambi\u00e9n gestionan su intimidad con madurez. Estas plataformas digitales, criticadas a menudo por superficializar las relaciones, en realidad tienden a fortalecer los lazos de amistad y facilitan una comprensi\u00f3n mutua profunda.<\/p>\n<p> A trav\u00e9s de las redes sociales y comunicaciones digitales, los y las j\u00f3venes han aprendido a apreciar la soledad sin sentirse solos, un equilibrio esencial para el autocuidado personal. Las tecnolog\u00edas, lejos de ser un veh\u00edculo de desconexi\u00f3n, han permitido a j\u00f3venes y adolescentes establecer l\u00edmites y fomentar el autoconocimiento.<\/p>\n<p> Adem\u00e1s, la juventud muestra una notable responsabilidad en la comunicaci\u00f3n mediada por la tecnolog\u00eda. Est\u00e1n perfectamente sensibilizados de no dejar a sus amistades \u00abcolgadas\u00bb en las conversaciones digitales, conscientes del impacto emocional que pueden tener sus acciones. Esta actitud cuidadosa refleja un compromiso serio con la empat\u00eda y la consideraci\u00f3n hacia los dem\u00e1s.<\/p>\n<p> Para muchos y muchas j\u00f3venes, los amigos y amigas se convierten en una \u00abfamilia elegida\u00bb, un testimonio de c\u00f3mo la l\u00ednea entre las relaciones familiares y de amistad se est\u00e1 desdibujando. Este fen\u00f3meno resalta c\u00f3mo la juventud valora y prioriza las relaciones basadas en la confianza, el respeto mutuo y la afinidad emocional.<\/p>\n<p> IMPACTO DE LAS TRICO EN LAS RELACIONES DE AMISTAD<\/p>\n<p> Las TRICO han revolucionado la manera en que la juventud interact\u00faa y mantiene sus amistades, presentando tanto desaf\u00edos como oportunidades para la conexi\u00f3n interpersonal. La juventud no solo enfrenta estos retos con resiliencia, sino que tambi\u00e9n ha desarrollado estrategias efectivas para fortalecer sus lazos sociales a trav\u00e9s de la tecnolog\u00eda.<\/p>\n<p> Uno de los principales desaf\u00edos que enfrenta la juventud en el contexto digital es la gesti\u00f3n del tiempo de respuesta. Ante la presi\u00f3n por responder de forma inmediata, muchos y muchas j\u00f3venes est\u00e1n estableciendo l\u00edmites claros y aprendiendo a priorizar interacciones significativas sobre la rapidez, reduciendo as\u00ed la ansiedad asociada a una comunicaci\u00f3n constante.<\/p>\n<p> Otro desaf\u00edo importante es la sensaci\u00f3n de saturaci\u00f3n y sobreexposici\u00f3n digital. Para combatir la fatiga digital, los y las j\u00f3venes optan por per\u00edodos de desconexi\u00f3n, enfoc\u00e1ndose en actividades fuera de la esfera digital. Esta pr\u00e1ctica no s\u00f3lo preserva la intimidad, sino que tambi\u00e9n fomenta relaciones m\u00e1s profundas y aut\u00e9nticas cara a cara.<\/p>\n<p> La comunicaci\u00f3n emocional efectiva es otro aspecto que plantea desaf\u00edos en el entorno digital. En respuesta a la ausencia de se\u00f1ales no verbales en la comunicaci\u00f3n digital, los y las j\u00f3venes utilizan emojis, GIFs y otros elementos visuales para a\u00f1adir una dimensi\u00f3n emocional a sus conversaciones, lo que ayuda a prevenir malentendidos y enriquecer la interacci\u00f3n.<\/p>\n<p> Para m\u00e1s informaci\u00f3n: Comunicaci\u00f3n SM Espa\u00f1a comunicacionsm@info.grupo-sm.com www.grupo-sm.com\/es <\/p>\n","protected":false},"excerpt":{"rendered":"<p>(Informaci\u00f3n remitida por la empresa firmante) Seg\u00fan la investigaci\u00f3n \u00abEl valor de la amistad en la adolescencia y la juventud 2023\u00bb realizada por Fad Juventud y Fundaci\u00f3n SM La juventud valora la confianza, sinceridad y reciprocidad como elementos esenciales en la formaci\u00f3n de relaciones de amistad duraderas. A pesar de los desaf\u00edos digitales, estos principios [&hellip;]<\/p>\n","protected":false},"author":1,"featured_media":0,"comment_status":"closed","ping_status":"closed","sticky":false,"template":"","format":"standard","meta":{"footnotes":""},"categories":[2],"tags":[],"class_list":["post-52896","post","type-post","status-publish","format-standard","hentry","category-noticias"],"_links":{"self":[{"href":"https:\/\/webciudadana.net\/index.php?rest_route=\/wp\/v2\/posts\/52896","targetHints":{"allow":["GET"]}}],"collection":[{"href":"https:\/\/webciudadana.net\/index.php?rest_route=\/wp\/v2\/posts"}],"about":[{"href":"https:\/\/webciudadana.net\/index.php?rest_route=\/wp\/v2\/types\/post"}],"author":[{"embeddable":true,"href":"https:\/\/webciudadana.net\/index.php?rest_route=\/wp\/v2\/users\/1"}],"replies":[{"embeddable":true,"href":"https:\/\/webciudadana.net\/index.php?rest_route=%2Fwp%2Fv2%2Fcomments&post=52896"}],"version-history":[{"count":0,"href":"https:\/\/webciudadana.net\/index.php?rest_route=\/wp\/v2\/posts\/52896\/revisions"}],"wp:attachment":[{"href":"https:\/\/webciudadana.net\/index.php?rest_route=%2Fwp%2Fv2%2Fmedia&parent=52896"}],"wp:term":[{"taxonomy":"category","embeddable":true,"href":"https:\/\/webciudadana.net\/index.php?rest_route=%2Fwp%2Fv2%2Fcategories&post=52896"},{"taxonomy":"post_tag","embeddable":true,"href":"https:\/\/webciudadana.net\/index.php?rest_route=%2Fwp%2Fv2%2Ftags&post=52896"}],"curies":[{"name":"wp","href":"https:\/\/api.w.org\/{rel}","templated":true}]}}