{"id":52907,"date":"2024-05-23T16:47:35","date_gmt":"2024-05-23T14:47:35","guid":{"rendered":"https:\/\/ticker-noticiasep.microcontenidos.com\/NoticiaRSS.vbhtml?user=FRND562DLP&amp;cod=20240523164735"},"modified":"2024-05-23T16:47:35","modified_gmt":"2024-05-23T14:47:35","slug":"mundo-frankfurter-buchmesse-participa-en-la-feria-internacional-de-industrias-culturales-de-china","status":"publish","type":"post","link":"https:\/\/webciudadana.net\/?p=52907","title":{"rendered":"Mundo: Frankfurter Buchmesse participa en la Feria Internacional de Industrias Culturales de China"},"content":{"rendered":"\n<p>(Informaci\u00f3n remitida por la empresa firmante)<\/p>\n<p>\n&#8212; Frankfurter Buchmesse mejora el intercambio cultural en la Feria Internacional de Industrias Culturales de China<\/p>\n<p>\nSHENZHEN, China, 23 de mayo de 2024 \/PRNewswire\/ &#8212; Informe de Xinhua Silk Road:<\/p>\n<p>\nDel 23 al 27 de mayo de 2024, Shenzhen fue sede de la vig\u00e9sima edici\u00f3n de la Feria Internacional de Industrias Culturales de China (\u00abla Feria\u00bb), un evento destacado que anunci\u00f3 avances significativos en pr\u00e1cticas de exhibici\u00f3n, m\u00e9todos de transacci\u00f3n y servicios de apoyo. La Feria de este a\u00f1o cont\u00f3 con una notable programaci\u00f3n de estrenos y presentaciones mundiales, destacada por la participaci\u00f3n debut de la renombrada Frankfurter Buchmesse de Alemania. La selecci\u00f3n \u00fanica y cuidadosamente seleccionada de libros de la feria del libro alemana atrajo considerable atenci\u00f3n de los asistentes, subrayando su reputaci\u00f3n como l\u00edder en el sector cultural.<\/p>\n<p> La inclusi\u00f3n de la Frankfurter Buchmesse en la Feria suscit\u00f3 un gran inter\u00e9s y admiraci\u00f3n por parte de los visitantes chinos. El espacio de la feria dedicado a las obras literarias y culturales alemanas se convirti\u00f3 en un punto central de participaci\u00f3n, atrayendo a un gran n\u00famero de asistentes deseosos de explorar el rico patrimonio literario y la oferta cultural del pa\u00eds. Entre los visitantes, cabe destacar que un asistente expres\u00f3 su gran agradecimiento y se\u00f1al\u00f3 que la Feria hab\u00eda ampliado significativamente su perspectiva, proporcion\u00e1ndole una visi\u00f3n profunda del cautivador universo de la literatura y la cultura alemanas.<\/p>\n<p> En su primera aparici\u00f3n en la vig\u00e9sima edici\u00f3n de la feria, la Frankfurter Buchmesse, reconocida mundialmente como un escaparate l\u00edder para la industria editorial, aport\u00f3 un dinamismo cultural renovado al evento. La feria exhibi\u00f3 una amplia selecci\u00f3n de obras maestras literarias y artefactos culturales alemanes, ofreciendo un lujoso banquete cultural que cautiv\u00f3 y entusiasm\u00f3 a los bibli\u00f3filos chinos.<\/p>\n<p> Este a\u00f1o tambi\u00e9n se conmemoran los importantes hitos del 52\u00ba aniversario de las relaciones diplom\u00e1ticas y el 10\u00ba aniversario de la asociaci\u00f3n estrat\u00e9gica integral entre China y Alemania. La inclusi\u00f3n de Frankfurter Buchmesse no s\u00f3lo enriqueci\u00f3 la Feria sino que tambi\u00e9n actu\u00f3 como un conducto para el di\u00e1logo y la s\u00edntesis intercultural, mejorando la comprensi\u00f3n mutua a trav\u00e9s de varias iniciativas e ideas innovadoras. Adem\u00e1s, sent\u00f3 las bases para ampliar el alcance de la colaboraci\u00f3n cultural y econ\u00f3mica entre las dos naciones.<\/p>\n<p> View original content:https:\/\/www.prnewswire.com\/news-releases\/frankfurter-buchmesse-participa-en-la-feria-internacional-de-industrias-culturales-de-china-302154357.html<\/p>\n","protected":false},"excerpt":{"rendered":"<p>(Informaci\u00f3n remitida por la empresa firmante) &#8212; Frankfurter Buchmesse mejora el intercambio cultural en la Feria Internacional de Industrias Culturales de China SHENZHEN, China, 23 de mayo de 2024 \/PRNewswire\/ &#8212; Informe de Xinhua Silk Road: Del 23 al 27 de mayo de 2024, Shenzhen fue sede de la vig\u00e9sima edici\u00f3n de la Feria Internacional [&hellip;]<\/p>\n","protected":false},"author":1,"featured_media":0,"comment_status":"closed","ping_status":"closed","sticky":false,"template":"","format":"standard","meta":{"footnotes":""},"categories":[2],"tags":[],"class_list":["post-52907","post","type-post","status-publish","format-standard","hentry","category-noticias"],"_links":{"self":[{"href":"https:\/\/webciudadana.net\/index.php?rest_route=\/wp\/v2\/posts\/52907","targetHints":{"allow":["GET"]}}],"collection":[{"href":"https:\/\/webciudadana.net\/index.php?rest_route=\/wp\/v2\/posts"}],"about":[{"href":"https:\/\/webciudadana.net\/index.php?rest_route=\/wp\/v2\/types\/post"}],"author":[{"embeddable":true,"href":"https:\/\/webciudadana.net\/index.php?rest_route=\/wp\/v2\/users\/1"}],"replies":[{"embeddable":true,"href":"https:\/\/webciudadana.net\/index.php?rest_route=%2Fwp%2Fv2%2Fcomments&post=52907"}],"version-history":[{"count":0,"href":"https:\/\/webciudadana.net\/index.php?rest_route=\/wp\/v2\/posts\/52907\/revisions"}],"wp:attachment":[{"href":"https:\/\/webciudadana.net\/index.php?rest_route=%2Fwp%2Fv2%2Fmedia&parent=52907"}],"wp:term":[{"taxonomy":"category","embeddable":true,"href":"https:\/\/webciudadana.net\/index.php?rest_route=%2Fwp%2Fv2%2Fcategories&post=52907"},{"taxonomy":"post_tag","embeddable":true,"href":"https:\/\/webciudadana.net\/index.php?rest_route=%2Fwp%2Fv2%2Ftags&post=52907"}],"curies":[{"name":"wp","href":"https:\/\/api.w.org\/{rel}","templated":true}]}}