{"id":52921,"date":"2024-05-24T09:33:06","date_gmt":"2024-05-24T07:33:06","guid":{"rendered":"https:\/\/ticker-noticiasep.microcontenidos.com\/NoticiaRSS.vbhtml?user=FRND562DLP&amp;cod=20240524093306"},"modified":"2024-05-24T09:33:06","modified_gmt":"2024-05-24T07:33:06","slug":"sociedad-el-legendario-carles-puyol-estara-presente-en-el-vtex-connect-europa","status":"publish","type":"post","link":"https:\/\/webciudadana.net\/?p=52921","title":{"rendered":"Sociedad: El legendario Carles Puyol estar\u00e1 presente en el VTEX CONNECT EUROPA"},"content":{"rendered":"\n<div><img decoding=\"async\" src=\"https:\/\/img.europapress.es\/fotoweb\/fotonoticia_20240524093306_300.jpg\" class=\"ff-og-image-inserted\"><\/div>\n<p>(Informaci\u00f3n remitida por la empresa firmante)<\/p>\n<p>\nEl evento se realizar\u00e1 el 7 de junio y se convierte en el punto de encuentro de los profesionales de la industria digital en Europa<\/p>\n<p>\nEuropa, 24 de mayo de 2024.- El pr\u00f3ximo 7 de junio Barcelona se convertir\u00e1 en el punto de encuentro de uno de los eventos de comercio digital de mayor relevancia del sector. El VTEX CONNECT EUROPA ofrece una plataforma donde los profesionales podr\u00e1n acceder a contenido innovador por m\u00e1s de 10 horas.<\/p>\n<p> Es por eso que desde la organizaci\u00f3n han convocado para esta edici\u00f3n a Carles Puyol, el ic\u00f3nico ex capit\u00e1n del FC Barcelona, que ser\u00e1 uno de los ponentes principales del evento y compartir\u00e1 su experiencia e ideas sobre c\u00f3mo los l\u00edderes de hoy pueden asegurarse de que est\u00e1n evolucionando constantemente y alcanzando su m\u00e1ximo potencial. \u00abEstamos muy emocionados de anunciar que Carles Puyol ser\u00e1 parte de este gran evento. La carrera de Puyol es una clase magistral de dedicaci\u00f3n, liderazgo y lealtad. Pas\u00f3 15 a\u00f1os en el Spotify Camp Nou, gan\u00f3 6 t\u00edtulos de La Liga, levant\u00f3 el trofeo de la Champions League 3 veces e incluso gan\u00f3 la Copa Mundial de la FIFA en 2010 con Espa\u00f1a. Desde VTEX buscamos referentes para que compartan sus experiencias acerca de cultura organizacional y liderazgo, que permita a los profesionales desarrollar las habilidades que necesitan para liderar empresas con equipos de alto rendimiento\u00bb, afirma Prakash Gurumoorthy, General Manager EMEA &amp; APAC de VTEX.<\/p>\n<p> El evento ofrece una agenda liderada por 30 expertos representativos de la industria de todo el mundo incluyendo entre otros a John Grotzinger, Chief Scientist and Head Strategic Planning for NASA&#8217;s Mars Science Laboratory Mission; Randy Petway, Senior Director and Head of Enterprise Business for EMEA &amp; LATAM at LinkedIn; Marco Brucato, Head of Growth D2C EMEA at BEKO Europe; Vipin Gupta, Chief Technology Officer at Starbucks India; Sara Gu\u00e9rete, Director of Sales at Valtech; Nils Benning, VIP Transactional Platform for OBI \u00abDigital transformation in DIY space\u00bb; Patricia Amaro, CDO of MARS and Marco Brucato, Head of EMEA Direct to Consumer Growth for Whirlpool.<\/p>\n<p> Durante la jornada se debatir\u00e1 sobre retail, ecommerce, negocios B2B, marketing digital, soluciones para los negocios digitales, innovaci\u00f3n, pragmatic composability, estrategias de comunicaci\u00f3n, comportamiento de los consumidores, Gen AI y estrategias customer centric, entre otros.<\/p>\n<p> Previo al inicio general del evento, se realizar\u00e1 un encuentro VIP entre mujeres l\u00edderes que se desempe\u00f1an en \u00e1reas o empresas de tecnolog\u00eda. \u00abWomen in Tech\u00bb, es un espacio en el que las participantes podr\u00e1n conectar con otras profesionales, fomentar colaboraci\u00f3n, intercambiar*ideas y crear oportunidades fundamentales para el desarrollo de los negocios y la consolidaci\u00f3n de la mujer en el sector.<\/p>\n<p> Entre las actividades habr\u00e1 momentos de Live Shopping, donde los asistentes podr\u00e1n ver c\u00f3mo se vende en tiempo real. Ser\u00e1n espacios donde se combinan elementos de streaming en vivo con la experiencia de compra online. Tambi\u00e9n podr\u00e1n explorar una feria con exhibiciones de m\u00e1s de 30 empresas conectadas al comercio digital, ofreciendo as\u00ed una experiencia \u00fanica de colaboraci\u00f3n estrat\u00e9gica, audiencia global y oportunidades de networking.<\/p>\n<p> \u00abS\u00e9 parte del VTEX CONNECT EUROPA\u00bb, que se llevar\u00e1 a cabo en el Palau de Congressos de Catalunya, en Barcelona, el pr\u00f3ximo 7 de junio https:\/\/content.vtex.com\/europe\/<\/p>\n<p>\nContacto<\/p>\n<p>\nNombre contacto: Virginia<\/p>\n<p>\nDescripci\u00f3n contacto: Raku<\/p>\n<p>\nTel\u00e9fono de contacto: +34 609 00 25 09<\/p>\n","protected":false},"excerpt":{"rendered":"<p>(Informaci\u00f3n remitida por la empresa firmante) El evento se realizar\u00e1 el 7 de junio y se convierte en el punto de encuentro de los profesionales de la industria digital en Europa Europa, 24 de mayo de 2024.- El pr\u00f3ximo 7 de junio Barcelona se convertir\u00e1 en el punto de encuentro de uno de los eventos [&hellip;]<\/p>\n","protected":false},"author":1,"featured_media":0,"comment_status":"closed","ping_status":"closed","sticky":false,"template":"","format":"standard","meta":{"footnotes":""},"categories":[2],"tags":[],"class_list":["post-52921","post","type-post","status-publish","format-standard","hentry","category-noticias"],"_links":{"self":[{"href":"https:\/\/webciudadana.net\/index.php?rest_route=\/wp\/v2\/posts\/52921","targetHints":{"allow":["GET"]}}],"collection":[{"href":"https:\/\/webciudadana.net\/index.php?rest_route=\/wp\/v2\/posts"}],"about":[{"href":"https:\/\/webciudadana.net\/index.php?rest_route=\/wp\/v2\/types\/post"}],"author":[{"embeddable":true,"href":"https:\/\/webciudadana.net\/index.php?rest_route=\/wp\/v2\/users\/1"}],"replies":[{"embeddable":true,"href":"https:\/\/webciudadana.net\/index.php?rest_route=%2Fwp%2Fv2%2Fcomments&post=52921"}],"version-history":[{"count":0,"href":"https:\/\/webciudadana.net\/index.php?rest_route=\/wp\/v2\/posts\/52921\/revisions"}],"wp:attachment":[{"href":"https:\/\/webciudadana.net\/index.php?rest_route=%2Fwp%2Fv2%2Fmedia&parent=52921"}],"wp:term":[{"taxonomy":"category","embeddable":true,"href":"https:\/\/webciudadana.net\/index.php?rest_route=%2Fwp%2Fv2%2Fcategories&post=52921"},{"taxonomy":"post_tag","embeddable":true,"href":"https:\/\/webciudadana.net\/index.php?rest_route=%2Fwp%2Fv2%2Ftags&post=52921"}],"curies":[{"name":"wp","href":"https:\/\/api.w.org\/{rel}","templated":true}]}}