{"id":52928,"date":"2024-05-24T12:06:00","date_gmt":"2024-05-24T10:06:00","guid":{"rendered":"https:\/\/ticker-noticiasep.microcontenidos.com\/NoticiaRSS.vbhtml?user=FRND562DLP&amp;cod=20240524120600"},"modified":"2024-05-24T12:06:00","modified_gmt":"2024-05-24T10:06:00","slug":"sociedad-aspaym-cyl-festivall-un-festival-solidario-e-inclusivo-con-marca-valladolid","status":"publish","type":"post","link":"https:\/\/webciudadana.net\/?p=52928","title":{"rendered":"Sociedad: ASPAYM CyL FestiVall: un Festival solidario e inclusivo con marca Valladolid"},"content":{"rendered":"\n<div><img decoding=\"async\" src=\"https:\/\/img.europapress.es\/fotoweb\/fotonoticia_20240524120600_300.jpg\" class=\"ff-og-image-inserted\"><\/div>\n<p>(Informaci\u00f3n remitida por la empresa firmante)<\/p>\n<p> Tendr\u00e1 lugar el 6 de julio en el aparcamiento exterior del Centro Comercial Vallsur y contar\u00e1 con zona de restauraci\u00f3n. Las entradas pueden adquirirse en el Centro Comercial Vallsur, en ASPAYM CyL en Valladolid (Trevi\u00f1o 74) e IMPULSA IGUALDAD (H\u00edpica 9).<\/p>\n<p> Valladolid, 24 de mayo de 2024.- ASPAYM Castilla y Le\u00f3n ha presentado un festival solidario e inclusivo para el pr\u00f3ximo 6 de julio que se distingue por su apuesta por el talento local, ya que todos los grupos que actuar\u00e1n son de la ciudad. El festival se celebrar\u00e1 en el aparcamiento exterior del Centro Comercial Vallsur de 13:00h a las 2:00h.<\/p>\n<p> El Ayuntamiento de Valladolid ha acogido hoy la presentaci\u00f3n de este simb\u00f3lico evento en la que han estado presentes el concejal de Personas, Mayores, Familia y Servicios Sociales, Rodrigo Nieto, el director ejecutivo de ASPAYM CyL, Francisco Sard\u00f3n, la delegada de la entidad en Valladolid, Mar Mat\u00edas, el gerente del Centro Comercial Vallsur, Pablo P\u00e9rez, y varios miembros de los grupos musicales que actuar\u00e1n el 6 de julio.<\/p>\n<p> El festival contar\u00e1 con las actuaciones de: Ca\u00f1oneros, Cabeza de Gallo, DJ Daza, Happening, Augusta Sonora, Destrangis, y Levitants. Adem\u00e1s de la m\u00fasica, habr\u00e1 una zona de restauraci\u00f3n en el \u00e1rea del festival con varios de los establecimientos presentes en Vallsur, as\u00ed como actividades infantiles para que las familias al completo puedan disfrutar del evento. Las entradas pueden adquirirse en el Centro Comercial Vallsur, en ASPAYM CyL en Valladolid (C\/ Trevi\u00f1o 74) y en IMPULSA IGUALDAD (C\/ H\u00edpica 9).<\/p>\n<p> ASPAYM CyL FestiVall no solo ser\u00e1 una fiesta de m\u00fasica y entretenimiento, sino tambi\u00e9n una forma de reivindicar la importancia de organizar eventos que cumplan con los criterios de accesibilidad universal y que sean inclusivos. Este enfoque garantiza que las personas con discapacidad puedan disfrutar del ocio y la m\u00fasica en igualdad de condiciones con el resto de la sociedad.<\/p>\n<p> Adem\u00e1s, los beneficios recaudados a trav\u00e9s de un donativo de 6\u20ac, que cuesta adquirir la entrada, y de las consumiciones se destinar\u00e1n a ASPAYM Castilla y Le\u00f3n. El director ejecutivo de la entidad, Francisco Sard\u00f3n, ha explicado que \u00abse emplear\u00e1n en la dotaci\u00f3n de equipamiento y la mejora tecnol\u00f3gica de nuestros centros de rehabilitaci\u00f3n. El objetivo es ofrecer tratamientos innovadores a las personas con discapacidad, adapt\u00e1ndolos a las necesidades individuales de cada paciente\u00bb. De este modo, ha asegurado que \u00abse fortalece la capacidad para abordar los desaf\u00edos espec\u00edficos a los que se enfrentan las personas con discapacidad, permiti\u00e9ndoles mejorar su autonom\u00eda y calidad de vida\u00bb. Avances que tambi\u00e9n beneficiar\u00e1n a toda la sociedad, ya que muchos de los servicios de la entidad est\u00e1n abiertos a personas sin discapacidad.<\/p>\n<p> Por \u00faltimo, Sard\u00f3n, ha agradecido su implicaci\u00f3n a todos los patrocinadores y colaboradores y en especial al Centro Comercial Vallsur, que nos ha ayudado a hacer realidad esta iniciativa, al Ayuntamiento de Valladolid y Coca Cola. Asimismo, ha animado a todas las empresas que quieran sumarse a esta bonita actividad a que se pongan en contacto con ASPAYM Castilla y Le\u00f3n y a todos los ciudadanos a que marquen en rojo en su calendario el 6 de julio porque el ASPAYM CyL FestiVall llega cargado de m\u00fasica, diversi\u00f3n y solidaridad.<\/p>\n<p> El concejal de Personas, Mayores, Familia y Servicios Sociales, Rodrigo Nieto, ha remarcado la importancia de esta iniciativa, que \u00abno solo llena de vida la ciudad, sino que nos marca el camino de algo en lo que estamos trabajando, tambi\u00e9n con ASPAYM CyL, que es conseguir que todos los eventos l\u00fadicos de Valladolid alcancen la inclusividad. Por eso, iniciativas como esta, gestionadas directamente por la entidad, nos ense\u00f1an c\u00f3mo se pueden organizar estos eventos\u00bb.<\/p>\n<p> Por \u00faltimo, el gerente del Centro Comercial Vallsur, Pablo P\u00e9rez, ha se\u00f1alado que Vallsur se suma a este festival solidario a favor de ASPAYM Castilla y Le\u00f3n, como reconocimiento a la labor social de esta entidad emblem\u00e1tica en Valladolid y que es punto de referencia en el campo de la discapacidad. \u00abLa inclusi\u00f3n es una obligaci\u00f3n moral, un derecho y una oportunidad ante la diversidad. Los momentos de ocio, como este FestiVall, son una v\u00eda perfecta para promover la igualdad de oportunidades y evitar etiquetas. Esta colaboraci\u00f3n es una muestra m\u00e1s de la implicaci\u00f3n de Vallsur en todos los hitos importantes que se llevan a cabo en la ciudad de Valladolid\u00bb.<\/p>\n<p> EMISOR: ASPAYM CYL<\/p>\n<p> Contacto:<\/p>\n<p> Comunicaci\u00f3n aspaym<\/p>\n<p> info@aspaymcyl.org <\/p>\n","protected":false},"excerpt":{"rendered":"<p>(Informaci\u00f3n remitida por la empresa firmante) Tendr\u00e1 lugar el 6 de julio en el aparcamiento exterior del Centro Comercial Vallsur y contar\u00e1 con zona de restauraci\u00f3n. Las entradas pueden adquirirse en el Centro Comercial Vallsur, en ASPAYM CyL en Valladolid (Trevi\u00f1o 74) e IMPULSA IGUALDAD (H\u00edpica 9). Valladolid, 24 de mayo de 2024.- ASPAYM Castilla [&hellip;]<\/p>\n","protected":false},"author":1,"featured_media":0,"comment_status":"closed","ping_status":"closed","sticky":false,"template":"","format":"standard","meta":{"footnotes":""},"categories":[2],"tags":[],"class_list":["post-52928","post","type-post","status-publish","format-standard","hentry","category-noticias"],"_links":{"self":[{"href":"https:\/\/webciudadana.net\/index.php?rest_route=\/wp\/v2\/posts\/52928","targetHints":{"allow":["GET"]}}],"collection":[{"href":"https:\/\/webciudadana.net\/index.php?rest_route=\/wp\/v2\/posts"}],"about":[{"href":"https:\/\/webciudadana.net\/index.php?rest_route=\/wp\/v2\/types\/post"}],"author":[{"embeddable":true,"href":"https:\/\/webciudadana.net\/index.php?rest_route=\/wp\/v2\/users\/1"}],"replies":[{"embeddable":true,"href":"https:\/\/webciudadana.net\/index.php?rest_route=%2Fwp%2Fv2%2Fcomments&post=52928"}],"version-history":[{"count":0,"href":"https:\/\/webciudadana.net\/index.php?rest_route=\/wp\/v2\/posts\/52928\/revisions"}],"wp:attachment":[{"href":"https:\/\/webciudadana.net\/index.php?rest_route=%2Fwp%2Fv2%2Fmedia&parent=52928"}],"wp:term":[{"taxonomy":"category","embeddable":true,"href":"https:\/\/webciudadana.net\/index.php?rest_route=%2Fwp%2Fv2%2Fcategories&post=52928"},{"taxonomy":"post_tag","embeddable":true,"href":"https:\/\/webciudadana.net\/index.php?rest_route=%2Fwp%2Fv2%2Ftags&post=52928"}],"curies":[{"name":"wp","href":"https:\/\/api.w.org\/{rel}","templated":true}]}}