{"id":52943,"date":"2024-05-24T17:07:03","date_gmt":"2024-05-24T15:07:03","guid":{"rendered":"https:\/\/ticker-noticiasep.microcontenidos.com\/NoticiaRSS.vbhtml?user=FRND562DLP&amp;cod=20240524170703"},"modified":"2024-05-24T17:07:03","modified_gmt":"2024-05-24T15:07:03","slug":"seis-de-junio-dia-internacional-de-las-cuevas-y-del-mundo-subterraneo","status":"publish","type":"post","link":"https:\/\/webciudadana.net\/?p=52943","title":{"rendered":"Seis de junio, D\u00eda Internacional de las Cuevas y del Mundo Subterr\u00e1neo"},"content":{"rendered":"\n<p>(Informaci\u00f3n remitida por la empresa firmante)<\/p>\n<p>\nMadrid, 24 de mayo de 2024.-<\/p>\n<p>\nLa comunidad internacional celebra el D\u00eda de las Cuevas y del Mundo Subterr\u00e1neo el seis de junio. Una fecha que reclama el reconocimiento a la naturaleza subterr\u00e1nea por su importancia en el \u00e1mbito hist\u00f3rico, cultural, geol\u00f3gico y, por supuesto, animal.*<\/p>\n<p>\nEl seis de junio es el D\u00eda Internacional de las Cuevas y del Mundo Subterr\u00e1neo. Una fecha promovida por los principales agentes y entidades en torno a las Cuevas y Minas Tur\u00edsticas que se viene celebrando desde 2016 a nivel global.<\/p>\n<p> Entre ellos, destaca la International Show Caves Association, a nivel mundial, y la Asociaci\u00f3n de Cuevas Tur\u00edsticas Espa\u00f1olas, en el plano nacional. En total, m\u00e1s de 30 pa\u00edses se unen a esta iniciativa, entre los que se encuentran Austria, Francia, Portugal, Estados Unidos y Brasil.*<\/p>\n<p>\nEl objetivo principal es la celebraci\u00f3n de un d\u00eda internacional para conmemorar la importancia del Mundo Subterr\u00e1neo en \u00e1mbitos tan destacados como la Geolog\u00eda y la Historia. Un d\u00eda en el que, adem\u00e1s, las Cuevas y Minas Tur\u00edsticas de ambos hemisferios se encuentran abiertas y que permite, de manera internacional, aproximarnos a una naturaleza rec\u00f3ndita e imprescindible para la vida en el planeta.**<\/p>\n<p>\nRazones para el seis de junio<\/p>\n<p>\nEl D\u00eda Internacional de las Cuevas y del Mundo Subterr\u00e1neo pretende la formalizaci\u00f3n de esta fecha por parte de la UNESCO en base a estas razones fundamentales:<\/p>\n<p>\nEl Mundo Subterr\u00e1neo alberga el 30% del agua dulce del planeta, fundamental para la vida.*<\/p>\n<p>\nLas Cuevas albergan formaciones geol\u00f3gicas y minerales \u00fanicas en el mundo, as\u00ed como suponen el h\u00e1bitat de animales en peligro de extinci\u00f3n.*<\/p>\n<p>\nEstos espacios recogen la historia animal, geol\u00f3gica y humana de millones de a\u00f1os, siendo una fuente de informaci\u00f3n \u00fanica para la Arqueolog\u00eda.*<\/p>\n<p>\nLas Cuevas y las Minas Tur\u00edsticas promueven un Turismo sostenible y consciente, que permite, adem\u00e1s, un desarrollo de la econom\u00eda rural basada en la generaci\u00f3n de empleo y de respeto m\u00e1ximo a la naturaleza subterr\u00e1nea.*<\/p>\n<p>\nUn a\u00f1o especial<\/p>\n<p>\nEn 2024, adem\u00e1s, se celebra el D\u00eda Internacional de las Cuevas y del Mundo Subterr\u00e1neo de una manera especial.*<\/p>\n<p>\nEl pasado 12 de marzo de 2024, se dio un paso m\u00e1s hacia la promulgaci\u00f3n de esta fecha de manera oficial. Tras la propuesta de la Asociaci\u00f3n de Cuevas Tur\u00edsticas Espa\u00f1olas a los principales partidos pol\u00edticos de nuestro pa\u00eds, se firm\u00f3, por unanimidad, la Propuesta no de Ley \u00abpara instar al Gobierno a solicitar a la UNESCO la declaraci\u00f3n del seis de junio como el D\u00eda Mundial de las Cuevas y del Mundo Subterr\u00e1neo\u00bb.<\/p>\n<p> De esta manera, en el documento oficial, se establece que \u00abEl Congreso de los Diputados insta al Gobierno a impulsar y proponer ante la UNESCO la iniciativa de declarar el seis de junio como D\u00eda Mundial de las Cuevas y del Mundo Subterr\u00e1neo, como v\u00eda para la preservaci\u00f3n y la divulgaci\u00f3n de su importancia a nivel global y permitir el desarrollo de las zonas rurales de nuestro pa\u00eds y la generaci\u00f3n de empleo y actividad econ\u00f3mica en los entornos naturales, asegurando la correcta explotaci\u00f3n de las cavidades\u00bb.<\/p>\n<p> A trav\u00e9s de la Comisi\u00f3n de Industria y Turismo, se ha conseguido este logro en la lucha para la formalizaci\u00f3n de un D\u00eda Internacional de las Cuevas y del Mundo Subterr\u00e1neo.*<\/p>\n<p>\nSobre ACTE<\/p>\n<p>\nLa Asociaci\u00f3n de Cuevas Tur\u00edsticas es una entidad sin \u00e1nimo de lucro, conformada por 34 Cuevas y Minas Tur\u00edsticas de nuestro pa\u00eds, repartidas por todo el territorio nacional. Entre los objetivos planteados por ACTE, destaca la divulgaci\u00f3n y la conservaci\u00f3n del mundo subterr\u00e1neo, junto al desarrollo econ\u00f3mico de las zonas rurales, siempre desde el equilibrio que representa el Turismo Sostenible.*<\/p>\n<p>\nACTE lleva a cabo, a lo largo de todo el a\u00f1o, tanto actividades encaminadas a dar a conocer sus Cuevas y Minas, como a la formaci\u00f3n de profesionales en la excelencia tur\u00edstica.*<\/p>\n<p>\nEmisor: Asociaci\u00f3n de Cuevas Tur\u00edsticas Espa\u00f1olas<\/p>\n<p>\nContacto: Gabinete Period\u00edstico<\/p>\n<p>\nEmail de contacto: comunicados@prensaymedios.com<\/p>\n","protected":false},"excerpt":{"rendered":"<p>(Informaci\u00f3n remitida por la empresa firmante) Madrid, 24 de mayo de 2024.- La comunidad internacional celebra el D\u00eda de las Cuevas y del Mundo Subterr\u00e1neo el seis de junio. Una fecha que reclama el reconocimiento a la naturaleza subterr\u00e1nea por su importancia en el \u00e1mbito hist\u00f3rico, cultural, geol\u00f3gico y, por supuesto, animal.* El seis de [&hellip;]<\/p>\n","protected":false},"author":1,"featured_media":0,"comment_status":"closed","ping_status":"closed","sticky":false,"template":"","format":"standard","meta":{"footnotes":""},"categories":[2],"tags":[],"class_list":["post-52943","post","type-post","status-publish","format-standard","hentry","category-noticias"],"_links":{"self":[{"href":"https:\/\/webciudadana.net\/index.php?rest_route=\/wp\/v2\/posts\/52943","targetHints":{"allow":["GET"]}}],"collection":[{"href":"https:\/\/webciudadana.net\/index.php?rest_route=\/wp\/v2\/posts"}],"about":[{"href":"https:\/\/webciudadana.net\/index.php?rest_route=\/wp\/v2\/types\/post"}],"author":[{"embeddable":true,"href":"https:\/\/webciudadana.net\/index.php?rest_route=\/wp\/v2\/users\/1"}],"replies":[{"embeddable":true,"href":"https:\/\/webciudadana.net\/index.php?rest_route=%2Fwp%2Fv2%2Fcomments&post=52943"}],"version-history":[{"count":0,"href":"https:\/\/webciudadana.net\/index.php?rest_route=\/wp\/v2\/posts\/52943\/revisions"}],"wp:attachment":[{"href":"https:\/\/webciudadana.net\/index.php?rest_route=%2Fwp%2Fv2%2Fmedia&parent=52943"}],"wp:term":[{"taxonomy":"category","embeddable":true,"href":"https:\/\/webciudadana.net\/index.php?rest_route=%2Fwp%2Fv2%2Fcategories&post=52943"},{"taxonomy":"post_tag","embeddable":true,"href":"https:\/\/webciudadana.net\/index.php?rest_route=%2Fwp%2Fv2%2Ftags&post=52943"}],"curies":[{"name":"wp","href":"https:\/\/api.w.org\/{rel}","templated":true}]}}