{"id":52970,"date":"2024-05-27T15:50:50","date_gmt":"2024-05-27T13:50:50","guid":{"rendered":"https:\/\/ticker-noticiasep.microcontenidos.com\/NoticiaRSS.vbhtml?user=FRND562DLP&amp;cod=20240527155050"},"modified":"2024-05-27T15:50:50","modified_gmt":"2024-05-27T13:50:50","slug":"sociedad-feex-asociacion-espanola-de-movilidad-laboral-internacional-celebra-su-20-aniversario","status":"publish","type":"post","link":"https:\/\/webciudadana.net\/?p=52970","title":{"rendered":"Sociedad: FEEX, Asociaci\u00f3n Espa\u00f1ola de Movilidad Laboral Internacional, celebra su 20 aniversario"},"content":{"rendered":"\n<div><img decoding=\"async\" src=\"https:\/\/img.europapress.es\/fotoweb\/fotonoticia_20240527155050_300.jpg\" class=\"ff-og-image-inserted\"><\/div>\n<p>(Informaci\u00f3n remitida por la empresa firmante)<\/p>\n<p>\nLa Asociaci\u00f3n Espa\u00f1ola de Movilidad Laboral Internacional, FEEX, celebr\u00f3 con \u00e9xito su vig\u00e9simo aniversario el pasado 23 de mayo en el Hotel Meli\u00e1 Madrid Serrano. Este importante evento cont\u00f3 con la entrega de galardones especiales a destacadas figuras del sector<\/p>\n<p>\nMadrid, 27 de mayo de 2024.- La Asociaci\u00f3n Espa\u00f1ola de Movilidad Laboral Internacional &#8211; FEEX &#8211; celebr\u00f3 el pasado 23 de mayo la Gala especial 20 Aniversario. Una oportunidad para poner en valor la trayectoria de la asociaci\u00f3n y rendir homenaje a su labor y a todas las personas implicadas.<\/p>\n<p> El Hotel Meli\u00e1 Madrid Serrano fue el enclave elegido para la celebraci\u00f3n que reuni\u00f3 a asociados, colaboradores y representantes institucionales. Asistieron, entre otros, Mar\u00eda Jes\u00fas Esteban Baos, jefa del \u00e1rea Jur\u00eddica Internacional de la Tesorer\u00eda General de la Seguridad Social, Carlos Mora Almud\u00ed, ex director general de Migraciones o Luis Esteban Manzanares, subdirector General de Gesti\u00f3n y Coordinaci\u00f3n de Flujos Migratorios. Tambi\u00e9n quisieron acudir a la cita representantes de ASNALA, Madrid Foro Empresarial, Club de Exportadores, CEOE, representantes de la Universidad Carlos III as\u00ed como colaboradores como el Foro Recursos Humanos y Factor Humano.<\/p>\n<p> La celebraci\u00f3n fue conducida por Francisco Javier Cea y \u00c1ngeles Gonz\u00e1lez-Vigil, presidente y secretaria General del FEEX respectivamente.<\/p>\n<p> Francisco Javier Cea, puso de relieve que era el momento adecuado \u00abpara agradecer la dedicaci\u00f3n y generosidad de los asociados al poner su conocimiento y experiencia al servicio de la Comunidad FEEX y por demostrar que es posible trabajar en equipo, empresas y asesores, para cumplir un objetivo com\u00fan\u00bb.<\/p>\n<p> Premios 20 Aniversario<\/p>\n<p>\nDurante la celebraci\u00f3n, se hizo entrega de los Premios 20 Aniversario a aquellas personas que han contribuido de una manera especial a impulsar la labor desarrollada por la Asociaci\u00f3n desde su fundaci\u00f3n en 2004. Estos premios, patrocinados por Mercer Espa\u00f1a, honran los logros individuales y reflejan tambi\u00e9n el compromiso colectivo. David Novoa, Socio de Mercer y Business Leader de Benefits &amp; Wealth Espa\u00f1a, en su intervenci\u00f3n, subray\u00f3 el v\u00ednculo que tiene Mercer con el FEEX dado que su alianza se remonta al a\u00f1o 2009.<\/p>\n<p> Los Premiados con el Galard\u00f3n Especial 20 aniversario FEEX han sido:<\/p>\n<p>\n\u00b7 D. Miguel \u00c1ngel Vidal, en reconocimiento a su dedicaci\u00f3n a la Asociaci\u00f3n durante 14 a\u00f1os como secretario general.<\/p>\n<p>\n\u00b7 D\u00aa. Marina del Corral, secretaria de Inmigraci\u00f3n y emigraci\u00f3n desde 2012 a 2018 y actual directora general de C\u00edrculo Empresarial de Atenci\u00f3n a Personas (CEAP s), por su colaboraci\u00f3n activa para sacar adelante la Ley de apoyo a los emprendedores y su internacionalizaci\u00f3n en el a\u00f1o 2013.<\/p>\n<p>\n\u00b7 D. Carlos Mora Almud\u00ed, colaborador muy cercano al FEEX, por su apoyo a los procesos migratorios de internacionalizaci\u00f3n de las empresas y al trabajo de FEEX en estos 20 a\u00f1os. El pasado y el presente de la Asociaci\u00f3n.<\/p>\n<p> \u00c1ngeles Gonz\u00e1lez- Vigil, secretaria general del FEEX, fue la encargada de cerrar la ceremonia haciendo menci\u00f3n al futuro de la Asociaci\u00f3n: \u00abFEEX es reflejo de los que viv\u00eds las personas que form\u00e1is parte del sector de movilidad laboral internacional. Un sector en constante evoluci\u00f3n que requiere adaptarnos a las necesidades cambiantes del mercado. Juntos, seguiremos siendo motor de progreso y \u00e9xito compartido\u00bb.<\/p>\n<p> Menci\u00f3n especial a los patrocinadores de la Gala, gracias a los cuales ha sido posible organizar esta celebraci\u00f3n: Mercer Espa\u00f1a. Santa Fe Relocation, Deloitte, EY, Sagardoy Abogados, Sagardoy Legal &amp; Expat, Sagardoy Business School y los colaboradores EMS y Meli\u00e1.<\/p>\n<p> En estas dos d\u00e9cadas de trabajo constante, la asociaci\u00f3n FEEX ha logrado contar con 54 socios activos, quienes conforman una activa red de trabajo que tiene como eje central la movilidad laboral internacional. A lo largo de estos a\u00f1os, han desarrollado numerosos proyectos relevantes que han impactado positivamente en la configuraci\u00f3n legal e institucional de la movilidad laboral en Espa\u00f1a, siendo una voz autorizada y relevante en este tema.<\/p>\n<p> Sin duda alguna, este vig\u00e9simo aniversario marca un antes y un despu\u00e9s en la historia de la Asociaci\u00f3n FEEX, que con esfuerzo y dedicaci\u00f3n se ha consolidado como un referente en la movilidad laboral internacional.<\/p>\n<p> FEEX &#8211; Asociaci\u00f3n Espa\u00f1ola de Movilidad Laboral Internacional<\/p>\n<p>\nFEEX es una asociaci\u00f3n t\u00e9cnica sin \u00e1nimo de lucro constituida en 2004, cuyo principal objetivo es divulgar el papel esencial de las personas en los procesos de expansi\u00f3n internacional y la importancia de una adecuada gesti\u00f3n internacional de los trabajadores, para garantizar el \u00e9xito de las empresas en una econom\u00eda global potenciando la recuperaci\u00f3n econ\u00f3mica en el contexto actual.<\/p>\n<p> La trayectoria de la actividad desarrollada por el FEEX ha estado nutrida de iniciativas colaborativas que impulsan la Movilidad Internacional como estrategia de internacionalizaci\u00f3n de las empresas y herramienta de atracci\u00f3n y fidelizaci\u00f3n del talento, promueven la colaboraci\u00f3n p\u00fablico &#8211; privada para mejorar los procesos de gesti\u00f3n de personas expatriadas, fomentan el intercambio de conocimiento entre asociados<\/p>\n<p>\nContacto<\/p>\n<p>\nNombre contacto: Bel\u00e9n Llorente<\/p>\n<p>\nDescripci\u00f3n contacto: FEEX &#8211; Asociaci\u00f3n Espa\u00f1ola de Movilidad Laboral Internacional &#8211; responsable de Comunicaic\u00f3n<\/p>\n<p>\nTel\u00e9fono de contacto: 628690984<\/p>\n","protected":false},"excerpt":{"rendered":"<p>(Informaci\u00f3n remitida por la empresa firmante) La Asociaci\u00f3n Espa\u00f1ola de Movilidad Laboral Internacional, FEEX, celebr\u00f3 con \u00e9xito su vig\u00e9simo aniversario el pasado 23 de mayo en el Hotel Meli\u00e1 Madrid Serrano. Este importante evento cont\u00f3 con la entrega de galardones especiales a destacadas figuras del sector Madrid, 27 de mayo de 2024.- La Asociaci\u00f3n Espa\u00f1ola [&hellip;]<\/p>\n","protected":false},"author":1,"featured_media":0,"comment_status":"closed","ping_status":"closed","sticky":false,"template":"","format":"standard","meta":{"footnotes":""},"categories":[2],"tags":[],"class_list":["post-52970","post","type-post","status-publish","format-standard","hentry","category-noticias"],"_links":{"self":[{"href":"https:\/\/webciudadana.net\/index.php?rest_route=\/wp\/v2\/posts\/52970","targetHints":{"allow":["GET"]}}],"collection":[{"href":"https:\/\/webciudadana.net\/index.php?rest_route=\/wp\/v2\/posts"}],"about":[{"href":"https:\/\/webciudadana.net\/index.php?rest_route=\/wp\/v2\/types\/post"}],"author":[{"embeddable":true,"href":"https:\/\/webciudadana.net\/index.php?rest_route=\/wp\/v2\/users\/1"}],"replies":[{"embeddable":true,"href":"https:\/\/webciudadana.net\/index.php?rest_route=%2Fwp%2Fv2%2Fcomments&post=52970"}],"version-history":[{"count":0,"href":"https:\/\/webciudadana.net\/index.php?rest_route=\/wp\/v2\/posts\/52970\/revisions"}],"wp:attachment":[{"href":"https:\/\/webciudadana.net\/index.php?rest_route=%2Fwp%2Fv2%2Fmedia&parent=52970"}],"wp:term":[{"taxonomy":"category","embeddable":true,"href":"https:\/\/webciudadana.net\/index.php?rest_route=%2Fwp%2Fv2%2Fcategories&post=52970"},{"taxonomy":"post_tag","embeddable":true,"href":"https:\/\/webciudadana.net\/index.php?rest_route=%2Fwp%2Fv2%2Ftags&post=52970"}],"curies":[{"name":"wp","href":"https:\/\/api.w.org\/{rel}","templated":true}]}}