{"id":52983,"date":"2024-05-28T10:45:46","date_gmt":"2024-05-28T08:45:46","guid":{"rendered":"https:\/\/ticker-noticiasep.microcontenidos.com\/NoticiaRSS.vbhtml?user=FRND562DLP&amp;cod=20240528104546"},"modified":"2024-05-28T10:45:46","modified_gmt":"2024-05-28T08:45:46","slug":"sociedad-repara-tu-deuda-abogados-cancela-54-000e-en-cullera-valencia-con-la-ley-de-segunda-oportunidad","status":"publish","type":"post","link":"https:\/\/webciudadana.net\/?p=52983","title":{"rendered":"Sociedad: Repara tu Deuda Abogados cancela 54.000\u20ac en Cullera (Valencia) con la Ley de Segunda Oportunidad"},"content":{"rendered":"\n<div><img decoding=\"async\" src=\"https:\/\/img.europapress.es\/fotoweb\/fotonoticia_20240528104546_300.jpg\" class=\"ff-og-image-inserted\"><\/div>\n<p>(Informaci\u00f3n remitida por la empresa firmante)<\/p>\n<p> El concursado inici\u00f3 un negocio que sufri\u00f3 las consecuencias econ\u00f3micas del COVID-19<\/p>\n<p> Cullera, 28 de mayo de 2024.- El Juzgado de lo Mercantil n\u00ba3 de Valencia ha dictado la Exoneraci\u00f3n del Pasivo Insatisfecho (EPI) en el caso de un hombre de Cullera que ha quedado liberado de una deuda de 54.000 euros. El caso lo ha tramitado Repara tu Deuda Abogados, despacho de abogados l\u00edder en Espa\u00f1a en la Ley de Segunda Oportunidad.<\/p>\n<p> Como explican los abogados de Repara tu Deuda, \u00absu estado de insolvencia se origin\u00f3 a ra\u00edz de la solicitud de financiaci\u00f3n para iniciar un negocio. Al principio pod\u00eda hacer frente a las cuotas de los pr\u00e9stamos, pero debido a la pandemia del COVID-19 los gastos empezaron a incrementarse hasta superar la facturaci\u00f3n neta. Por esta raz\u00f3n, el deudor tuvo que dejar de abonar dichos pr\u00e9stamos para cubrir sus gastos b\u00e1sicos\u00bb.<\/p>\n<p> La Ley de Segunda Oportunidad fue aprobada por el Parlamento de Espa\u00f1a en el a\u00f1o 2015. Conforme pasan los a\u00f1os, cada vez son m\u00e1s los que acuden a este mecanismo para poder empezar una nueva vida desde cero. En concreto, m\u00e1s de 23.000 particulares y aut\u00f3nomos ya han puesto su caso en manos del bufete. Algunos de ellos han acudido despu\u00e9s de que amigos o conocidos le recomendaran empezar este proceso.<\/p>\n<p> Para triunfar es fundamental ponerse en manos de un despacho de abogados profesional y especializado con sentencias. En este sentido, hay que decir que Repara tu Deuda Abogados ha logrado superar la cifra de 230 millones de euros exonerados a personas que proceden de las distintas comunidades aut\u00f3nomas de Espa\u00f1a.<\/p>\n<p> Bert\u00edn Osborne es la imagen oficial de Repara tu Deuda Abogados. Por este motivo, ayuda al despacho en la difusi\u00f3n de esta legislaci\u00f3n. \u00abEstamos ante una herramienta -declaran los abogados- que permite a las personas respirar de nuevo despu\u00e9s de tanta angustia. Por esta raz\u00f3n, contar con famosos que colaboren en esta labor se presenta como una tarea de gran importancia en la consecuci\u00f3n del objetivo de que ning\u00fan potencial beneficiario se quede sin tener acceso a una segunda oportunidad\u00bb.<\/p>\n<p> Por otro lado, el despacho tambi\u00e9n ofrece el an\u00e1lisis y estudio de los contratos firmados por las personas con bancos y entidades financieras. En este sentido, el objetivo es comprobar si existen cl\u00e1usulas abusivas para la cancelaci\u00f3n de tarjetas de cr\u00e9dito, tarjetas revolving, minicr\u00e9ditos, pr\u00e9stamos e hipotecas y poder reclamar a Cofidis, Moneyman, WiZink, Carrefour, Vivus, Banco Santander, CaixaBank, BBVA, Banco Sabadell, myKredit, Kviku, etc.<\/p>\n<p> Contacto <\/p>\n<p> Nombre contacto: David Guerrero <\/p>\n<p> Descripci\u00f3n contacto: Responsable de prensa <\/p>\n<p> Tel\u00e9fono de contacto: 655956735 <\/p>\n","protected":false},"excerpt":{"rendered":"<p>(Informaci\u00f3n remitida por la empresa firmante) El concursado inici\u00f3 un negocio que sufri\u00f3 las consecuencias econ\u00f3micas del COVID-19 Cullera, 28 de mayo de 2024.- El Juzgado de lo Mercantil n\u00ba3 de Valencia ha dictado la Exoneraci\u00f3n del Pasivo Insatisfecho (EPI) en el caso de un hombre de Cullera que ha quedado liberado de una deuda [&hellip;]<\/p>\n","protected":false},"author":1,"featured_media":0,"comment_status":"closed","ping_status":"closed","sticky":false,"template":"","format":"standard","meta":{"footnotes":""},"categories":[2],"tags":[],"class_list":["post-52983","post","type-post","status-publish","format-standard","hentry","category-noticias"],"_links":{"self":[{"href":"https:\/\/webciudadana.net\/index.php?rest_route=\/wp\/v2\/posts\/52983","targetHints":{"allow":["GET"]}}],"collection":[{"href":"https:\/\/webciudadana.net\/index.php?rest_route=\/wp\/v2\/posts"}],"about":[{"href":"https:\/\/webciudadana.net\/index.php?rest_route=\/wp\/v2\/types\/post"}],"author":[{"embeddable":true,"href":"https:\/\/webciudadana.net\/index.php?rest_route=\/wp\/v2\/users\/1"}],"replies":[{"embeddable":true,"href":"https:\/\/webciudadana.net\/index.php?rest_route=%2Fwp%2Fv2%2Fcomments&post=52983"}],"version-history":[{"count":0,"href":"https:\/\/webciudadana.net\/index.php?rest_route=\/wp\/v2\/posts\/52983\/revisions"}],"wp:attachment":[{"href":"https:\/\/webciudadana.net\/index.php?rest_route=%2Fwp%2Fv2%2Fmedia&parent=52983"}],"wp:term":[{"taxonomy":"category","embeddable":true,"href":"https:\/\/webciudadana.net\/index.php?rest_route=%2Fwp%2Fv2%2Fcategories&post=52983"},{"taxonomy":"post_tag","embeddable":true,"href":"https:\/\/webciudadana.net\/index.php?rest_route=%2Fwp%2Fv2%2Ftags&post=52983"}],"curies":[{"name":"wp","href":"https:\/\/api.w.org\/{rel}","templated":true}]}}