{"id":52987,"date":"2024-05-28T11:02:14","date_gmt":"2024-05-28T09:02:14","guid":{"rendered":"https:\/\/ticker-noticiasep.microcontenidos.com\/NoticiaRSS.vbhtml?user=FRND562DLP&amp;cod=20240528110214"},"modified":"2024-05-28T11:02:14","modified_gmt":"2024-05-28T09:02:14","slug":"sociedad-sm-estara-en-la-feria-del-libro-de-madrid-con-su-coleccion-los-futbolisimos-y-sus-ultimos-premios-literarios","status":"publish","type":"post","link":"https:\/\/webciudadana.net\/?p=52987","title":{"rendered":"Sociedad: SM estar\u00e1 en la Feria del Libro de Madrid con su colecci\u00f3n Los Futbol\u00edsimos y sus \u00faltimos premios literarios"},"content":{"rendered":"\n<div><img decoding=\"async\" src=\"https:\/\/img.europapress.es\/fotoweb\/fotonoticia_20240528110214_300.jpg\" class=\"ff-og-image-inserted\"><\/div>\n<p>(Informaci\u00f3n remitida por la empresa firmante)<\/p>\n<p>\nMadrid, 28 de mayo de 2024.- SM acude a la 83 edici\u00f3n de la Feria del Libro de Madrid, que se celebra del 31 de mayo al 16 de junio, con nuevos misterios de la exitosa colecci\u00f3n infantil Los Futbol\u00edsimos, que lleva m\u00e1s de 4.500.000 ejemplares vendidos. SM desplegar\u00e1 en la caseta 143 sus publicaciones m\u00e1s importantes en Literatura Infantil y Juvenil (LIJ), entre las que destacan las historias de un grupo de amigos que juegan al f\u00fatbol mientras resuelven misterios, princesas que se convierten en drag\u00f3n y otros relatos de calado social.<\/p>\n<p> Durante los tres primeros fines de semana de junio, en su caseta firmar\u00e1n autores muy reconocidos en el \u00e1mbito de la LIJ, como son Jordi Sierra i Fabra, Mar\u00eda Men\u00e9ndez-Ponte, Pedro Ma\u00f1as y Alfredo G\u00f3mez Cerd\u00e1, y autores de sagas infantiles como Pu\u00f1o y sus \u00abSolo para Ninjas\u00bb, Pedro Ma\u00f1as y sus \u00abPrincesas Drag\u00f3n\u00bb, Bego\u00f1a Oro y su ardilla Rasi o Troti, Fran Pintadera con \u00abAnt\u00f3n Pi\u00f1\u00f3n\u00bb entre otros muchos. Sin olvidar el fondo y novedades de la emblem\u00e1tica colecci\u00f3n El Barco de Vapor, un referente en la Literatura Infantil y Juvenil en Espa\u00f1a.<\/p>\n<p> Ver calendario de firmas de Literatura Infantil y Juvenil de SM<\/p>\n<p> Los prestigiosos Premios SM presentes en la Feria<\/p>\n<p> Tambi\u00e9n acudir\u00e1n los ganadores de los Premios SM 2024 que fueron entregados por S.M. la Reina.<\/p>\n<p> Premio SM El Barco de Vapor de Literatura Infantil a Pedro Caldas, con La leyenda del samur\u00e1i y la mariposa azul (s\u00e1bado 1 de junio) y el Premio SM de Literatura Juvenil Gran Angular a David Lozano con Intruso (s\u00e1bado 8 de junio).<\/p>\n<p> Ambas historias son apuestas por las amistades inesperadas en la vida, por la hermandad y la extraordinaria capacidad humana de madurez en los momentos de gran adversidad. Son relatos cuyos conflictos invitan a un debate constructivo, optimista pero nada maniqueo, sobre las posibilidades del perd\u00f3n, del cambio en aras de una sociedad mejor y el desarrollo de un di\u00e1logo claro frente a la muerte que conmueve sin condescendencia.<\/p>\n<p> Homenaje a Roberto Santiago en la Feria del Libro de Madrid<\/p>\n<p> Roberto Santiago, autor de la colecci\u00f3n infantil superventas con m\u00e1s de 4 millones de ejemplares vendidos en Espa\u00f1a, recibir\u00e1 un homenaje por parte de la Feria del Libro de Madrid por su compromiso por fomento de la lectura entre los m\u00e1s peque\u00f1os. Sus libros han sido traducidos a m\u00e1s de quince idiomas.<\/p>\n<p> En 2021, Roberto Santiago recibi\u00f3 el Premio Cervantes Chico de Literatura Infantil y Juvenil, como reconocimiento a su obra y visi\u00f3n global del mundo creativo.<\/p>\n<p> El homenaje que se celebrar\u00e1 el domingo 9 de junio, de 11:00 a 12:00 horas, tendr\u00e1 lugar en el Pabell\u00f3n Cecilio Rodriguez, en El Retiro.<\/p>\n<p> La entrada es libre hasta completar aforo<\/p>\n<p> Y de 12:30 a 14:00 horas Roberto Santiago estar\u00e1 firmando sus libros en la carpa de la Rosaleda.<\/p>\n<p> Escr\u00edbenos si quieres entrevistar a Roberto Santiago a comunicacionsm@info.grupo-sm.com <\/p>\n<p> PPC en la Feria del Libro de Madrid<\/p>\n<p> En su caseta 142, ubicado en una de las zonas m\u00e1s concurridas del Parque del Retiro, PPC presenta sus \u00faltimas novedades editoriales, que incluyen una variada oferta de libros de teolog\u00eda, espiritualidad, catequesis y pastoral.<\/p>\n<p> Los visitantes tendr\u00e1n la oportunidad de conocer en persona a autores como: Fernando Donaire, Alejandro Fern\u00e1ndez Barraj\u00f3n, Victor Alvarado, Vicente Esplugues, Luis Alfonso Zamorano, Victoria Mor\u00e1n&#8230; y muchos m\u00e1s<\/p>\n<p> Ver el calendario de firmas de PPC<\/p>\n<p> Comunicaci\u00f3n SM Espa\u00f1a<\/p>\n<p> comunicacionsm@info.grupo-sm.com<\/p>\n<p> Carmen Palomino &#8211; (34) 649 45 46 80<\/p>\n","protected":false},"excerpt":{"rendered":"<p>(Informaci\u00f3n remitida por la empresa firmante) Madrid, 28 de mayo de 2024.- SM acude a la 83 edici\u00f3n de la Feria del Libro de Madrid, que se celebra del 31 de mayo al 16 de junio, con nuevos misterios de la exitosa colecci\u00f3n infantil Los Futbol\u00edsimos, que lleva m\u00e1s de 4.500.000 ejemplares vendidos. SM desplegar\u00e1 [&hellip;]<\/p>\n","protected":false},"author":1,"featured_media":0,"comment_status":"closed","ping_status":"closed","sticky":false,"template":"","format":"standard","meta":{"footnotes":""},"categories":[2],"tags":[],"class_list":["post-52987","post","type-post","status-publish","format-standard","hentry","category-noticias"],"_links":{"self":[{"href":"https:\/\/webciudadana.net\/index.php?rest_route=\/wp\/v2\/posts\/52987","targetHints":{"allow":["GET"]}}],"collection":[{"href":"https:\/\/webciudadana.net\/index.php?rest_route=\/wp\/v2\/posts"}],"about":[{"href":"https:\/\/webciudadana.net\/index.php?rest_route=\/wp\/v2\/types\/post"}],"author":[{"embeddable":true,"href":"https:\/\/webciudadana.net\/index.php?rest_route=\/wp\/v2\/users\/1"}],"replies":[{"embeddable":true,"href":"https:\/\/webciudadana.net\/index.php?rest_route=%2Fwp%2Fv2%2Fcomments&post=52987"}],"version-history":[{"count":0,"href":"https:\/\/webciudadana.net\/index.php?rest_route=\/wp\/v2\/posts\/52987\/revisions"}],"wp:attachment":[{"href":"https:\/\/webciudadana.net\/index.php?rest_route=%2Fwp%2Fv2%2Fmedia&parent=52987"}],"wp:term":[{"taxonomy":"category","embeddable":true,"href":"https:\/\/webciudadana.net\/index.php?rest_route=%2Fwp%2Fv2%2Fcategories&post=52987"},{"taxonomy":"post_tag","embeddable":true,"href":"https:\/\/webciudadana.net\/index.php?rest_route=%2Fwp%2Fv2%2Ftags&post=52987"}],"curies":[{"name":"wp","href":"https:\/\/api.w.org\/{rel}","templated":true}]}}