{"id":52996,"date":"2024-05-28T14:08:01","date_gmt":"2024-05-28T12:08:01","guid":{"rendered":"https:\/\/ticker-noticiasep.microcontenidos.com\/NoticiaRSS.vbhtml?user=FRND562DLP&amp;cod=20240528140801"},"modified":"2024-05-28T14:08:01","modified_gmt":"2024-05-28T12:08:01","slug":"sociedad-manana-mas-de-200-empresas-ofertaran-2-000-puestos-de-trabajo-en-el-foro-de-empleo-de-la-upv","status":"publish","type":"post","link":"https:\/\/webciudadana.net\/?p=52996","title":{"rendered":"Sociedad: Ma\u00f1ana m\u00e1s de 200 empresas ofertar\u00e1n 2.000 puestos de trabajo en el Foro de Empleo de la UPV"},"content":{"rendered":"\n<div><img decoding=\"async\" src=\"https:\/\/img.europapress.es\/fotoweb\/fotonoticia_20240528140801_300.jpg\" class=\"ff-og-image-inserted\"><\/div>\n<p>(Informaci\u00f3n remitida por la empresa firmante)<\/p>\n<p> La XXII edici\u00f3n de este Foro, convertido en el mayor foro de empleo universitario de Espa\u00f1a, ser\u00e1 inaugurada por Jos\u00e9 Antonio Rovira Jover, Conseller de Educaci\u00f3n, Universidades y Empleo <\/p>\n<p> Ma\u00f1ana se inaugura la vig\u00e9sima segunda edici\u00f3n del Foro de Empleo que organiza la Universitat Polit\u00e8cnica de Val\u00e8ncia (UPV) en el que participan m\u00e1s de 200 empresas que ofertan m\u00e1s de 2.000 puestos de trabajo, lo que la convierte en la mayor feria de empleo universitario de toda Espa\u00f1a.<\/p>\n<p> Durante los dos d\u00edas en los que se celebra el Foro de Empleo (29 y 30 de mayo), entre las 10 y las 18 horas, los j\u00f3venes de cualquier universidad podr\u00e1n visitar los estands que las empresas participantes han habilitado en boulevar central del campus de Valencia, hablar con los representantes de dichas empresas o, incluso, presentar sus curr\u00edculos.<\/p>\n<p> La pasada semana, los j\u00f3venes de la UPV tuvieron la oportunidad de revisar sus curr\u00edculos, realizar simulaciones y grabaciones de sus entrevistas de trabajo, de las que se han podido llevar una copia y un informe de la empresa acerca de la misma y c\u00f3mo mejorarla y -por primera vez- revisar su huella digital; es decir, comprobar la informaci\u00f3n que cualquier empresa puede encontrar de ellos en Internet, sobre la que han recibido asesoramiento.<\/p>\n<p> Para Lola Salvador, Vicerrectora de Empleo y Formaci\u00f3n Permanente de la UPV \u00abel Foro de Empleo es uno de los ejemplos m\u00e1s claros del \u00e9xito de la colaboraci\u00f3n entre el mundo acad\u00e9mico y el empresarial. Desde la Universitat Polit\u00e8cnica de Val\u00e8ncia creemos firmemente que no puede haber progreso si empresas, universidades e instituciones no caminamos de la mano\u00bb.<\/p>\n<p> Inauguraci\u00f3n del Foro <\/p>\n<p> El acto ser\u00e1 inaugurado ma\u00f1ana a las diez y media de la ma\u00f1ana por Jos\u00e9 Capilla, rector de la Universitat Polit\u00e8cnica de Val\u00e8ncia y estar\u00e1 acompa\u00f1ado por Jos\u00e9 Antonio Rovira Jover, Conseller de Educaci\u00f3n, Universidades y Empleo. Adem\u00e1s, contar\u00e1 con la presencia de otros representantes de la Generalitat, de la universidad, de la patronal, sindicatos, delegaci\u00f3n de alumnos y de colegios profesionales y asociaciones.<\/p>\n<p> Para Ana Silvia Navarro, coordinadora de los programas de desarrollo de COSENTINO, \u00abpresentes desde hace m\u00e1s de 8 a\u00f1os, para nosotros el Foro de Empleo de la UPV es una de las principales citas del a\u00f1o. Acudimos buscando el mejor talento juvenil y mostrando nuestra amplia oferta de empleos de calidad.\u00bb.<\/p>\n<p> Para alumnos como Enrique Pastor Perez, graduado en ingenier\u00eda tecnolog\u00edas industriales y estudiante del 2\u00ba curso del m\u00e1ster habilitante de ingenier\u00eda industrial, \u00abhab\u00eda acudido otras ediciones al Foro, pero ahora que estoy acabando el M\u00e1ster habilitante, me interesa mucho contactar con todas las empresas, especialmente las multinacionales. Para m\u00ed es una buena oportunidad para encontrar un hueco en el mercado laboral. Adem\u00e1s, es muy f\u00e1cil hablar con empresas que te interesan en un radio de pocos metros\u00bb.<\/p>\n<p> El Academic Ranking of World Universities (ARWU), popularmente conocido como el ranking de Shangh\u00e1i -considerado internacionalmente como el indicador de universidades m\u00e1s prestigioso del mundo-, lleva dos d\u00e9cadas reconociendo a la UPV como mejor polit\u00e9cnica de Espa\u00f1a. As\u00ed mismo, otro indicador de referencia mundial, THE, incluye a la UPV entre las 200 universidades con mayor impacto social y econ\u00f3mico del mundo. <\/p>\n<p> Contacto <\/p>\n<p> Nombre contacto: Isabel Castro <\/p>\n<p> Descripci\u00f3n contacto: Consultores de comunicacion <\/p>\n<p> Tel\u00e9fono de contacto: 699418463 <\/p>\n<p> Im\u00e1genes <\/p>\n<p> https:\/\/static.comunicae.com\/photos\/notas\/1255023\/Imagen_Foro_2023.png <\/p>\n<p> Pie de foto: Foro de Empleo 2023 Autor: UPV<\/p>\n","protected":false},"excerpt":{"rendered":"<p>(Informaci\u00f3n remitida por la empresa firmante) La XXII edici\u00f3n de este Foro, convertido en el mayor foro de empleo universitario de Espa\u00f1a, ser\u00e1 inaugurada por Jos\u00e9 Antonio Rovira Jover, Conseller de Educaci\u00f3n, Universidades y Empleo Ma\u00f1ana se inaugura la vig\u00e9sima segunda edici\u00f3n del Foro de Empleo que organiza la Universitat Polit\u00e8cnica de Val\u00e8ncia (UPV) en [&hellip;]<\/p>\n","protected":false},"author":1,"featured_media":0,"comment_status":"closed","ping_status":"closed","sticky":false,"template":"","format":"standard","meta":{"footnotes":""},"categories":[2],"tags":[],"class_list":["post-52996","post","type-post","status-publish","format-standard","hentry","category-noticias"],"_links":{"self":[{"href":"https:\/\/webciudadana.net\/index.php?rest_route=\/wp\/v2\/posts\/52996","targetHints":{"allow":["GET"]}}],"collection":[{"href":"https:\/\/webciudadana.net\/index.php?rest_route=\/wp\/v2\/posts"}],"about":[{"href":"https:\/\/webciudadana.net\/index.php?rest_route=\/wp\/v2\/types\/post"}],"author":[{"embeddable":true,"href":"https:\/\/webciudadana.net\/index.php?rest_route=\/wp\/v2\/users\/1"}],"replies":[{"embeddable":true,"href":"https:\/\/webciudadana.net\/index.php?rest_route=%2Fwp%2Fv2%2Fcomments&post=52996"}],"version-history":[{"count":0,"href":"https:\/\/webciudadana.net\/index.php?rest_route=\/wp\/v2\/posts\/52996\/revisions"}],"wp:attachment":[{"href":"https:\/\/webciudadana.net\/index.php?rest_route=%2Fwp%2Fv2%2Fmedia&parent=52996"}],"wp:term":[{"taxonomy":"category","embeddable":true,"href":"https:\/\/webciudadana.net\/index.php?rest_route=%2Fwp%2Fv2%2Fcategories&post=52996"},{"taxonomy":"post_tag","embeddable":true,"href":"https:\/\/webciudadana.net\/index.php?rest_route=%2Fwp%2Fv2%2Ftags&post=52996"}],"curies":[{"name":"wp","href":"https:\/\/api.w.org\/{rel}","templated":true}]}}