{"id":53001,"date":"2024-05-28T15:37:52","date_gmt":"2024-05-28T13:37:52","guid":{"rendered":"https:\/\/ticker-noticiasep.microcontenidos.com\/NoticiaRSS.vbhtml?user=FRND562DLP&amp;cod=20240528153752"},"modified":"2024-05-28T15:37:52","modified_gmt":"2024-05-28T13:37:52","slug":"sociedad-kuppersbusch-icono-de-funcionalidad-y-diseno-en-cocinas-en-casa-decor-2024","status":"publish","type":"post","link":"https:\/\/webciudadana.net\/?p=53001","title":{"rendered":"Sociedad: K\u00fcppersbusch, icono de funcionalidad y dise\u00f1o en cocinas en Casa Decor 2024"},"content":{"rendered":"\n<div><img decoding=\"async\" src=\"https:\/\/img.europapress.es\/fotoweb\/fotonoticia_20240528153752_300.jpg\" class=\"ff-og-image-inserted\"><\/div>\n<p>(Informaci\u00f3n remitida por la empresa firmante)<\/p>\n<p> Con el cierre de la 59\u00aa Edici\u00f3n de Casa Decor, K\u00fcppersbusch ha reafirmado su posici\u00f3n como l\u00edder en dise\u00f1o y funcionalidad en el mercado de electrodom\u00e9sticos de lujo. Este evento, que se ha celebrado en el Palacio de la Trinidad de Madrid y que ha atra\u00eddo a m\u00e1s de 40.000 visitantes, ha sido nuevamente el escaparate perfecto para presentar la innovaci\u00f3n, calidad y estilo exclusivo alem\u00e1n que K\u00fcppersbusch ofrece<\/p>\n<p> Madrid, 28 de mayo de 2024.- Durante esta cita de referencia para dise\u00f1adores, arquitectos y amantes del interiorismo, la marca ha estado presente en el espacio \u00abBella Natura\u00bb, dise\u00f1ado por la reputada interiorista Virginia Gasch de VG Living. Este espacio ha sido el lienzo perfecto para exhibir los electrodom\u00e9sticos de dise\u00f1o de K\u00fcppersbusch. Desde el horno multifunci\u00f3n, hasta el frigor\u00edfico integrado, pasando por la placa de inducci\u00f3n con campana GlideControl+, las vinotecas y el lavavajillas XXL, han demostrado una vez m\u00e1s la capacidad de la firma alemana para integrar funcionalidad avanzada con est\u00e9tica refinada.<\/p>\n<p> Rub\u00e9n Jim\u00e9nez, responsable de K\u00fcppersbusch en Espa\u00f1a, ha destacado la importancia de la participaci\u00f3n en Casa Decor: \u00abHa sido una plataforma extraordinaria para demostrar c\u00f3mo nuestros electrodom\u00e9sticos no solo cumplen con las expectativas funcionales de los consumidores, sino que tambi\u00e9n elevan cualquier espacio con su dise\u00f1o. La capacidad de personalizar acabados nos permite ofrecer soluciones \u00fanicas que se alinean perfectamente con cualquier preferencia de dise\u00f1o interior\u00bb.<\/p>\n<p> Coincidiendo con su participaci\u00f3n en Casa Decor, K\u00fcppersbusch ha lanzado su nuevo cat\u00e1logo y las novedades para 2024. Entre ellas destacan las gamas MattBlack, que adopta un elegante negro mate, y GraphiteLine, con su acabado met\u00e1lico y detalles en cristal. Ambas l\u00edneas reflejan un dise\u00f1o minimalista y sofisticado que evoca las ra\u00edces industriales de la marca en la regi\u00f3n alemana del Ruhr, rindiendo as\u00ed un tributo moderno a su legado hist\u00f3rico.<\/p>\n<p> La presencia de K\u00fcppersbusch en Casa Decor 2024 ha supuesto nuevamente una oportunidad para exhibir sus \u00faltimas novedades y para reforzar su visi\u00f3n de liderazgo en el mercado de electrodom\u00e9sticos de lujo. Respaldada por m\u00e1s de 70 premios de dise\u00f1o, la marca es un referente por su capacidad para integrar una funcionalidad superior con un dise\u00f1o excepcional; marcando tendencias y estableciendo nuevos est\u00e1ndares en el sector.<\/p>\n<p> Acerca de K\u00fcppersbusch<\/p>\n<p> Friedrich K\u00fcppersbusch fue el primer fabricante alem\u00e1n de cocinas que fund\u00f3 la empresa en 1875 con la producci\u00f3n de hornos de carb\u00f3n hechos a mano.<\/p>\n<p> La marca alemana, de 150 a\u00f1os de historia y que fue la primera en el mundo en comercializar un horno, contin\u00faa con el esp\u00edritu pionero de su fundador, que mantiene el car\u00e1cter de la regi\u00f3n minera del Ruhr.<\/p>\n<p> El estilo alem\u00e1n representa un dise\u00f1o singular, exclusivo, funcional y duradero, se\u00f1as de identidad de esta marca de electrodom\u00e9sticos premium. La firma, reconocida a nivel internacional, cuenta con m\u00e1s de 70 premios de dise\u00f1o y est\u00e1 presente en 40 pa\u00edses repartidos entre Am\u00e9rica, Europa, \u00c1frica y Asia.<\/p>\n<p> Para m\u00e1s informaci\u00f3n, visitar: https:\/\/www.home-kueppersbusch.com\/es-es\/ <\/p>\n<p> Contacto <\/p>\n<p> Nombre contacto: Andrea C.<\/p>\n<p> Descripci\u00f3n contacto: K\u00fcppersbusch <\/p>\n<p> Tel\u00e9fono de contacto: 608087411 <\/p>\n","protected":false},"excerpt":{"rendered":"<p>(Informaci\u00f3n remitida por la empresa firmante) Con el cierre de la 59\u00aa Edici\u00f3n de Casa Decor, K\u00fcppersbusch ha reafirmado su posici\u00f3n como l\u00edder en dise\u00f1o y funcionalidad en el mercado de electrodom\u00e9sticos de lujo. Este evento, que se ha celebrado en el Palacio de la Trinidad de Madrid y que ha atra\u00eddo a m\u00e1s de [&hellip;]<\/p>\n","protected":false},"author":1,"featured_media":0,"comment_status":"closed","ping_status":"closed","sticky":false,"template":"","format":"standard","meta":{"footnotes":""},"categories":[2],"tags":[],"class_list":["post-53001","post","type-post","status-publish","format-standard","hentry","category-noticias"],"_links":{"self":[{"href":"https:\/\/webciudadana.net\/index.php?rest_route=\/wp\/v2\/posts\/53001","targetHints":{"allow":["GET"]}}],"collection":[{"href":"https:\/\/webciudadana.net\/index.php?rest_route=\/wp\/v2\/posts"}],"about":[{"href":"https:\/\/webciudadana.net\/index.php?rest_route=\/wp\/v2\/types\/post"}],"author":[{"embeddable":true,"href":"https:\/\/webciudadana.net\/index.php?rest_route=\/wp\/v2\/users\/1"}],"replies":[{"embeddable":true,"href":"https:\/\/webciudadana.net\/index.php?rest_route=%2Fwp%2Fv2%2Fcomments&post=53001"}],"version-history":[{"count":0,"href":"https:\/\/webciudadana.net\/index.php?rest_route=\/wp\/v2\/posts\/53001\/revisions"}],"wp:attachment":[{"href":"https:\/\/webciudadana.net\/index.php?rest_route=%2Fwp%2Fv2%2Fmedia&parent=53001"}],"wp:term":[{"taxonomy":"category","embeddable":true,"href":"https:\/\/webciudadana.net\/index.php?rest_route=%2Fwp%2Fv2%2Fcategories&post=53001"},{"taxonomy":"post_tag","embeddable":true,"href":"https:\/\/webciudadana.net\/index.php?rest_route=%2Fwp%2Fv2%2Ftags&post=53001"}],"curies":[{"name":"wp","href":"https:\/\/api.w.org\/{rel}","templated":true}]}}