{"id":53014,"date":"2024-05-28T23:28:57","date_gmt":"2024-05-28T21:28:57","guid":{"rendered":"https:\/\/ticker-noticiasep.microcontenidos.com\/NoticiaRSS.vbhtml?user=FRND562DLP&amp;cod=20240528232857"},"modified":"2024-05-28T23:28:57","modified_gmt":"2024-05-28T21:28:57","slug":"mundo-se-acerca-un-espectaculo-mundial-de-futuros-talentos-de-la-moda","status":"publish","type":"post","link":"https:\/\/webciudadana.net\/?p=53014","title":{"rendered":"Mundo: Se acerca un espect\u00e1culo mundial de futuros talentos de la moda"},"content":{"rendered":"\n<div><img decoding=\"async\" src=\"https:\/\/img.europapress.es\/fotoweb\/fotonoticia_20240528232857_300.jpg\" class=\"ff-og-image-inserted\"><\/div>\n<p>(Informaci\u00f3n remitida por la empresa firmante)<\/p>\n<p>\n&#8212; Se acerca un espect\u00e1culo mundial de futuros talentos de la moda: El colectivo mundial de la moda prepara la pr\u00f3xima temporada PV25 para que todos participen y la vivan en primera persona<\/p>\n<p> \u00abCreando el camino para futuros talentos\u00bb<\/p>\n<p>\nVANCOUVER, British Columbia, 28 de mayo de 2024 \/PRNewswire\/ &#8212; Creada en octubre de 2017, Global Fashion Collective (GFC) es una plataforma dedicada a cultivar el futuro del talento de la moda mundial y a proporcionar un escenario para que estas estrellas emergentes alcancen un escenario global.<\/p>\n<p> Global Fashion Collective (GFC) es un equipo internacional diversificado de profesionales que apoya a los dise\u00f1adores co-creando con ellos un camino hacia el \u00e9xito en el mundo de la moda. Operando dos veces al a\u00f1o bajo los prestigiosos paraguas de la Semana de la Moda de Nueva York y la Semana de la Moda Rakuten de Tokio, y organizando desfiles durante las Semanas de la Moda de Londres, Mil\u00e1n y Par\u00eds, hemos presentado a m\u00e1s de 230 dise\u00f1adores internacionales a un p\u00fablico global, ayud\u00e1ndoles a establecer sus marcas reconocidas internacionalmente.<\/p>\n<p> Nuestra misi\u00f3n<\/p>\n<p>\nGlobal Fashion Collective (GFC) se compromete a remodelar el futuro de la moda fomentando un entorno inclusivo y diverso. Nos comprometemos a cultivar talentos de todo el mundo, yendo m\u00e1s all\u00e1 de los desfiles de moda para crear experiencias impactantes.<\/p>\n<p> Nuestra visi\u00f3n<\/p>\n<p>\nGlobal Fashion Collective aspira a ser un l\u00edder en la industria mundial de la moda, mostrando y apoyando de forma innovadora a dise\u00f1adores prometedores. Participamos en las principales semanas de la moda de Nueva York, Tokio, Londres, Mil\u00e1n y Par\u00eds, y nuestro objetivo es hacer que la moda sea m\u00e1s accesible y representativa. Al abogar por la creatividad y la inclusi\u00f3n, actuamos como su \u00abSocio Creador de Caminos\u00bb, guiando a los futuros talentos en su ascenso dentro del mundo de la moda.<\/p>\n<p> Mientras nos preparamos para la temporada, destacamos algunos dise\u00f1adores para la primavera-verano de 2025 en los pr\u00f3ximos desfiles PV25 de Global Fashion Collective en la Semana de la Moda Rakuten de Tokio, la Semana de la Moda de Nueva York y las Semanas de la Moda de Londres, Mil\u00e1n y Par\u00eds: <\/p>\n<p>\n\u2022 Old Fashion Standards<\/p>\n<p>\n\u2022 Mahaud<\/p>\n<p>\n\u2022 Tess Man Haute Couture<\/p>\n<p>\n\u2022 Dress en Doris<\/p>\n<p>\n\u2022 David Layer<\/p>\n<p>\n\u2022 Valienne<\/p>\n<p>\n\u2022 Par Jane <\/p>\n<p>\nTodos los dise\u00f1adores de vanguardia mencionados han trabajado con VFW o GFC en el pasado. Entre los dise\u00f1adores que regresan, destaca la marca japonesa David Layer. La marca expondr\u00e1 en Par\u00eds su especialidad en trajes de caballero. Adem\u00e1s, la marca de origen canadiense Old Fashioned Standards, que ha participado en anteriores Semanas de la Moda de Vancouver, participar\u00e1 ahora en la Semana de la Moda de Tokio tras ganar el prestigioso premio Nancy Mak 2024 por su inspiraci\u00f3n creativa. Por \u00faltimo, Mahaud, un estudio de estilismo franc\u00e9s, llega esta temporada a Nueva York para presentar sus \u00faltimos y atrevidos looks, que representan a la generaci\u00f3n emergente de la moda. Nos complace dar la bienvenida a estos talentos excepcionales de todo el mundo, que influyen en la escena de la moda actual y marcan las tendencias de estilo del futuro.<\/p>\n<p> S\u00edganos para saber d\u00f3nde ver los desfiles y mant\u00e9ngase al d\u00eda de la programaci\u00f3n que se anunciar\u00e1 a medida que se acerquen las fechas del evento en septiembre a trav\u00e9s de:<\/p>\n<p>\nwww.globalfashioncollective.com IG: https:\/\/www.instagram.com\/globalfashioncollective\/ YouTube: https:\/\/www.youtube.com\/@globalfashioncollective<\/p>\n<p>\nLogo &#8212; https:\/\/mma.prnewswire.com\/media\/2423194\/Global_Fashion_Collective_Logo.jpg<\/p>\n<p>\nFoto &#8212; https:\/\/mma.prnewswire.com\/media\/2423195\/Global_Fashion_Collective_NYFW.jpg<\/p>\n<p>\nContacto para informaci\u00f3n general, incluidas consultas sobre dise\u00f1adores y patrocinadores:<\/p>\n<p>\ninfo@globalfashioncollective.com<\/p>\n<p> View original content:https:\/\/www.prnewswire.com\/news-releases\/se-acerca-un-espectaculo-mundial-de-futuros-talentos-de-la-moda-302157214.html<\/p>\n","protected":false},"excerpt":{"rendered":"<p>(Informaci\u00f3n remitida por la empresa firmante) &#8212; Se acerca un espect\u00e1culo mundial de futuros talentos de la moda: El colectivo mundial de la moda prepara la pr\u00f3xima temporada PV25 para que todos participen y la vivan en primera persona \u00abCreando el camino para futuros talentos\u00bb VANCOUVER, British Columbia, 28 de mayo de 2024 \/PRNewswire\/ &#8212; [&hellip;]<\/p>\n","protected":false},"author":1,"featured_media":0,"comment_status":"closed","ping_status":"closed","sticky":false,"template":"","format":"standard","meta":{"footnotes":""},"categories":[2],"tags":[],"class_list":["post-53014","post","type-post","status-publish","format-standard","hentry","category-noticias"],"_links":{"self":[{"href":"https:\/\/webciudadana.net\/index.php?rest_route=\/wp\/v2\/posts\/53014","targetHints":{"allow":["GET"]}}],"collection":[{"href":"https:\/\/webciudadana.net\/index.php?rest_route=\/wp\/v2\/posts"}],"about":[{"href":"https:\/\/webciudadana.net\/index.php?rest_route=\/wp\/v2\/types\/post"}],"author":[{"embeddable":true,"href":"https:\/\/webciudadana.net\/index.php?rest_route=\/wp\/v2\/users\/1"}],"replies":[{"embeddable":true,"href":"https:\/\/webciudadana.net\/index.php?rest_route=%2Fwp%2Fv2%2Fcomments&post=53014"}],"version-history":[{"count":0,"href":"https:\/\/webciudadana.net\/index.php?rest_route=\/wp\/v2\/posts\/53014\/revisions"}],"wp:attachment":[{"href":"https:\/\/webciudadana.net\/index.php?rest_route=%2Fwp%2Fv2%2Fmedia&parent=53014"}],"wp:term":[{"taxonomy":"category","embeddable":true,"href":"https:\/\/webciudadana.net\/index.php?rest_route=%2Fwp%2Fv2%2Fcategories&post=53014"},{"taxonomy":"post_tag","embeddable":true,"href":"https:\/\/webciudadana.net\/index.php?rest_route=%2Fwp%2Fv2%2Ftags&post=53014"}],"curies":[{"name":"wp","href":"https:\/\/api.w.org\/{rel}","templated":true}]}}