{"id":53015,"date":"2024-05-29T08:02:04","date_gmt":"2024-05-29T06:02:04","guid":{"rendered":"https:\/\/ticker-noticiasep.microcontenidos.com\/NoticiaRSS.vbhtml?user=FRND562DLP&amp;cod=20240529080204"},"modified":"2024-05-29T08:02:04","modified_gmt":"2024-05-29T06:02:04","slug":"mundo-urban-photo-awards-2024-celebrando-15-anos-de-excelencia-en-fotografia-urbana","status":"publish","type":"post","link":"https:\/\/webciudadana.net\/?p=53015","title":{"rendered":"Mundo: URBAN Photo Awards 2024: Celebrando 15 a\u00f1os de excelencia en fotograf\u00eda urbana"},"content":{"rendered":"\n<div><img decoding=\"async\" src=\"https:\/\/img.europapress.es\/fotoweb\/fotonoticia_20240529080204_300.jpg\" class=\"ff-og-image-inserted\"><\/div>\n<p>(Informaci\u00f3n remitida por la empresa firmante)<\/p>\n<p>\nParticipa ahora para tener la oportunidad de ganar 40.000 \u20ac en premios<\/p>\n<p>\nTRIESTE, Italia, 29 de mayo de 2024 \/PRNewswire\/ &#8212; Celebrando su 15\u00ba aniversario, los URBAN Photo Awards invitan a fot\u00f3grafos de todo el mundo a competir por 40.000 \u20ac en premios y reconocimiento mundial. Las inscripciones deben presentarse antes del 16 de junio de 2024, lo que dar\u00e1 lugar a una prestigiosa exposici\u00f3n en el festival Trieste Photo Days.<\/p>\n<p> Un prestigioso panel de jueces de fotograf\u00eda<\/p>\n<p>\nEl jurado de 2024, encabezado por Harry Gruyaert de Magnum, c\u00e9lebre por su extraordinaria fotograf\u00eda urbana, y que incluye a los renombrados jueces Adam Pretty y Paul Gadd, contin\u00faa la tradici\u00f3n establecida por jurados ic\u00f3nicos del pasado como Martin Parr, Susan Meiselas, Alex Webb y Paolo Pellegrin, Alec Soth, Bruce Gilden y Nino Migliori. Este panel eval\u00faa fotograf\u00edas urbanas \u00fanicas y brinda a los participantes una oportunidad incomparable de reconocimiento internacional.<\/p>\n<p> Un trofeo \u00fanico de un artista de la Bienal de Venecia<\/p>\n<p>\nLos ganadores recibir\u00e1n trofeos exclusivos, magistralmente elaborados por Giorgio Celiberti, un distinguido artista conocido por sus contribuciones a la Bienal de Venecia. Estos trofeos no s\u00f3lo mantienen los altos est\u00e1ndares de la competencia sino que tambi\u00e9n celebran la excepcional artesan\u00eda italiana, a\u00f1adiendo una capa de prestigio a los elogios.<\/p>\n<p>\n\u00bfPor qu\u00e9 participar en los URBAN Photo Awards?<\/p>\n<p>\nParticipar en los URBAN Photo Awards ofrece m\u00e1s que la oportunidad de ganar importantes premios. Es una puerta de entrada al reconocimiento internacional, que permite a los fot\u00f3grafos emergentes y establecidos mejorar significativamente su exposici\u00f3n global. Los ganadores no solo compartir\u00e1n el importante premio acumulado, sino que tambi\u00e9n obtendr\u00e1n una exposici\u00f3n notable al mostrar su trabajo en uno de los festivales de fotograf\u00eda m\u00e1s prestigiosos de Europa, lo que permitir\u00e1 avanzar a\u00fan m\u00e1s en sus carreras profesionales.<\/p>\n<p> Categor\u00edas dise\u00f1adas para diversos talentos fotogr\u00e1ficos<\/p>\n<p>\nLa competencia presenta una amplia gama de categor\u00edas adecuadas para cada fot\u00f3grafo, incluidas fotograf\u00edas individuales, proyectos y portafolios, libros, revistas y el premio de prensa. El URBAN Photo Arena est\u00e1 dirigido espec\u00edficamente a fot\u00f3grafos emergentes menores de 35 a\u00f1os y celebra nuevas perspectivas en la fotograf\u00eda urbana. Se anima a los participantes a enviar su primera fotograf\u00eda de forma gratuita en la categor\u00eda Foto \u00fanica, promoviendo una participaci\u00f3n diversa en varios estilos fotogr\u00e1ficos.<\/p>\n<p> \u00danete a los prestigiosos premios URBAN Photo Awards<\/p>\n<p>\nAprovecha esta oportunidad para participar en un concurso de fotograf\u00eda l\u00edder a nivel internacional. Env\u00eda tus fotograf\u00edas urbanas m\u00e1s atractivas y \u00fanete a una vibrante comunidad de fot\u00f3grafos de todo el mundo. Mejora tu cartera profesional y compite por premios impresionantes.<\/p>\n<p> Env\u00eda tus fotograf\u00edas antes de la fecha l\u00edmite del concurso el 16 de junio de 2024, en https:\/\/www.urbanphotoawards.com.<\/p>\n<p> Informaci\u00f3n de contacto:<\/p>\n<p>\ndotART &#8211; Cultural Association<\/p>\n<p>\n+39 040 372 0617<\/p>\n<p>\ninfo@urbanphotoawards.com<\/p>\n<p>\nFoto &#8212; https:\/\/mma.prnewswire.com\/media\/2422798\/URBAN_Photo_Awards_2024.jpg<\/p>\n<p> View original content:https:\/\/www.prnewswire.com\/news-releases\/urban-photo-awards-2024-celebrando-15-anos-de-excelencia-en-fotografia-urbana-302156799.html<\/p>\n","protected":false},"excerpt":{"rendered":"<p>(Informaci\u00f3n remitida por la empresa firmante) Participa ahora para tener la oportunidad de ganar 40.000 \u20ac en premios TRIESTE, Italia, 29 de mayo de 2024 \/PRNewswire\/ &#8212; Celebrando su 15\u00ba aniversario, los URBAN Photo Awards invitan a fot\u00f3grafos de todo el mundo a competir por 40.000 \u20ac en premios y reconocimiento mundial. Las inscripciones deben [&hellip;]<\/p>\n","protected":false},"author":1,"featured_media":0,"comment_status":"closed","ping_status":"closed","sticky":false,"template":"","format":"standard","meta":{"footnotes":""},"categories":[2],"tags":[],"class_list":["post-53015","post","type-post","status-publish","format-standard","hentry","category-noticias"],"_links":{"self":[{"href":"https:\/\/webciudadana.net\/index.php?rest_route=\/wp\/v2\/posts\/53015","targetHints":{"allow":["GET"]}}],"collection":[{"href":"https:\/\/webciudadana.net\/index.php?rest_route=\/wp\/v2\/posts"}],"about":[{"href":"https:\/\/webciudadana.net\/index.php?rest_route=\/wp\/v2\/types\/post"}],"author":[{"embeddable":true,"href":"https:\/\/webciudadana.net\/index.php?rest_route=\/wp\/v2\/users\/1"}],"replies":[{"embeddable":true,"href":"https:\/\/webciudadana.net\/index.php?rest_route=%2Fwp%2Fv2%2Fcomments&post=53015"}],"version-history":[{"count":0,"href":"https:\/\/webciudadana.net\/index.php?rest_route=\/wp\/v2\/posts\/53015\/revisions"}],"wp:attachment":[{"href":"https:\/\/webciudadana.net\/index.php?rest_route=%2Fwp%2Fv2%2Fmedia&parent=53015"}],"wp:term":[{"taxonomy":"category","embeddable":true,"href":"https:\/\/webciudadana.net\/index.php?rest_route=%2Fwp%2Fv2%2Fcategories&post=53015"},{"taxonomy":"post_tag","embeddable":true,"href":"https:\/\/webciudadana.net\/index.php?rest_route=%2Fwp%2Fv2%2Ftags&post=53015"}],"curies":[{"name":"wp","href":"https:\/\/api.w.org\/{rel}","templated":true}]}}