{"id":53030,"date":"2024-05-29T13:06:13","date_gmt":"2024-05-29T11:06:13","guid":{"rendered":"https:\/\/ticker-noticiasep.microcontenidos.com\/NoticiaRSS.vbhtml?user=FRND562DLP&amp;cod=20240529130613"},"modified":"2024-05-29T13:06:13","modified_gmt":"2024-05-29T11:06:13","slug":"comunicae-incorpora-a-patricia-fernandez-carrelo-como-cmo","status":"publish","type":"post","link":"https:\/\/webciudadana.net\/?p=53030","title":{"rendered":"Comunicae incorpora a Patricia Fern\u00e1ndez Carrelo como CMO"},"content":{"rendered":"\n<div><img decoding=\"async\" src=\"https:\/\/img.europapress.es\/fotoweb\/fotonoticia_20240529130613_300.jpg\" class=\"ff-og-image-inserted\"><\/div>\n<p>(Informaci\u00f3n remitida por la empresa firmante)<\/p>\n<p>\nLa empresa l\u00edder en distribuci\u00f3n de notas de prensa online en lengua hispana contin\u00faa, de este modo, con su proceso de consolidaci\u00f3n a nivel internacional y su evoluci\u00f3n hacia la conversi\u00f3n en la herramienta de comunicaci\u00f3n corporativa de referencia. Patricia Fern\u00e1ndez Carrelo se incorpora con el objetivo de impulsar la estrategia que permita alcanzar este nuevo posicionamiento<\/p>\n<p>\nBarcelona, 29 de mayo de 2024.- Comunicae, empresa l\u00edder en distribuci\u00f3n de notas de prensa online en lengua hispana, se encuentra en una fase de consolidaci\u00f3n internacional. Al mismo tiempo, est\u00e1 desarrollando nuevas funcionalidades que le permitan convertirse en la herramienta de comunicaci\u00f3n corporativa de referencia y, por tanto, ir m\u00e1s all\u00e1 de la distribuci\u00f3n de notas de prensa.<\/p>\n<p> Para lograrlo, Comunicae viene desarrollando y lanzando una serie de funcionalidades haciendo uso de todas las posibilidades que ofrece la Inteligencia Artificial en comunicaci\u00f3n corporativa. Los objetivos son impulsar el alcance org\u00e1nico de los contenidos de sus clientes, agilizar las tareas necesarias que incluye cualquier proceso comunicativo y aumentar las posibilidades de an\u00e1lisis de los resultados.<\/p>\n<p> La primera de las funcionalidades lanzadas ha sido el asistente virtual Laia que, mediante IA, redacta el texto de una nota de prensa sobre el que trabajar. Posteriormente, han lanzado la creaci\u00f3n de v\u00eddeos de forma automatizada a partir de una nota de prensa ya distribuida a trav\u00e9s de Comunicae.<\/p>\n<p> Con el objetivo de alcanzar este posicionamiento de liderazgo en el \u00e1mbito de la comunicaci\u00f3n corporativa y ejecutar con \u00e9xito el ambicioso plan ideado -del cual estas nuevas funcionalidades son una peque\u00f1a parte-, Comunicae ha incorporado a Patricia Fern\u00e1ndez Carrelo como Chief Marketing Officer (CMO). Consciente de la necesidad de impulsar una nueva etapa en la empresa que cuenta con m\u00e1s de 12 a\u00f1os de experiencia, Nuno Bernardes, CEO de Comunicae, ha sido quien ha apostado por esta incorporaci\u00f3n.<\/p>\n<p> \u00ab2024 ser\u00e1 el a\u00f1o en que Comunicae se va a convertir en la soluci\u00f3n de comunicaci\u00f3n corporativa en lengua hispana, yendo mucho m\u00e1s all\u00e1 de la distribuci\u00f3n de notas de prensa y convirti\u00e9ndose en un verdadero aliado en los procesos de comunicaci\u00f3n de las empresas. Por estos motivos es para m\u00ed un honor sumarme a este gran equipo profesional y humano para llevar el proyecto al siguiente nivel\u00bb, ha afirmado Patricia Fern\u00e1ndez Carrelo, CMO de Comunicae.<\/p>\n<p> Trayectoria y perfil profesional<\/p>\n<p>\nPatricia Fern\u00e1ndez Carrelo cuenta con m\u00e1s de 15 a\u00f1os de experiencia en el sector tecnol\u00f3gico y, m\u00e1s concretamente, en el \u00e1mbito de la comunicaci\u00f3n, el marketing y las ventas B2B, actuando como CMO, consultora y mentora de startups y pymes.<\/p>\n<p> Se trata de una profesional apasionada de su trabajo, entusiasta de la tecnolog\u00eda y con altas capacidades de liderazgo. Asimismo, es especialista en SaaS B2B y digitalizaci\u00f3n de verticales tradicionalmente anal\u00f3gicos.<\/p>\n<p> Durante su trayectoria ha colaborado en m\u00e1s de 50 proyectos, entre los que destacan: Red Points (+100M\u20ac de inversi\u00f3n), Klikin (adquirida por Respol), Geographica (adquirida por Carto), BCome, Gretel, TeamEQ, Wisar, Billage o Universal Avenue, entre otras empresas de car\u00e1cter internacional.<\/p>\n<p> Contacto<\/p>\n<p>\nNombre contacto: Patricia Fern\u00e1ndez Carrelo<\/p>\n<p>\nDescripci\u00f3n contacto: CMO<\/p>\n<p>\nTel\u00e9fono de contacto: 931702774<\/p>\n","protected":false},"excerpt":{"rendered":"<p>(Informaci\u00f3n remitida por la empresa firmante) La empresa l\u00edder en distribuci\u00f3n de notas de prensa online en lengua hispana contin\u00faa, de este modo, con su proceso de consolidaci\u00f3n a nivel internacional y su evoluci\u00f3n hacia la conversi\u00f3n en la herramienta de comunicaci\u00f3n corporativa de referencia. Patricia Fern\u00e1ndez Carrelo se incorpora con el objetivo de impulsar [&hellip;]<\/p>\n","protected":false},"author":1,"featured_media":0,"comment_status":"closed","ping_status":"closed","sticky":false,"template":"","format":"standard","meta":{"footnotes":""},"categories":[2],"tags":[],"class_list":["post-53030","post","type-post","status-publish","format-standard","hentry","category-noticias"],"_links":{"self":[{"href":"https:\/\/webciudadana.net\/index.php?rest_route=\/wp\/v2\/posts\/53030","targetHints":{"allow":["GET"]}}],"collection":[{"href":"https:\/\/webciudadana.net\/index.php?rest_route=\/wp\/v2\/posts"}],"about":[{"href":"https:\/\/webciudadana.net\/index.php?rest_route=\/wp\/v2\/types\/post"}],"author":[{"embeddable":true,"href":"https:\/\/webciudadana.net\/index.php?rest_route=\/wp\/v2\/users\/1"}],"replies":[{"embeddable":true,"href":"https:\/\/webciudadana.net\/index.php?rest_route=%2Fwp%2Fv2%2Fcomments&post=53030"}],"version-history":[{"count":0,"href":"https:\/\/webciudadana.net\/index.php?rest_route=\/wp\/v2\/posts\/53030\/revisions"}],"wp:attachment":[{"href":"https:\/\/webciudadana.net\/index.php?rest_route=%2Fwp%2Fv2%2Fmedia&parent=53030"}],"wp:term":[{"taxonomy":"category","embeddable":true,"href":"https:\/\/webciudadana.net\/index.php?rest_route=%2Fwp%2Fv2%2Fcategories&post=53030"},{"taxonomy":"post_tag","embeddable":true,"href":"https:\/\/webciudadana.net\/index.php?rest_route=%2Fwp%2Fv2%2Ftags&post=53030"}],"curies":[{"name":"wp","href":"https:\/\/api.w.org\/{rel}","templated":true}]}}