{"id":53040,"date":"2024-05-29T15:45:33","date_gmt":"2024-05-29T13:45:33","guid":{"rendered":"https:\/\/ticker-noticiasep.microcontenidos.com\/NoticiaRSS.vbhtml?user=FRND562DLP&amp;cod=20240529154533"},"modified":"2024-05-29T15:45:33","modified_gmt":"2024-05-29T13:45:33","slug":"sociedad-abbacino-y-la-fundacion-marilles-presentan-el-podcast-el-mar-con-los-cinco-sentidos","status":"publish","type":"post","link":"https:\/\/webciudadana.net\/?p=53040","title":{"rendered":"Sociedad: Abbacino y la Fundaci\u00f3n Marilles presentan el podcast &#8216;El mar con los cinco sentidos&#8217;"},"content":{"rendered":"\n<div><img decoding=\"async\" src=\"https:\/\/img.europapress.es\/fotoweb\/fotonoticia_20240529154533_300.jpg\" class=\"ff-og-image-inserted\"><\/div>\n<p>(Informaci\u00f3n remitida por la empresa firmante)<\/p>\n<p>\nCinco podcasts inspirados en los cinco sentidos que abordan temas relacionados con el mar y la realidad actual. Una iniciativa para concienciar sobre la inmensa riqueza que aporta el mar y aprender c\u00f3mo reducir los impactos que lo amenazan. Toda una llamada a la acci\u00f3n y a la concienciaci\u00f3n. Disponible a partir del pr\u00f3ximo mi\u00e9rcoles, 5 de junio, d\u00eda Mundial del Medio Ambiente, en las plataformas YouTube, Spotify y redes sociales oficiales de la marca<\/p>\n<p>\nPetra (Mallorca), 29 de mayo de 2024.- Abbacino, con la colaboraci\u00f3n de la Fundaci\u00f3n Marilles (https:\/\/marilles.org\/) presenta el podcast &#8216;El mar con los cinco sentidos&#8217; una iniciativa para concienciar sobre la inmensa riqueza que aporta el mar y aprender c\u00f3mo reducir los impactos que lo amenazan. El cuidado y el respeto por el planeta, es uno de los principales fundamentos de la marca de moda que apuesta firmemente por la sostenibilidad y el uso de materiales reciclados en todas sus colecciones de bolsos y accesorios, con dise\u00f1os elaborados y realizados mediante procesos de producci\u00f3n y materiales respetuosos con la naturaleza.<\/p>\n<p> La marca de moda forma parte del Pacto Azul Balear (https:\/\/marilles.org\/es\/post\/el-pacto-azul-balear) una propuesta de la Fundaci\u00f3n Marilles para garantizar un mar lleno de vida, con la colaboraci\u00f3n de la ciudadan\u00eda, tejido empresarial y administraci\u00f3n p\u00fablica todos unidos sumando esfuerzos en la conservaci\u00f3n del fondo marino. Un mar en excelente estado de conservaci\u00f3n es esencial para amortiguar los impactos del cambio clim\u00e1tico y para garantizar el futuro de industrias como la pesca, el turismo, la n\u00e1utica, as\u00ed como los numerosos puestos de trabajo que dependen de ellas.<\/p>\n<p> El mar con los cinco sentidos es una serie de cinco podcasts inspirados en los cinco sentidos que abordan diferentes temas relacionados con el mar, como curiosidades, falsos mitos y las pr\u00e1cticas cotidianas que acercar\u00e1n a la realidad actual. Esta iniciativa se convierte en una llamada a la acci\u00f3n y a la concienciaci\u00f3n para todos. El primer episodio se lanzar\u00e1 el pr\u00f3ximo mi\u00e9rcoles, 5 de junio, con la colaboraci\u00f3n de Roser Badia, coordinadora de Rezero (https:\/\/www.rezero.cat\/es\/) en las Islas Baleares. En este cap\u00edtulo, se explicar\u00e1n los cinco h\u00e1bitos principales que incorporar en el d\u00eda a d\u00eda para reducir el uso de los pl\u00e1sticos. El podcast estar\u00e1 disponible en las plataformas YouTube y Spotify a partir del 5 de junio, D\u00eda Mundial del Medio Ambiente y en las redes sociales oficiales de la marca y la Fundaci\u00f3n. Esta campa\u00f1a muestra la fuerte conexi\u00f3n de Abbacino con el mar, fuente principal de su inspiraci\u00f3n, el Mediterr\u00e1neo, la luz y el color de la isla de Mallorca que est\u00e1n presentes en todas sus creaciones y dise\u00f1os. \u00abAcomp\u00e1\u00f1anos en esta nueva aventura y s\u00e9 parte del cambio\u00bb.<\/p>\n<p> ABBACINO, naci\u00f3 hace cuatro d\u00e9cadas de la mano de la familia Vadell en un peque\u00f1o pueblo del centro de Mallorca y se inici\u00f3 con la elaboraci\u00f3n de bolsos de forma artesanal con dise\u00f1os que no pasaron desapercibidos debido a su car\u00e1cter innovador y moderno que fueron muy bien acogidos en su lanzamiento. Actualmente, es una firma de estilo de vida reconocida a nivel internacional en la que el dise\u00f1o es una se\u00f1al de identidad diferenciadora. Dise\u00f1o entendido como una forma de captar las tendencias y darles un toque propio, creando colecciones basadas en un concepto meditado y con vocaci\u00f3n de permanencia. Desde 1997 la compa\u00f1\u00eda est\u00e1 liderada por Sebasti\u00e1n y Toni Vadell que decidieron mantener vivo el proyecto familiar iniciado por sus padres, lanzaron la marca con una visi\u00f3n m\u00e1s actual, innovadora y muy personal en la reinterpretaci\u00f3n de las tendencias actuales de la cultura mediterr\u00e1nea y en 2016 dieron el salto al mundo digital, un hecho que marc\u00f3 un antes y un despu\u00e9s en el modelo de negocio de la compa\u00f1\u00eda.<\/p>\n<p> El Mar mediterr\u00e1neo, fuente de inspiraci\u00f3n. Junto a sus celebrados bolsos destacan sus colecciones de sneakers, marroquiner\u00eda, pa\u00f1uelos y sombreros. Abbacino ofrece un total look 100%. La mujer Abbacino espera dise\u00f1os que la sorprendan sin caer en artificios ni soluciones meramente est\u00e9ticas. Pensando en ella, el estilo Abbacino fusiona lo mejor de los looks urbanos con una feminidad contempor\u00e1nea y un toque chic sin excesos. La luz y el color de la isla de Mallorca est\u00e1n presentes en todas las creaciones de Abbacino. Vibrantes en verano y c\u00e1lidos en invierno son complementos pensados para hacer que cada mujer se sienta \u00fanica con creaciones ba\u00f1adas por la calidez mediterr\u00e1nea que combina el optimismo y el amor por el detalle. Dise\u00f1o, calidad y buen precio no son conceptos divergentes. El cuidado y el respeto por el planeta, es uno de los principales fundamentos de la compa\u00f1\u00eda, por lo que se apuesta firmemente por la sostenibilidad y el uso de materiales reciclados en todas las colecciones con dise\u00f1os elaborados con procesos de producci\u00f3n y materiales respetuosos con la naturaleza.<\/p>\n<p> Abbacino cuenta con m\u00e1s de 500 puntos de venta multimarca distribuidos en ocho pa\u00edses (Alemania, Austria, B\u00e9lgica, Espa\u00f1a, Estados Unidos, Italia, Irlanda y Portugal). Solo en Espa\u00f1a, actualmente la marca cuenta son m\u00e1s de 350 puntos de venta, incluyendo los centros comerciales de El Corte Ingl\u00e9s de todo el territorio nacional.<\/p>\n<p> M\u00e1s informaci\u00f3n sobre Abbacino en sus redes sociales oficiales.<\/p>\n<p> Contacto<\/p>\n<p>\nNombre contacto: Cristina Gispert<\/p>\n<p>\nDescripci\u00f3n contacto: Senior Manager Lifestyle, Fashion &amp; Beauty &#8211; Newlink Spain<\/p>\n<p>\nTel\u00e9fono de contacto: +34 610 913 411<\/p>\n","protected":false},"excerpt":{"rendered":"<p>(Informaci\u00f3n remitida por la empresa firmante) Cinco podcasts inspirados en los cinco sentidos que abordan temas relacionados con el mar y la realidad actual. Una iniciativa para concienciar sobre la inmensa riqueza que aporta el mar y aprender c\u00f3mo reducir los impactos que lo amenazan. Toda una llamada a la acci\u00f3n y a la concienciaci\u00f3n. [&hellip;]<\/p>\n","protected":false},"author":1,"featured_media":0,"comment_status":"closed","ping_status":"closed","sticky":false,"template":"","format":"standard","meta":{"footnotes":""},"categories":[2],"tags":[],"class_list":["post-53040","post","type-post","status-publish","format-standard","hentry","category-noticias"],"_links":{"self":[{"href":"https:\/\/webciudadana.net\/index.php?rest_route=\/wp\/v2\/posts\/53040","targetHints":{"allow":["GET"]}}],"collection":[{"href":"https:\/\/webciudadana.net\/index.php?rest_route=\/wp\/v2\/posts"}],"about":[{"href":"https:\/\/webciudadana.net\/index.php?rest_route=\/wp\/v2\/types\/post"}],"author":[{"embeddable":true,"href":"https:\/\/webciudadana.net\/index.php?rest_route=\/wp\/v2\/users\/1"}],"replies":[{"embeddable":true,"href":"https:\/\/webciudadana.net\/index.php?rest_route=%2Fwp%2Fv2%2Fcomments&post=53040"}],"version-history":[{"count":0,"href":"https:\/\/webciudadana.net\/index.php?rest_route=\/wp\/v2\/posts\/53040\/revisions"}],"wp:attachment":[{"href":"https:\/\/webciudadana.net\/index.php?rest_route=%2Fwp%2Fv2%2Fmedia&parent=53040"}],"wp:term":[{"taxonomy":"category","embeddable":true,"href":"https:\/\/webciudadana.net\/index.php?rest_route=%2Fwp%2Fv2%2Fcategories&post=53040"},{"taxonomy":"post_tag","embeddable":true,"href":"https:\/\/webciudadana.net\/index.php?rest_route=%2Fwp%2Fv2%2Ftags&post=53040"}],"curies":[{"name":"wp","href":"https:\/\/api.w.org\/{rel}","templated":true}]}}