{"id":53041,"date":"2024-05-29T15:44:27","date_gmt":"2024-05-29T13:44:27","guid":{"rendered":"https:\/\/ticker-noticiasep.microcontenidos.com\/NoticiaRSS.vbhtml?user=FRND562DLP&amp;cod=20240529154427"},"modified":"2024-05-29T15:44:27","modified_gmt":"2024-05-29T13:44:27","slug":"sociedad-uic-barcelona-presenta-un-nuevo-master-en-cooperacion-desarrollo-y-economia-social","status":"publish","type":"post","link":"https:\/\/webciudadana.net\/?p=53041","title":{"rendered":"Sociedad: UIC Barcelona presenta un nuevo m\u00e1ster en Cooperaci\u00f3n, Desarrollo y Econom\u00eda Social"},"content":{"rendered":"\n<p>(Informaci\u00f3n remitida por la empresa firmante)<\/p>\n<p>\nEl nuevo m\u00e1ster es una apuesta de la Facultad de Ciencias Sociales y Econ\u00f3micas, vinculada a su compromiso con una formaci\u00f3n con impacto social que transforme la sociedad.<\/p>\n<p>\nEl objetivo principal del programa es ofrecer una propuesta especializada, pero tambi\u00e9n multidisciplinar a aquellos profesionales y estudiantes de \u00e1mbitos como la empresa, la comunicaci\u00f3n, el derecho o la ingenier\u00eda, entre otros que est\u00e9n a disposici\u00f3n del cambio social.<\/p>\n<p>\nEl m\u00e1ster se impartir\u00e1 en ingl\u00e9s para que profesionales internacionales puedan aprovechar la tracci\u00f3n de Barcelona, capital mundial de la econom\u00eda social.<\/p>\n<p> Barcelona, 29 de mayo de 2024.- La Universitat Internacional de Catalunya (UIC Barcelona), bajo el liderazgo de la Facultad de Ciencias Sociales y Econ\u00f3micas, ha presentado un nuevo m\u00e1ster, que ofrecer\u00e1 el curso que viene, sobre cooperaci\u00f3n, desarrollo y econom\u00eda social. El programa est\u00e1 abierto a estudiantes y profesionales de diferentes titulaciones y sectores que quieren especializarse en el \u00e1mbito social.<\/p>\n<p> El nuevo programa ofrece una formaci\u00f3n especializada a la vez que multidisciplinar. Como explica Nina Magomedova, directora del m\u00e1ster, \u00abqueremos dar un enfoque de excelencia profesional y de gesti\u00f3n con el m\u00e1ximo rigor t\u00e9cnico. El m\u00e1ster tambi\u00e9n va dirigido para profesionales y reci\u00e9n graduados de la Empresa, Comunicaci\u00f3n, Derecho o Ingenier\u00eda; para aquellos que quieran ir m\u00e1s all\u00e1 de la rentabilidad de una empresa y poner su saber t\u00e9cnico a disposici\u00f3n del cambio social\u00bb.<\/p>\n<p> El profesor de UIC Barcelona Fernando S\u00e1nchez Costa, coordinador de este m\u00e1ster, explica que uno de los principales ejes de la universidad es el compromiso y la implicaci\u00f3n en la mejora de la sociedad, principalmente con las personas m\u00e1s vulnerables. En este contexto, el profesor destaca que \u00abla mejor forma de contribuir a esta transformaci\u00f3n social es formando con las mejores competencias a las personas que trabajan y trabajar\u00e1n en este \u00e1mbito\u00bb. \u00abEl m\u00e1ster se impartir\u00e1 en ingl\u00e9s para que profesionales internacionales y locales puedan aprovechar la tracci\u00f3n de Barcelona como uno de los grandes polos mundiales de la econom\u00eda social.<\/p>\n<p> El programa formativo ofrecer\u00e1 a los estudiantes dos itinerarios: uno orientado al desarrollo y cooperaci\u00f3n de entidades sin \u00e1nimo de lucro, como ONGs y fundaciones, y otro enfocado al tercer sector para empresas con una naturaleza y estructura social\u00bb, a\u00f1ade Magomedova. A trav\u00e9s de tres frases, el estudiante podr\u00e1 entender c\u00f3mo funciona este complejo sector (Comprender), analizar situaciones m\u00e1s espec\u00edficas sobre entidades de distinto tipo (Transformar) y a operar sobre el terreno y poner en pr\u00e1ctica en escenarios concretos (Impactar). Estas fases permitir\u00e1n a aquellas personas con vocaci\u00f3n social especializarse y profesionalizarse.<\/p>\n<p> En este aspecto, el coordinador del m\u00e1ster, Fernando S\u00e1nchez Costa, considera que \u00abpara mejorar la sociedad se requiere buena voluntad y buen coraz\u00f3n como condici\u00f3n necesaria, pero no es suficiente. A ello se le debe a\u00f1adir las mejores competencias profesionales de gesti\u00f3n, liderazgo y direcci\u00f3n\u00bb. Con el lanzamiento de este m\u00e1ster, UIC Barcelona reafirma su apuesta por la implicaci\u00f3n en la mejora social y en la gesti\u00f3n excelente, \u00fatil y de impacto real en la sociedad.<\/p>\n<p> El m\u00e1ster dar\u00e1 inicio el pr\u00f3ximo octubre, se impartir\u00e1 de lunes a viernes y tendr\u00e1 una duraci\u00f3n de dos semestres.<\/p>\n<p> Sobre UIC Barcelona.<\/p>\n<p> La Universitat Internacional de Catalunya (UIC Barcelona) naci\u00f3 en el a\u00f1o 1997 con el objetivo de ofrecer una formaci\u00f3n universitaria de calidad y promover la investigaci\u00f3n para servir a la sociedad. Ligada al mundo empresarial y con un marcado car\u00e1cter internacional, UIC Barcelona hoy acoge a unos 9.000 alumnos.<\/p>\n<p> Impartimos diecis\u00e9is grados, una treintena de dobles titulaciones internacionales y una amplia oferta de m\u00e1steres, posgrados y cursos de formaci\u00f3n continua, en los dos campus que tenemos, ubicados en Barcelona y en Sant Cugat del Vall\u00e8s. Ofrecemos atenci\u00f3n a medida, enfoque integral hacia cada alumno, conexi\u00f3n profesional constante e innovaci\u00f3n en los m\u00e9todos de docencia e investigaci\u00f3n. Estamos conectados con la sociedad y las empresas a trav\u00e9s de diecis\u00e9is c\u00e1tedras y cinco aulas de empresa, cinco institutos de investigaci\u00f3n y tres cl\u00ednicas universitarias.<\/p>\n<p> Mas informaci\u00f3n:.<\/p>\n<p>\nJordi Estopi\u00f1\u00e1n Guarc.<\/p>\n<p>\nDirecci\u00f3n de Comunicaci\u00f3n.<\/p>\n<p>\nUniversitat Internacional de Catalunya.<\/p>\n<p>\nT. +34 932 541 800 \/ jestopinan@uic.es \/ www.uic.es \/ @UICbarcelona.<\/p>\n","protected":false},"excerpt":{"rendered":"<p>(Informaci\u00f3n remitida por la empresa firmante) El nuevo m\u00e1ster es una apuesta de la Facultad de Ciencias Sociales y Econ\u00f3micas, vinculada a su compromiso con una formaci\u00f3n con impacto social que transforme la sociedad. El objetivo principal del programa es ofrecer una propuesta especializada, pero tambi\u00e9n multidisciplinar a aquellos profesionales y estudiantes de \u00e1mbitos como [&hellip;]<\/p>\n","protected":false},"author":1,"featured_media":0,"comment_status":"closed","ping_status":"closed","sticky":false,"template":"","format":"standard","meta":{"footnotes":""},"categories":[2],"tags":[],"class_list":["post-53041","post","type-post","status-publish","format-standard","hentry","category-noticias"],"_links":{"self":[{"href":"https:\/\/webciudadana.net\/index.php?rest_route=\/wp\/v2\/posts\/53041","targetHints":{"allow":["GET"]}}],"collection":[{"href":"https:\/\/webciudadana.net\/index.php?rest_route=\/wp\/v2\/posts"}],"about":[{"href":"https:\/\/webciudadana.net\/index.php?rest_route=\/wp\/v2\/types\/post"}],"author":[{"embeddable":true,"href":"https:\/\/webciudadana.net\/index.php?rest_route=\/wp\/v2\/users\/1"}],"replies":[{"embeddable":true,"href":"https:\/\/webciudadana.net\/index.php?rest_route=%2Fwp%2Fv2%2Fcomments&post=53041"}],"version-history":[{"count":0,"href":"https:\/\/webciudadana.net\/index.php?rest_route=\/wp\/v2\/posts\/53041\/revisions"}],"wp:attachment":[{"href":"https:\/\/webciudadana.net\/index.php?rest_route=%2Fwp%2Fv2%2Fmedia&parent=53041"}],"wp:term":[{"taxonomy":"category","embeddable":true,"href":"https:\/\/webciudadana.net\/index.php?rest_route=%2Fwp%2Fv2%2Fcategories&post=53041"},{"taxonomy":"post_tag","embeddable":true,"href":"https:\/\/webciudadana.net\/index.php?rest_route=%2Fwp%2Fv2%2Ftags&post=53041"}],"curies":[{"name":"wp","href":"https:\/\/api.w.org\/{rel}","templated":true}]}}