{"id":53057,"date":"2024-05-30T09:13:38","date_gmt":"2024-05-30T07:13:38","guid":{"rendered":"https:\/\/ticker-noticiasep.microcontenidos.com\/NoticiaRSS.vbhtml?user=FRND562DLP&amp;cod=20240530091338"},"modified":"2024-05-30T09:13:38","modified_gmt":"2024-05-30T07:13:38","slug":"sociedad-caralca-anuncia-la-presentacion-de-6-exclusivas-viviendas-en-el-centro-de-jerez","status":"publish","type":"post","link":"https:\/\/webciudadana.net\/?p=53057","title":{"rendered":"Sociedad: Caralca anuncia la presentaci\u00f3n de 6 exclusivas viviendas en el centro de Jerez"},"content":{"rendered":"\n<div><img decoding=\"async\" src=\"https:\/\/img.europapress.es\/fotoweb\/fotonoticia_20240530091338_300.jpg\" class=\"ff-og-image-inserted\"><\/div>\n<p>(Informaci\u00f3n remitida por la empresa firmante)<\/p>\n<p>\nEl pr\u00f3ximo jueves 13 de junio, en un evento exclusivo en el Hotel Casa Palacio Mar\u00eda Luisa, la promotora Caralca presentar\u00e1 a las 19:30h las \u00faltimas 6 viviendas disponibles en el complejo residencial Eguiluz8, ubicado entre las ic\u00f3nicas Plaza del Mamel\u00f3n y Plaza Aladro, en el centro de Jerez de la Frontera<\/p>\n<p>\nJerez de la Frontera, 30 de mayo de 2024.- \u00abEstas viviendas representan una oportunidad \u00fanica: no solo se trata de viviendas en uno de los lugares m\u00e1s emblem\u00e1ticos de la ciudad, sino que son las \u00fanicas de obra nueva y entrega inmediata que pueden encontrarse en la zona\u00bb, asegura la promotora.<\/p>\n<p> El complejo Eguiluz8, compuesto por 27 viviendas, ahora solo tiene disponibles estas \u00faltimas 6 unidades, todas ellas de 3 habitaciones, y ser\u00e1n las protagonistas de un exclusivo evento de presentaci\u00f3n al que solo se podr\u00e1 acceder previa inscripci\u00f3n mediante formulario.<\/p>\n<p> \u00abEsta presentaci\u00f3n es una ocasi\u00f3n perfecta para todos aquellos que quieran experimentar en primera persona c\u00f3mo ser\u00eda vivir en uno de los lugares m\u00e1s cotizados de Jerez\u00bb, afirma un portavoz de Caralca. \u00abNuestro compromiso es acompa\u00f1ar a nuestros clientes en la adquisici\u00f3n del hogar de sus sue\u00f1os, y sabemos que Eguiluz8 va a hacer muy felices a sus pr\u00f3ximos propietarios\u00bb.<\/p>\n<p> Cada espacio del complejo residencial Eguiluz8 ha sido meticulosamente dise\u00f1ado en colaboraci\u00f3n con marcas de alto nivel, como Porcelanosa y Daikin, para garantizar los m\u00e1s altos est\u00e1ndares de calidad y dise\u00f1o. Las viviendas cuentan, adem\u00e1s, con garaje y trastero.<\/p>\n<p> Durante la presentaci\u00f3n, los asistentes tendr\u00e1n la oportunidad de explorar las viviendas, completamente terminadas, y descubrir las impresionantes zonas comunes del complejo, que incluyen una piscina cubierta, sol\u00e1rium, gimnasio totalmente equipado y \u00e1reas chill out, todas ellas \u00abdise\u00f1adas para maximizar la comodidad y el bienestar de los residentes cada minuto, cada d\u00eda\u00bb, apuntan desde Caralca.<\/p>\n<p> Esta presentaci\u00f3n no solo ofrece la \u00faltima oportunidad para adquirir una vivienda nueva en Eguiluz8, sino que tambi\u00e9n destaca la continua expansi\u00f3n de Caralca como promotora de nueva generaci\u00f3n, especialista en construcci\u00f3n de viviendas de obra nueva, y que tambi\u00e9n cuenta con proyectos inmobiliarios en Sevilla, Huelva, C\u00e1diz y M\u00e1laga.<\/p>\n<p> La promotora est\u00e1, adem\u00e1s, muy implicada en el desarrollo de proyectos sostenibles: \u00abUno de los principales objetivos de Caralca es el desarrollo de proyectos de dise\u00f1o que contribuyan a la conservaci\u00f3n del medio ambiente y que, por supuesto, supongan una reducci\u00f3n de costes para sus propietarios. Por eso, integramos en todas las promociones criterios de sostenibilidad, haciendo \u00fanica cada vivienda de obra nueva\u00bb, puede leerse en su p\u00e1gina web.<\/p>\n<p> Caralca invita a todos los interesados a unirse a ellos el jueves 13 de junio a las 19:30h en el Hotel Casa Palacio Mar\u00eda Luisa para descubrir estas exclusivas viviendas y experimentar de primera mano el estilo de vida que ofrece Eguiluz8.<\/p>\n<p> Contacto<\/p>\n<p>\nNombre contacto: Alejandra Delgado<\/p>\n<p>\nDescripci\u00f3n contacto: CARALCA<\/p>\n<p>\nTel\u00e9fono de contacto: 610 107 100<\/p>\n","protected":false},"excerpt":{"rendered":"<p>(Informaci\u00f3n remitida por la empresa firmante) El pr\u00f3ximo jueves 13 de junio, en un evento exclusivo en el Hotel Casa Palacio Mar\u00eda Luisa, la promotora Caralca presentar\u00e1 a las 19:30h las \u00faltimas 6 viviendas disponibles en el complejo residencial Eguiluz8, ubicado entre las ic\u00f3nicas Plaza del Mamel\u00f3n y Plaza Aladro, en el centro de Jerez [&hellip;]<\/p>\n","protected":false},"author":1,"featured_media":0,"comment_status":"closed","ping_status":"closed","sticky":false,"template":"","format":"standard","meta":{"footnotes":""},"categories":[2],"tags":[],"class_list":["post-53057","post","type-post","status-publish","format-standard","hentry","category-noticias"],"_links":{"self":[{"href":"https:\/\/webciudadana.net\/index.php?rest_route=\/wp\/v2\/posts\/53057","targetHints":{"allow":["GET"]}}],"collection":[{"href":"https:\/\/webciudadana.net\/index.php?rest_route=\/wp\/v2\/posts"}],"about":[{"href":"https:\/\/webciudadana.net\/index.php?rest_route=\/wp\/v2\/types\/post"}],"author":[{"embeddable":true,"href":"https:\/\/webciudadana.net\/index.php?rest_route=\/wp\/v2\/users\/1"}],"replies":[{"embeddable":true,"href":"https:\/\/webciudadana.net\/index.php?rest_route=%2Fwp%2Fv2%2Fcomments&post=53057"}],"version-history":[{"count":0,"href":"https:\/\/webciudadana.net\/index.php?rest_route=\/wp\/v2\/posts\/53057\/revisions"}],"wp:attachment":[{"href":"https:\/\/webciudadana.net\/index.php?rest_route=%2Fwp%2Fv2%2Fmedia&parent=53057"}],"wp:term":[{"taxonomy":"category","embeddable":true,"href":"https:\/\/webciudadana.net\/index.php?rest_route=%2Fwp%2Fv2%2Fcategories&post=53057"},{"taxonomy":"post_tag","embeddable":true,"href":"https:\/\/webciudadana.net\/index.php?rest_route=%2Fwp%2Fv2%2Ftags&post=53057"}],"curies":[{"name":"wp","href":"https:\/\/api.w.org\/{rel}","templated":true}]}}