{"id":53061,"date":"2024-05-30T10:54:21","date_gmt":"2024-05-30T08:54:21","guid":{"rendered":"https:\/\/ticker-noticiasep.microcontenidos.com\/NoticiaRSS.vbhtml?user=FRND562DLP&amp;cod=20240530105421"},"modified":"2024-05-30T10:54:21","modified_gmt":"2024-05-30T08:54:21","slug":"salud-el-instituto-biomecanica-crece-un-20-en-2023-y-aumenta-su-actividad-internacional","status":"publish","type":"post","link":"https:\/\/webciudadana.net\/?p=53061","title":{"rendered":"Salud: El Instituto Biomec\u00e1nica crece un 20% en 2023 y aumenta su actividad internacional"},"content":{"rendered":"\n<div><img decoding=\"async\" src=\"https:\/\/img.europapress.es\/fotoweb\/fotonoticia_20240530105421_300.jpg\" class=\"ff-og-image-inserted\"><\/div>\n<p>(Informaci\u00f3n remitida por la empresa firmante)<\/p>\n<p> &#8211; Durante 2023, el Instituto de Biomec\u00e1nica (IBV) ha alcanzado unos ingresos de 12,4 millones de euros, incrementando un 13% sus actividades de transferencia de alto valor a\u00f1adido, y un 32% con firmas internacionales. <\/p>\n<p>\n&#8211; \u00abNuestro objetivo para 2024 es seguir generando \u00abinnovaci\u00f3n con alma\u00bb, generando un doble impacto real, tanto social como econ\u00f3mico\u00bb, explica Javier S\u00e1nchez, director gerente del Instituto de Biomec\u00e1nica (IBV).<\/p>\n<p> &#8211; RI Medical para el cribado de c\u00e1ncer de pr\u00f3stata, un sotfware para humanizar el coche aut\u00f3nomo o el proyecto &#8216;Anthropometric Data for Children&#8217; para medir los datos antropom\u00e9tricos y de fuerza de los ni\u00f1os y ni\u00f1as europeos, son algunos de los hitos m\u00e1s destacados del a\u00f1o.<\/p>\n<p> &#8211; Retos 2024 &#8211; Humanismo Digital: IBV trabaja en unas nuevas instalaciones a la vanguardia del Humanismo Digital, en las que se podr\u00e1 emular cualquier escenario de la vida cotidiana, hibridando el mundo f\u00edsico y el digital.<\/p>\n<p>\nVal\u00e8ncia, 30 de mayo de 2024.- El Instituto de Biomec\u00e1nica (IBV) ha obtenido unos ingresos de 12,4 millones de euros durante 2023, un incremento del 20% con respecto al mismo periodo del a\u00f1o anterior. \u00abHemos consolidado la apuesta de las empresas y adem\u00e1s hemos generado un impacto social significativo al generar 13,4 euros por cada euro invertido\u00bb, explica Javier S\u00e1nchez, director gerente del Instituto de Biomec\u00e1nica (IBV). En 2023, el IBV ha realizado 334 proyectos y ha desarrollado alrededor de 1.100 soluciones tecnol\u00f3gicas innovadoras, trabajando con m\u00e1s de 700 empresas, tanto en Espa\u00f1a como en el resto del mundo.<\/p>\n<p> \u00abNuestro objetivo en 2024 nos permitir\u00e1 seguir generando \u00abinnovaci\u00f3n con alma\u00bb, capaz de mejorar la vida de las personas y la competitividad de las empresas: un doble impacto real, econ\u00f3mico y social, a trav\u00e9s de la investigaci\u00f3n, el desarrollo tecnol\u00f3gico y la innovaci\u00f3n centrada en las personas\u00bb, asegura.<\/p>\n<p> En el \u00e1mbito internacional se ha producido un incremento del 32% en empresas que conf\u00edan en el centro espa\u00f1ol para evolucionar sus l\u00edneas de I+D+i y adquirir sus tecnolog\u00edas, \u00abcada vez m\u00e1s firmas internacionales l\u00edderes en indumentaria deportiva, salud o automoci\u00f3n, entre otros muchos sectores, conf\u00edan en nuestras soluciones, denotando el reconocimiento y prestigio internacional de las mismas\u00bb, dice S\u00e1nchez.<\/p>\n<p> Salud personalizada, movilidad inteligente y bienestar infantil <\/p>\n<p> \u00abUno de los rasgos esenciales de IBV es el foco integral en las personas y, por ello, nuestra actividad cubre \u00e1mbitos que engloban todas las facetas y etapas de nuestras vidas.<\/p>\n<p> Queremos dar respuesta a retos como el envejecimiento saludable, el bienestar infantil, la movilidad inteligente y promover una salud cada vez m\u00e1s personalizada donde la tecnolog\u00eda permita una monitorizaci\u00f3n y cuidado constante de las personas m\u00e1s all\u00e1 del entorno hospitalario, entre otros muchos retos\u00bb, detalla S\u00e1nchez.<\/p>\n<p> En ese sentido, durante 2023 los proyectos clave de IBV han abarcado \u00e1reas como la antropometr\u00eda 3D, la salud digital, la ingenier\u00eda biom\u00e9dica, los factores humanos y la experiencia del usuario.<\/p>\n<p> En el \u00e1mbito de la salud, en 2023 el IBV a trav\u00e9s de su empresa participada, junto con el veh\u00edculo de inversi\u00f3n REDIT Ventures, RI Medical, ha desarrollado un dispositivo m\u00e9dico destinado al cribado de c\u00e1ncer de pr\u00f3stata, el c\u00e1ncer con mayor tasa de diagn\u00f3stico en Espa\u00f1a y Europa entre el g\u00e9nero masculino y en segunda posici\u00f3n a nivel mundial. \u00abEste dispositivo es capaz de proporcionar informaci\u00f3n objetiva, reproducible y precisa de la rigidez de la pr\u00f3stata, por lo que supone una alternativa de mayor objetividad y eficacia en la detecci\u00f3n\u00bb pormenoriza el director de IBV.<\/p>\n<p> El envejecimiento, la fragilidad y la dependencia han sido el objetivo del proyecto IMPULS (Innovaciones para el envejecimiento activo y saludable en la Comunidad Valenciana). \u00abEsta encomienda de la Generalitat, financiada por el IVACE, ha demostrado la importancia de la innovaci\u00f3n y la colaboraci\u00f3n p\u00fablico-privada para afrontar nuestros retos sociales e impulsar el desarrollo econ\u00f3mico, con un abordaje integral de informaci\u00f3n, formaci\u00f3n y aportaci\u00f3n de soluciones profesionales y tecnol\u00f3gicas en cuatro municipios\u00bb apunta Javier S\u00e1nchez.<\/p>\n<p> En relaci\u00f3n a la movilidad, el IBV ha desarrollado un software para humanizar el futuro del coche aut\u00f3nomo. \u00abComprender c\u00f3mo sienten los pasajeros es clave para crear un veh\u00edculo aut\u00f3nomo m\u00e1s emp\u00e1tico y sensible al comportamiento humano\u00bb, indica S\u00e1nchez.<\/p>\n<p> En el \u00e1mbito del bienestar infantil, el IBV ha coordinado el proyecto financiado por fondos europeos \u00abAnthropometric Data for Children\u00bb, un estudio para medir los datos antropom\u00e9tricos y de fuerza de los ni\u00f1os y ni\u00f1as de Europa. \u00abLas medidas del cuerpo y la fuerza f\u00edsica de los ni\u00f1os y ni\u00f1as han variado notablemente en los \u00faltimos 30 a\u00f1os, sin embargo, las bases de datos antropom\u00e9tricas europeas no se han actualizado\u00bb, expresa el director gerente de IBV.<\/p>\n<p> En ese sentido, el uso de datos correctos y actualizados es esencial para definir los requisitos adecuados para los productos y entornos infantiles. \u00abPor ejemplo, en el \u00e1mbito de la seguridad permite determinar la fuerza necesaria para que un ni\u00f1o no pueda abrir un recipiente con productos peligrosos o el tama\u00f1o de una barandilla para que no existan atrapamientos\u00bb, agrega Javier S\u00e1nchez.<\/p>\n<p> Adem\u00e1s de estos proyectos, otra de las l\u00edneas destacadas del IBV abarca el \u00e1mbito del bienestar laboral, mejorando la productividad y la ergonom\u00eda de los equipamientos laborales (maquinaria, exoesqueletos, equipos de protecci\u00f3n), incluyendo recomendaciones de dise\u00f1o y compra para incorporar la perspectiva de g\u00e9nero en indumentaria, calzado y otros elementos de trabajo.<\/p>\n<p> Retos 2024: humanismo digital De cara a los retos de futuro, el Instituto Biom\u00e9canica est\u00e1 preparando unas nuevas instalaciones, que permitan ampliar sus actuales laboratorios de I+D+i, en las que se pueda hibridar el mundo f\u00edsico y el digital. \u00abLa interacci\u00f3n entre la persona y el mundo virtual cada vez va a ser m\u00e1s habitual\u00bb, declara Javier S\u00e1nchez.<\/p>\n<p> El centro ya dispone del Human Extended Reality Lab (HER), una instalaci\u00f3n donde a trav\u00e9s de tecnolog\u00edas como la realidad virtual, la realidad mixta o la realidad aumentada, unidas al uso de la Inteligencia Artificial, las empresas pueden desarrollar o testear productos o servicios en cualquier fase del ciclo de desarrollo, probando la adecuaci\u00f3n de los mismos, reduciendo considerablemente los costes de prototipado f\u00edsico y los tiempos de desarrollo e innovaci\u00f3n.<\/p>\n<p> Con la ampliaci\u00f3n de instalaciones se podr\u00e1 \u00abemular cualquier escenario de la vida de las personas\u00bb, permitiendo monitorizar y analizarlas, tanto desde una perspectiva cognitiva como corporal, abarcando el mundo f\u00edsico y el digital para estudiar la interacci\u00f3n entre personas y la interacci\u00f3n entre personas y tecnolog\u00eda (robots, agentes virtuales, etc.).<\/p>\n<p> \u00abEstas nuevas instalaciones posicionar\u00e1n al IBV y a las empresas de su entorno a la vanguardia del Humanismo Digital\u00bb, finaliza el director gerente del Instituto de Biomec\u00e1nica.<\/p>\n<p> Contacto Prensa:<\/p>\n<p>\nEuropa Press Comunicaci\u00f3n Manuel Recio: manuelrecio@europapress.es 600 90 55 93 Rub\u00e9n Marcos: rubenmarcos@europapress.es 600 90 54 74<\/p>\n<p>\nEMISOR: IBV <\/p>\n","protected":false},"excerpt":{"rendered":"<p>(Informaci\u00f3n remitida por la empresa firmante) &#8211; Durante 2023, el Instituto de Biomec\u00e1nica (IBV) ha alcanzado unos ingresos de 12,4 millones de euros, incrementando un 13% sus actividades de transferencia de alto valor a\u00f1adido, y un 32% con firmas internacionales. &#8211; \u00abNuestro objetivo para 2024 es seguir generando \u00abinnovaci\u00f3n con alma\u00bb, generando un doble impacto [&hellip;]<\/p>\n","protected":false},"author":1,"featured_media":0,"comment_status":"closed","ping_status":"closed","sticky":false,"template":"","format":"standard","meta":{"footnotes":""},"categories":[2],"tags":[],"class_list":["post-53061","post","type-post","status-publish","format-standard","hentry","category-noticias"],"_links":{"self":[{"href":"https:\/\/webciudadana.net\/index.php?rest_route=\/wp\/v2\/posts\/53061","targetHints":{"allow":["GET"]}}],"collection":[{"href":"https:\/\/webciudadana.net\/index.php?rest_route=\/wp\/v2\/posts"}],"about":[{"href":"https:\/\/webciudadana.net\/index.php?rest_route=\/wp\/v2\/types\/post"}],"author":[{"embeddable":true,"href":"https:\/\/webciudadana.net\/index.php?rest_route=\/wp\/v2\/users\/1"}],"replies":[{"embeddable":true,"href":"https:\/\/webciudadana.net\/index.php?rest_route=%2Fwp%2Fv2%2Fcomments&post=53061"}],"version-history":[{"count":0,"href":"https:\/\/webciudadana.net\/index.php?rest_route=\/wp\/v2\/posts\/53061\/revisions"}],"wp:attachment":[{"href":"https:\/\/webciudadana.net\/index.php?rest_route=%2Fwp%2Fv2%2Fmedia&parent=53061"}],"wp:term":[{"taxonomy":"category","embeddable":true,"href":"https:\/\/webciudadana.net\/index.php?rest_route=%2Fwp%2Fv2%2Fcategories&post=53061"},{"taxonomy":"post_tag","embeddable":true,"href":"https:\/\/webciudadana.net\/index.php?rest_route=%2Fwp%2Fv2%2Ftags&post=53061"}],"curies":[{"name":"wp","href":"https:\/\/api.w.org\/{rel}","templated":true}]}}