{"id":53079,"date":"2024-05-30T16:40:05","date_gmt":"2024-05-30T14:40:05","guid":{"rendered":"https:\/\/ticker-noticiasep.microcontenidos.com\/NoticiaRSS.vbhtml?user=FRND562DLP&amp;cod=20240530164005"},"modified":"2024-05-30T16:40:05","modified_gmt":"2024-05-30T14:40:05","slug":"sociedad-lisandro-jose-macarrulla-martinez-liderazgo-renovado-para-un-futuro-constructivo-prometedor","status":"publish","type":"post","link":"https:\/\/webciudadana.net\/?p=53079","title":{"rendered":"Sociedad: Lisandro Jos\u00e9 Macarrulla Mart\u00ednez; Liderazgo renovado para un futuro constructivo prometedor"},"content":{"rendered":"\n<p>(Informaci\u00f3n remitida por la empresa firmante)<\/p>\n<p>\nSanto Domingo, 30 de mayo de 2024. &#8211; Lisandro Jos\u00e9 Macarrulla Mart\u00ednez, un ejecutivo con una s\u00f3lida formaci\u00f3n en gesti\u00f3n empresarial adquirida en el IE Business School, ha sido nombrado como presidente de MAC CONSTRUCCIONES, S.R.L., una empresa l\u00edder en el sector de la construcci\u00f3n con una destacada trayectoria de \u00e9xito.<\/p>\n<p> Con una visi\u00f3n renovada y un enfoque innovador, Lisandro Jos\u00e9 Macarrulla Mart\u00ednez est\u00e1 encabezando una nueva era para MAC CONSTRUCCIONES, S.R.L., llevando consigo un compromiso inquebrantable con la excelencia y la calidad en cada proyecto. Bajo su liderazgo, la empresa est\u00e1 expandiendo sus horizontes y estableciendo nuevos est\u00e1ndares en la industria de la construcci\u00f3n.<\/p>\n<p> \u00abEs un honor liderar una empresa tan respetada en nuestro sector\u00bb, afirm\u00f3 Lisandro Jos\u00e9 Macarrulla Mart\u00ednez. \u00abEstoy decidido a impulsar la innovaci\u00f3n y la eficiencia en todas nuestras operaciones, y a trabajar en estrecha colaboraci\u00f3n con nuestro talentoso equipo para alcanzar nuevos niveles de \u00e9xito y crecimiento\u00bb.<\/p>\n<p> Adem\u00e1s de su compromiso con la excelencia empresarial, Lisandro Jos\u00e9 Macarrulla Mart\u00ednez tambi\u00e9n est\u00e1 comprometido con el bienestar de la comunidad y el medio ambiente. Bajo su direcci\u00f3n, MAC CONSTRUCCIONES, S.R.L. est\u00e1 implementando medidas sostenibles y programas de responsabilidad social empresarial para contribuir al desarrollo sostenible y mejorar la calidad de vida en las comunidades donde opera.<\/p>\n<p> Contacto<\/p>\n<p>\nNombre contacto: Seghen group<\/p>\n<p>\nDescripci\u00f3n contacto: Gabinete Period\u00edstico<\/p>\n<p>\nEmail de contacto: comunicados@prensaymedios.com<\/p>\n","protected":false},"excerpt":{"rendered":"<p>(Informaci\u00f3n remitida por la empresa firmante) Santo Domingo, 30 de mayo de 2024. &#8211; Lisandro Jos\u00e9 Macarrulla Mart\u00ednez, un ejecutivo con una s\u00f3lida formaci\u00f3n en gesti\u00f3n empresarial adquirida en el IE Business School, ha sido nombrado como presidente de MAC CONSTRUCCIONES, S.R.L., una empresa l\u00edder en el sector de la construcci\u00f3n con una destacada trayectoria [&hellip;]<\/p>\n","protected":false},"author":1,"featured_media":0,"comment_status":"closed","ping_status":"closed","sticky":false,"template":"","format":"standard","meta":{"footnotes":""},"categories":[2],"tags":[],"class_list":["post-53079","post","type-post","status-publish","format-standard","hentry","category-noticias"],"_links":{"self":[{"href":"https:\/\/webciudadana.net\/index.php?rest_route=\/wp\/v2\/posts\/53079","targetHints":{"allow":["GET"]}}],"collection":[{"href":"https:\/\/webciudadana.net\/index.php?rest_route=\/wp\/v2\/posts"}],"about":[{"href":"https:\/\/webciudadana.net\/index.php?rest_route=\/wp\/v2\/types\/post"}],"author":[{"embeddable":true,"href":"https:\/\/webciudadana.net\/index.php?rest_route=\/wp\/v2\/users\/1"}],"replies":[{"embeddable":true,"href":"https:\/\/webciudadana.net\/index.php?rest_route=%2Fwp%2Fv2%2Fcomments&post=53079"}],"version-history":[{"count":0,"href":"https:\/\/webciudadana.net\/index.php?rest_route=\/wp\/v2\/posts\/53079\/revisions"}],"wp:attachment":[{"href":"https:\/\/webciudadana.net\/index.php?rest_route=%2Fwp%2Fv2%2Fmedia&parent=53079"}],"wp:term":[{"taxonomy":"category","embeddable":true,"href":"https:\/\/webciudadana.net\/index.php?rest_route=%2Fwp%2Fv2%2Fcategories&post=53079"},{"taxonomy":"post_tag","embeddable":true,"href":"https:\/\/webciudadana.net\/index.php?rest_route=%2Fwp%2Fv2%2Ftags&post=53079"}],"curies":[{"name":"wp","href":"https:\/\/api.w.org\/{rel}","templated":true}]}}