{"id":53084,"date":"2024-05-30T17:47:31","date_gmt":"2024-05-30T15:47:31","guid":{"rendered":"https:\/\/ticker-noticiasep.microcontenidos.com\/NoticiaRSS.vbhtml?user=FRND562DLP&amp;cod=20240530174731"},"modified":"2024-05-30T17:47:31","modified_gmt":"2024-05-30T15:47:31","slug":"salud-enric-benitoreferente-mundial-en-paliativossi-pierdes-el-miedo-a-morir-aprendes-a-vivir-mejor-y-mas-feliz","status":"publish","type":"post","link":"https:\/\/webciudadana.net\/?p=53084","title":{"rendered":"Salud: Enric Benito,referente mundial en paliativos:\u00bbSi pierdes el miedo a morir aprendes a vivir mejor y m\u00e1s feliz\u00bb"},"content":{"rendered":"\n<div><img decoding=\"async\" src=\"https:\/\/img.europapress.es\/fotoweb\/fotonoticia_20240530174731_300.jpg\" class=\"ff-og-image-inserted\"><\/div>\n<p>(Informaci\u00f3n remitida por la empresa firmante)<\/p>\n<p> Invitado por la C\u00e1tedra WeCare de UIC Barcelona, el onc\u00f3logo presenta esta tarde en el Aula Magna de la Universidad su \u00faltimo libro, &#8216;El ni\u00f1o que se enfad\u00f3 con la muerte&#8217; (Ed. Harper Collins), donde recoge historias personales de pacientes a los que ha visto morir en unidades de paliativos de hospitales.<\/p>\n<p>\nBenito asegura que \u00abnadie muere sin saber que se est\u00e1 muriendo\u00bb, por lo que a veces \u00abque las personas del entorno lo oculten puede provocar que la persona muera muy sola\u00bb.<\/p>\n<p>\nEl m\u00e9dico mallorqu\u00edn reclama una ley que garantice \u00abel derecho de los ciudadanos a recibir una buena atenci\u00f3n al final de la vida\u00bb y destaca que m\u00e1s de la mitad de la poblaci\u00f3n espa\u00f1ola no tiene acceso a cuidados paliativos cuando lo necesita.<\/p>\n<p> Barcelona, 30 de mayo de 2024.- El onc\u00f3logo mallorqu\u00edn Enric Benito, referente mundial en cuidados paliativos, ha asegurado hoy en Barcelona que cuando una persona \u00abpierde el miedo a morir aprende a vivir mejor y es m\u00e1s feliz\u00bb. Invitado por la C\u00e1tedra WeCare de UIC Barcelona, Benito, que presentar\u00e1 esta tarde en el Aula Magna de la Universidad su \u00faltimo libro &#8216;El ni\u00f1o que se enfad\u00f3 con la muerte&#8217; (Harper Collins), ha explicado que es importante aceptar que \u00abhay un momento en el que naces y otro en el que mueres, que es un nacimiento en otra dimensi\u00f3n, y resistirse a la muerte genera mucho sufrimiento\u00bb.<\/p>\n<p> Con m\u00e1s de 40 a\u00f1os de carrera como onc\u00f3logo y en el campo de los cuidados paliativos, Benito ha insistido en que cuando una persona no tiene miedo a morir \u00abvive con plenitud, con intensidad y no tiene miedo a nada\u00bb. \u00abUna persona se va tranquila cuando ha vivido de forma \u00edntegra, feliz, pero no en el sentido hed\u00f3nico sino de coherencia con uno mismo, de querer, de aprender de la vida\u00bb.<\/p>\n<p> El onc\u00f3logo, autor de un centenar de art\u00edculos acad\u00e9micos sobre el acompa\u00f1amiento al final de la vida, ha recordado que la muerte \u00absigue siendo un tab\u00fa en la sociedad actual\u00bb y muchos familiares les piden a los m\u00e9dicos que no le digan al paciente que su enfermedad no tiene cura. En este sentido, ha asegurado que \u00abnadie muere sin saber que est\u00e1 muriendo porque uno tiene la intuici\u00f3n\u00bb, pero el hecho de que las personas del entorno no sepan hablar abiertamente del tema \u00abprovoca que por ignorancia un paciente pueda morir muy solo\u00bb. \u00abUna persona puede morir sana, es decir, \u00edntegra de s\u00ed misma, aunque la carrocer\u00eda se desmonte* se puede morir con dignidad y coherencia porque la profundidad que la sostiene es belleza\u00bb, ha a\u00f1adido.<\/p>\n<p> Benito ha se\u00f1alado que se deber\u00eda ofrecer el \u00abmismo cuidado a alguien que va a morir que a un beb\u00e9 reci\u00e9n nacido\u00bb, en lugar de someterlo a \u00abm\u00e1quinas y f\u00e1rmacos que s\u00f3lo provocan m\u00e1s sufrimiento\u00bb. No obstante, ha lamentado que los m\u00e9dicos \u00abno siempre est\u00e9n formados para acompa\u00f1ar a morir\u00bb.<\/p>\n<p> El especialista ha mencionado que en Espa\u00f1a m\u00e1s de la mitad de la poblaci\u00f3n no tiene acceso a cuidados paliativos cuando los necesita porque \u00abno hay equidad\u00bb y a menudo es \u00abuna cuesti\u00f3n de distrito postal\u00bb. En esta l\u00ednea, ha reclamado una Ley de Cuidados Paliativos que garantice a las personas \u00absu derecho a ser bien atendidas al final de la vida\u00bb.<\/p>\n<p>\nPresentaci\u00f3n del libro en UIC Barcelona.<\/p>\n<p> El onc\u00f3logo, que tambi\u00e9n es profesor en universidades de Espa\u00f1a, Portugal y Latinoam\u00e9rica e imparte conferencias en todo el mundo, presentar\u00e1 esta tarde en el Aula Magna de UIC Barcelona el libro &#8216;El ni\u00f1o que se enfad\u00f3 con la muerte&#8217;, invitado por la C\u00e1teda We Care de la universidad.<\/p>\n<p> La obra parte de su propia experiencia cuando, a los 10 a\u00f1os, su abuelo muri\u00f3 de c\u00e1ncer tras un largo sufrimiento y \u00e9l afront\u00f3 con rabia e indignaci\u00f3n esa p\u00e9rdida. Benito decidi\u00f3 entonces que ser\u00eda onc\u00f3logo, especialidad que ejerci\u00f3 hasta que con m\u00e1s de 40 a\u00f1os sufri\u00f3 una depresi\u00f3n. \u00abYo quer\u00eda ayudar a las personas, pero me hab\u00eda centrado en el \u00e1mbito acad\u00e9mico, y decid\u00ed dedicarme a los cuidados paliativos\u00bb, ha explicado.<\/p>\n<p> El libro recoge, adem\u00e1s de las historias de algunos de los pacientes a los que ha visto fallecer en unidades de paliativos, una propuesta de siete lecciones de vida para no tener miedo a la muerte y, en consecuencia, vivir una vida m\u00e1s plena.<\/p>\n<p>\nAcompa\u00f1ar y cuidar en el final de la vida.<\/p>\n<p> UIC Barcelona comparte con el Dr. Benito su reconocimiento a todos los profesionales y familias que se dedican a los cuidados paliativos. El cuidado integral de las personas forma parte del ADN de la Universidad y es la raz\u00f3n de ser de iniciativas como la C\u00e1tedra WeCare o la cl\u00ednica Cuides UIC Barcelona.<\/p>\n<p> Desde la C\u00e1tedra, dirigida por la Dra. Cristina Monforte y el Dr. Joaquim Juli\u00e0, y referente internacional en el \u00e1mbito de los cuidados paliativos, se desarrollan l\u00edneas de investigaci\u00f3n centradas en mejorar la calidad de vida y reducir el sufrimiento de aquellas personas con enfermedades avanzadas y sus familias.<\/p>\n<p> Asimismo, la Universidad cuenta con la cl\u00ednica Cuides UIC Barcelona, la primera cl\u00ednica universitaria en Espa\u00f1a dedicada a la asistencia integral de pacientes con enfermedades avanzadas. Con el cuidado y acompa\u00f1amiento integral, activo y personalizado de aquellas personas que se encuentran en la etapa final de la vida como prioridad, la cl\u00ednica tambi\u00e9n permite transferir a la sociedad todo el conocimiento proporcionado desde la C\u00e1tedra WeCare.<\/p>\n<p>\nMarta Gonz\u00e1lez Mart\u00ednez.<\/p>\n<p>\nResponsable de Comunicaci\u00f3n del Campus Sant Cugat.<\/p>\n<p>\nT. +34 935 042 000. Ext: 5153 \/ 675 78 34 18.<\/p>\n<p>\nJosep Trueta, s\/n 08195.<\/p>\n<p>\nSant Cugat del Vall\u00e8s.<\/p>\n<p>\nSobre UIC Barcelona <\/p>\n<p>\nLa Universitat Internacional de Catalunya (UIC Barcelona) naci\u00f3 en 1997 con el objetivo de ofrecer una formaci\u00f3n universitaria de calidad y promover la investigaci\u00f3n como servicio a la sociedad. Ligada al mundo empresarial y con un marcado car\u00e1cter internacional, imparte 16 grados, 8 dobles grados, una treintena de dobles titulaciones internacionales y una amplia oferta de programas de posgrado en sus dos campus, situados en Barcelona y Sant Cugat del Vall\u00e8s. Como parte de su compromiso con la sociedad, UIC Barcelona tambi\u00e9n cuenta con tres cl\u00ednicas universitarias ubicadas en el Campus Sant Cugat: la Cl\u00ednica Universitaria de Odontolog\u00eda, Support &#8211; Cl\u00ednica Universitaria de Psicolog\u00eda y Psiquiatr\u00eda, y Cuides UIC Barcelona, centrada en la atenci\u00f3n a pacientes con enfermedades avanzadas y cuidados paliativos.<\/p>\n","protected":false},"excerpt":{"rendered":"<p>(Informaci\u00f3n remitida por la empresa firmante) Invitado por la C\u00e1tedra WeCare de UIC Barcelona, el onc\u00f3logo presenta esta tarde en el Aula Magna de la Universidad su \u00faltimo libro, &#8216;El ni\u00f1o que se enfad\u00f3 con la muerte&#8217; (Ed. Harper Collins), donde recoge historias personales de pacientes a los que ha visto morir en unidades de [&hellip;]<\/p>\n","protected":false},"author":1,"featured_media":0,"comment_status":"closed","ping_status":"closed","sticky":false,"template":"","format":"standard","meta":{"footnotes":""},"categories":[2],"tags":[],"class_list":["post-53084","post","type-post","status-publish","format-standard","hentry","category-noticias"],"_links":{"self":[{"href":"https:\/\/webciudadana.net\/index.php?rest_route=\/wp\/v2\/posts\/53084","targetHints":{"allow":["GET"]}}],"collection":[{"href":"https:\/\/webciudadana.net\/index.php?rest_route=\/wp\/v2\/posts"}],"about":[{"href":"https:\/\/webciudadana.net\/index.php?rest_route=\/wp\/v2\/types\/post"}],"author":[{"embeddable":true,"href":"https:\/\/webciudadana.net\/index.php?rest_route=\/wp\/v2\/users\/1"}],"replies":[{"embeddable":true,"href":"https:\/\/webciudadana.net\/index.php?rest_route=%2Fwp%2Fv2%2Fcomments&post=53084"}],"version-history":[{"count":0,"href":"https:\/\/webciudadana.net\/index.php?rest_route=\/wp\/v2\/posts\/53084\/revisions"}],"wp:attachment":[{"href":"https:\/\/webciudadana.net\/index.php?rest_route=%2Fwp%2Fv2%2Fmedia&parent=53084"}],"wp:term":[{"taxonomy":"category","embeddable":true,"href":"https:\/\/webciudadana.net\/index.php?rest_route=%2Fwp%2Fv2%2Fcategories&post=53084"},{"taxonomy":"post_tag","embeddable":true,"href":"https:\/\/webciudadana.net\/index.php?rest_route=%2Fwp%2Fv2%2Ftags&post=53084"}],"curies":[{"name":"wp","href":"https:\/\/api.w.org\/{rel}","templated":true}]}}