{"id":53101,"date":"2024-05-31T09:36:30","date_gmt":"2024-05-31T07:36:30","guid":{"rendered":"https:\/\/ticker-noticiasep.microcontenidos.com\/NoticiaRSS.vbhtml?user=FRND562DLP&amp;cod=20240531093630"},"modified":"2024-05-31T09:36:30","modified_gmt":"2024-05-31T07:36:30","slug":"sociedad-vallsur-acoge-el-concierto-solidario-gratuito-a-favor-de-la-asociacion-espanola-de-retinoblastoma","status":"publish","type":"post","link":"https:\/\/webciudadana.net\/?p=53101","title":{"rendered":"Sociedad: Vallsur acoge el concierto solidario gratuito a favor de la Asociaci\u00f3n Espa\u00f1ola de Retinoblastoma"},"content":{"rendered":"\n<div><img decoding=\"async\" src=\"https:\/\/img.europapress.es\/fotoweb\/fotonoticia_20240531093630_300.jpg\" class=\"ff-og-image-inserted\"><\/div>\n<p>(Informaci\u00f3n remitida por la empresa firmante)<\/p>\n<p> Valladolid, 31 de mayo de 2024.- La Plaza de Simancas del centro comercial Vallsur ser\u00e1 ma\u00f1ana el escenario de un concierto muy especial a favor de la Asociaci\u00f3n Espa\u00f1ola de Retinoblastoma (AER). As\u00ed, el s\u00e1bado 1 de junio a partir de las 18:00 horas, el grupo local &#8216;Cuatro latas&#8217; actuar\u00e1 en directo para todos los vallisoletanos que quieran disfrutar de su m\u00fasica de los a\u00f1os 80 y 90, y al mismo tiempo colaborar con esta causa solidaria.<\/p>\n<p> De esta forma, Vallsur se suma en colaboraci\u00f3n con el Ayuntamiento de Valladolid a esta iniciativa cuyo objetivo es dar visibilidad y apoyar a las familias de los ni\u00f1os y ni\u00f1as que sufren esta enfermedad y recaudar fondos para su investigaci\u00f3n.<\/p>\n<p> El retinoblastoma es el tumor maligno primario m\u00e1s frecuente en la infancia, y supone un 10-15% de los tumores diagnosticados en el primer a\u00f1o de vida, siendo el tercer c\u00e1ncer infantil m\u00e1s frecuente. Ocurre en aproximadamente 1 de cada 15.000-18.000 nacimientos, con lo que en Espa\u00f1a se suelen diagnosticar 20-30 casos nuevos al a\u00f1o.<\/p>\n<p> As\u00ed, Vallsur invita a todos los vallisoletanos a que acudan el s\u00e1bado 1 de junio a este concierto solidario gratuito para apoyar y sumarse a esta causa solidaria mientras disfrutan de una actividad l\u00fadica.<\/p>\n<p> Sobre Vallsur &#8211; www.vallsur.com <\/p>\n<p> Desde su apertura, el centro comercial Vallsur, gestionado por CBRE REAL ESTATE, se ha convertido en un referente en la ciudad de Valladolid. Con una superficie de 35.160 m2, m\u00e1s de 90 tiendas y 2.000 plazas de aparcamiento, el centro pone a disposici\u00f3n de sus clientes una gran oferta de servicios cuyo objetivo es satisfacer todas sus necesidades. Adem\u00e1s, Vallsur tiene una clara pol\u00edtica de compromiso en el medio ambiente, tal y como demuestra su sistema de gesti\u00f3n ambiental de acuerdo a la normativa ISO 14001:2004. <\/p>\n<p> Para m\u00e1s informaci\u00f3n o gesti\u00f3n de entrevistas: <\/p>\n<p> AGENCIA DE COMUNICACI\u00d3N DE VALLSUR: <\/p>\n<p> europa press Comunicaci\u00f3n &#8211; 91 359 26 00 <\/p>\n<p> LETICIA G\u00d3MEZ &#8211; leticiagomez@europapress.es <\/p>\n<p> SILVIA MULLOR &#8211; silviamullor@europapress.es <\/p>\n","protected":false},"excerpt":{"rendered":"<p>(Informaci\u00f3n remitida por la empresa firmante) Valladolid, 31 de mayo de 2024.- La Plaza de Simancas del centro comercial Vallsur ser\u00e1 ma\u00f1ana el escenario de un concierto muy especial a favor de la Asociaci\u00f3n Espa\u00f1ola de Retinoblastoma (AER). As\u00ed, el s\u00e1bado 1 de junio a partir de las 18:00 horas, el grupo local &#8216;Cuatro latas&#8217; [&hellip;]<\/p>\n","protected":false},"author":1,"featured_media":0,"comment_status":"closed","ping_status":"closed","sticky":false,"template":"","format":"standard","meta":{"footnotes":""},"categories":[2],"tags":[],"class_list":["post-53101","post","type-post","status-publish","format-standard","hentry","category-noticias"],"_links":{"self":[{"href":"https:\/\/webciudadana.net\/index.php?rest_route=\/wp\/v2\/posts\/53101","targetHints":{"allow":["GET"]}}],"collection":[{"href":"https:\/\/webciudadana.net\/index.php?rest_route=\/wp\/v2\/posts"}],"about":[{"href":"https:\/\/webciudadana.net\/index.php?rest_route=\/wp\/v2\/types\/post"}],"author":[{"embeddable":true,"href":"https:\/\/webciudadana.net\/index.php?rest_route=\/wp\/v2\/users\/1"}],"replies":[{"embeddable":true,"href":"https:\/\/webciudadana.net\/index.php?rest_route=%2Fwp%2Fv2%2Fcomments&post=53101"}],"version-history":[{"count":0,"href":"https:\/\/webciudadana.net\/index.php?rest_route=\/wp\/v2\/posts\/53101\/revisions"}],"wp:attachment":[{"href":"https:\/\/webciudadana.net\/index.php?rest_route=%2Fwp%2Fv2%2Fmedia&parent=53101"}],"wp:term":[{"taxonomy":"category","embeddable":true,"href":"https:\/\/webciudadana.net\/index.php?rest_route=%2Fwp%2Fv2%2Fcategories&post=53101"},{"taxonomy":"post_tag","embeddable":true,"href":"https:\/\/webciudadana.net\/index.php?rest_route=%2Fwp%2Fv2%2Ftags&post=53101"}],"curies":[{"name":"wp","href":"https:\/\/api.w.org\/{rel}","templated":true}]}}