{"id":53108,"date":"2024-05-31T13:00:41","date_gmt":"2024-05-31T11:00:41","guid":{"rendered":"https:\/\/ticker-noticiasep.microcontenidos.com\/NoticiaRSS.vbhtml?user=FRND562DLP&amp;cod=20240531130041"},"modified":"2024-05-31T13:00:41","modified_gmt":"2024-05-31T11:00:41","slug":"salud-comunicado-asanec-ve-a-la-enfermera-como-parte-de-la-solucion-a-las-deficiencias-asistenciales-y-tiende-su-mano-a-salud","status":"publish","type":"post","link":"https:\/\/webciudadana.net\/?p=53108","title":{"rendered":"Salud: Comunicado.-Asanec ve a la enfermera como parte de la soluci\u00f3n a las deficiencias asistenciales y tiende su mano a Salud"},"content":{"rendered":"\n<div><img decoding=\"async\" src=\"https:\/\/img.europapress.es\/fotoweb\/fotonoticia_20240531130041_300.jpg\" class=\"ff-og-image-inserted\"><\/div>\n<p> PUNTA UMBR\u00cdA (HUELVA), 31 (EUROPA PRESS)<\/p>\n<p> \u00abLas enfermeras de familia y comunitaria somos parte de la soluci\u00f3n, nunca seremos un problema\u00bb. Con estas palabras la presidenta de la Asociaci\u00f3n Andaluza de Enfermer\u00eda Familiar y Comunitaria (Asanec), Mar\u00eda Dolores Ruiz, ha pedido este viernes al Servicio Andaluz de Salud (SAS), la incorporaci\u00f3n \u00abintegral y finalista\u00bb de las enfermeras de familia y comunitaria a los equipos de atenci\u00f3n primaria.<\/p>\n<p> Seg\u00fan ha explicado, \u00abla demora en la incorporaci\u00f3n hol\u00edstica de estas profesionales a procesos de atenci\u00f3n como las consultas de acogida, prescripci\u00f3n de medicamentos o la plena involucraci\u00f3n en los protocolos de atenci\u00f3n y cuidado\u00bb, est\u00e1 propiciando que se pierda \u00abun gran potencial de atenci\u00f3n sanitaria en donde, al final, quien sufren son nuestros pacientes, nuestras familias y, en general, nuestra comunidad\u00bb.<\/p>\n<p> En el marco de la inauguraci\u00f3n del XV Congreso Internacional de Enfermer\u00eda Familiar y Comunitaria, al que han acudido m\u00e1s de 750 profesionales de Espa\u00f1a y Portugal, y que ha sido inaugurado por el alcalde de Punta Umbr\u00eda, Jos\u00e9 Carlos Hern\u00e1ndez, la presidenta del colegio Oficial de Enfermer\u00eda de Huelva, Patricia Maur\u00ed, la diputada provincial de Agricultura, Ganader\u00eda, Pesca y Marca Huelva, Patricia Mill\u00e1n, la presidenta del comit\u00e9 organizador, Sonia Garc\u00eda, y la directora general de Humanizaci\u00f3n, Planificaci\u00f3n, Coordinaci\u00f3n y Cuidados del Servicio Andaluz de Salud (SAS), Inmaculada V\u00e1zquez, la presidenta de Asanec ha destacado que, \u00abtanto en pa\u00edses de nuestro entorno como en Inglaterra, Canad\u00e1 o Estados Unidos, la pr\u00e1ctica finalista de las enfermeras se aplica desde hace a\u00f1os con muy buenos resultados en salud\u00bb.<\/p>\n<p> \u00abAunque sabemos que la Consejer\u00eda de Salud y Consumo, representada aqu\u00ed en la directora general de Humanizaci\u00f3n, Planificaci\u00f3n, Coordinaci\u00f3n y Cuidados, est\u00e1 trabajando en este sentido, necesitamos mayor celeridad y continuidad en beneficio, no solo del Sistema Sanitario Andaluz sino de la Comunidad\u00bb, ha dicho Ruiz qui\u00e9n ha subrayado que \u00abes inaplazable que, desde las Administraciones p\u00fablicas, en beneficio del Sistema Sanitario, se potencie, de una vez por todas, la capacidad de resolver que tienen las enfermeras de familia y comunitaria\u00bb.<\/p>\n<p> \u00abPorque somos soluci\u00f3n, nunca problema\u00bb, ha querido reiterar la presidenta de Asanec tras esta reivindicaci\u00f3n, puntualizando que al colectivo le gustar\u00eda que, desde las instancias competentes, les hicieran part\u00edcipe de foros multidisciplinares para intentar colaborar en la soluci\u00f3n de los problemas de atenci\u00f3n primaria.<\/p>\n<p> Ante ello, la directora general de Humanizaci\u00f3n, Planificaci\u00f3n, Coordinaci\u00f3n y Cuidados del Servicio Andaluz de Salud (SAS); Inmaculada V\u00e1zquez, ha indicado que el pasado 2 de abril, en Consejo de Gobierno, la Junta de Andaluc\u00eda aprob\u00f3 la Estrategia de Promoci\u00f3n de una Vida Saludable en Andaluc\u00eda, con marco 2024-2030, en donde se prioriza el papel de la enfermer\u00eda familiar y comunitaria desde una perspectiva transversal e integral.<\/p>\n<p> Una estrategia que, seg\u00fan ha dicho, \u00abpretende promover los h\u00e1bitos saludables en toda la poblaci\u00f3n y edades, mediante intervenciones en el \u00e1mbito local, en todos los entornos de vida y en todas las pol\u00edticas y actuaciones sobre los determinantes que generan desigualdades en salud\u00bb. Asimismo, propone potenciar los activos personales y comunitarios que generan salud a lo largo de la vida, para que la ciudadan\u00eda pueda afrontar el d\u00eda a d\u00eda con mayores cotas de bienestar. \u00abAqu\u00ed, en esta estrategia, las enfermeras de familia y comunitaria son fundamentales\u00bb, ha subrayado V\u00e1zquez.<\/p>\n<p> La directora general de Humanizaci\u00f3n, Planificaci\u00f3n, Coordinaci\u00f3n y Cuidados del Servicio Andaluz de Salud ha recordado que, seg\u00fan la Organizaci\u00f3n Mundial de la Salud, las enfermedades cr\u00f3nicas no transmisibles matan a 41 millones de personas cada a\u00f1o, lo que equivale al 71 por ciento de las muertes que se producen en el mundo\u00bb.<\/p>\n<p> Esta situaci\u00f3n adquiere \u00abuna especial relevancia si se tiene en cuenta que muchos de los factores determinantes que las provocan son evitables, que las estrategias de promoci\u00f3n de la salud cuentan con evidencias para frenar y a largo plazo invertir estas condiciones, que el fomento de estilos de vida saludables conduce a beneficios para la salud a un coste mucho m\u00e1s bajo que el tratamiento m\u00e9dico de cualquiera de los factores de riesgo y enfermedades asociadas, y que las estrategias innovadoras de promoci\u00f3n de la salud, centradas en enfoques integrales y transversales, pueden contribuir a crear un mundo m\u00e1s sano, justo y sostenible\u00bb.<\/p>\n<p> Ante esta obviedad, el SAS va a poner en marcha una estrategia de Salud para la sociedad en donde los enfermeros de familia son fundamentales porque \u00abestamos convencidos de que las enfermeras de familia y comunitaria son el motor del cambio\u00bb, ha puntualizado la responsable del SAS.<\/p>\n<p> ATENCI\u00d3N INTEGRAL Y HOL\u00cdSTICA <\/p>\n<p> Tambi\u00e9n, para la presidenta de la Asociaci\u00f3n Andaluza de Enfermer\u00eda Familiar y Comunitaria, estas profesionales son \u00abel motor de cambio de un nuevo modelo de atenci\u00f3n integral y hol\u00edstico centrado en las personas, donde se promociona la salud en los diferentes entornos comunitarios, realizamos prevenci\u00f3n y cuidados a las personas en sus diferentes procesos vitales, desde que nacen hasta que mueren, y siempre bajo una mirada hol\u00edstica e integral\u00bb.<\/p>\n<p> \u00abLa caracter\u00edstica inherente a la atenci\u00f3n primaria es la atenci\u00f3n longitudinal y es aqu\u00ed, en todo el ciclo vital, donde las enfermeras de familia y comunitaria est\u00e1n m\u00e1s formadas\u00bb, ha explicado Ruiz. La presidenta de Asanec ha basado su argumento en m\u00faltiples estudios que demuestran una mejora de la salud comunitaria cuando han intervenido profesionales de la enfermer\u00eda familiar y comunitaria en lugar de otros colectivos, ya que \u00absi algo nos caracteriza es ofrecer cuidados proactivos y preventivos con resultados en salud\u00bb, ha dicho.<\/p>\n<p> Desde la Asociaci\u00f3n Andaluza de Enfermer\u00eda Familiar y Comunitaria han reconocido que en los \u00faltimos a\u00f1os el colectivo ha tenido un destacado desarrollo tras la aparici\u00f3n de figuras emergentes como las enfermeras referentes escolares, las enfermeras infanto-juveniles o pr\u00e1cticas m\u00e1s avanzadas como las enfermeras gestoras de casos, tanto en cronicidad como en residencias. Asimismo, ha indicado que se les ha ofrecido \u00abciertas competencias en prescripci\u00f3n, liderazgo en escuela de pacientes, entre otros\u00bb.<\/p>\n<p> Por este motivo y ante este incremento competencial, Ruiz ha detallado c\u00f3mo desde Asanec, como sociedad cient\u00edfica, tiene como objetivo desarrollar las competencias de las enfermeras de familia y comunitaria para ofrecer la mejor atenci\u00f3n a los ciudadanos. \u00abUn camino que desde Asanec, como sociedad cient\u00edfica, se seguir\u00e1 construyendo\u00bb pero que, \u00abante las nuevas necesidades de atenci\u00f3n poblacional queremos extender ya que, somos conscientes de que nuestro compromiso, conocimiento y capacidad de respuesta nos convierten en profesionales que damos respuesta a muchos de los retos actuales de la sanidad\u00bb, ha puntualizado Ruiz.<\/p>\n<p> \u00abAsanec quiere abrir el conocimiento, proximidad y experiencia cl\u00ednica de los profesionales que la componen a la poblaci\u00f3n en la b\u00fasqueda de soluciones\u00bb. Por ello, en los pr\u00f3ximos d\u00edas nos reuniremos con la secretaria general de Salud P\u00fablica en e I+D+i en Salud; vamos a solicitar una reuni\u00f3n a la directora general del Servicio Andaluz de Salud (SAS), Valle Garc\u00eda, as\u00ed como un encuentro con la consejera del ramo para presentar a esta nueva junta directiva de la Asociaci\u00f3n Andaluza de Enfermer\u00eda Familiar y Comunitaria.<\/p>\n<p> Una acci\u00f3n que tendr\u00e1 lugar \u00abporque siempre nos encontrar\u00e1 en el lado de la colaboraci\u00f3n, nunca en la confrontaci\u00f3n\u00bb, todo ello con el \u00fanico prop\u00f3sito que contribuir y mejorar en la salud de la poblaci\u00f3n andaluza, ha concluido la presidenta de la Asociaci\u00f3n Andaluza de Enfermer\u00eda Familiar y Comunitaria. <\/p>\n","protected":false},"excerpt":{"rendered":"<p>PUNTA UMBR\u00cdA (HUELVA), 31 (EUROPA PRESS) \u00abLas enfermeras de familia y comunitaria somos parte de la soluci\u00f3n, nunca seremos un problema\u00bb. Con estas palabras la presidenta de la Asociaci\u00f3n Andaluza de Enfermer\u00eda Familiar y Comunitaria (Asanec), Mar\u00eda Dolores Ruiz, ha pedido este viernes al Servicio Andaluz de Salud (SAS), la incorporaci\u00f3n \u00abintegral y finalista\u00bb de [&hellip;]<\/p>\n","protected":false},"author":1,"featured_media":0,"comment_status":"closed","ping_status":"closed","sticky":false,"template":"","format":"standard","meta":{"footnotes":""},"categories":[2],"tags":[],"class_list":["post-53108","post","type-post","status-publish","format-standard","hentry","category-noticias"],"_links":{"self":[{"href":"https:\/\/webciudadana.net\/index.php?rest_route=\/wp\/v2\/posts\/53108","targetHints":{"allow":["GET"]}}],"collection":[{"href":"https:\/\/webciudadana.net\/index.php?rest_route=\/wp\/v2\/posts"}],"about":[{"href":"https:\/\/webciudadana.net\/index.php?rest_route=\/wp\/v2\/types\/post"}],"author":[{"embeddable":true,"href":"https:\/\/webciudadana.net\/index.php?rest_route=\/wp\/v2\/users\/1"}],"replies":[{"embeddable":true,"href":"https:\/\/webciudadana.net\/index.php?rest_route=%2Fwp%2Fv2%2Fcomments&post=53108"}],"version-history":[{"count":0,"href":"https:\/\/webciudadana.net\/index.php?rest_route=\/wp\/v2\/posts\/53108\/revisions"}],"wp:attachment":[{"href":"https:\/\/webciudadana.net\/index.php?rest_route=%2Fwp%2Fv2%2Fmedia&parent=53108"}],"wp:term":[{"taxonomy":"category","embeddable":true,"href":"https:\/\/webciudadana.net\/index.php?rest_route=%2Fwp%2Fv2%2Fcategories&post=53108"},{"taxonomy":"post_tag","embeddable":true,"href":"https:\/\/webciudadana.net\/index.php?rest_route=%2Fwp%2Fv2%2Ftags&post=53108"}],"curies":[{"name":"wp","href":"https:\/\/api.w.org\/{rel}","templated":true}]}}