{"id":53109,"date":"2024-05-31T13:30:58","date_gmt":"2024-05-31T11:30:58","guid":{"rendered":"https:\/\/ticker-noticiasep.microcontenidos.com\/NoticiaRSS.vbhtml?user=FRND562DLP&amp;cod=20240531133058"},"modified":"2024-05-31T13:30:58","modified_gmt":"2024-05-31T11:30:58","slug":"sociedad-ministros-y-funcionarios-publicos-de-africa-viajan-a-espana-durante-la-26a-edicion-de-africa-energy-forum","status":"publish","type":"post","link":"https:\/\/webciudadana.net\/?p=53109","title":{"rendered":"Sociedad: Ministros y funcionarios p\u00fablicos de \u00c1frica viajan a Espa\u00f1a durante la 26\u00aa edici\u00f3n de \u00c1frica Energy Forum"},"content":{"rendered":"\n<div><img decoding=\"async\" src=\"https:\/\/img.europapress.es\/fotoweb\/fotonoticia_20240531133058_300.jpg\" class=\"ff-og-image-inserted\"><\/div>\n<p>(Informaci\u00f3n remitida por la empresa firmante)<\/p>\n<p>\nM\u00e1s de 33 ministros y 100 funcionarios p\u00fablicos de alto rango de toda \u00c1frica viajar\u00e1n a Espa\u00f1a durante la celebraci\u00f3n de la 26.\u00aa edici\u00f3n del Africa Energy Forum (aef), del 25 al 28 de junio, en la Fira de Montju\u00efc (Barcelona)<\/p>\n<p>\nLondres, 31 de mayo de 2024.- Espa\u00f1a, con su compromiso de inversi\u00f3n de 2300 millones de d\u00f3lares en financiaci\u00f3n para Sud\u00e1frica y el reciente anuncio de su apoyo para proyectos de hidr\u00f3geno verde en Mauritania, se une a Francia, Alemania, Italia, la UE y el Reino Unido, pasando a formar parte del grupo de naciones europeas que proclaman su compromiso con el desarrollo de la energ\u00eda limpia en el continente africano.<\/p>\n<p> Pero \u00bfel sector privado est\u00e1 preparado para las oportunidades de inversi\u00f3n que podr\u00edan duplicarse tras esos compromisos? La capacidad de generaci\u00f3n de energ\u00edas renovables en \u00c1frica pr\u00e1cticamente se ha duplicado en la \u00faltima d\u00e9cada, pero eso no es suficiente. Un estudio reciente de Climate Analytics refleja que \u00c1frica necesita 100 000 millones de d\u00f3lares al a\u00f1o de inversi\u00f3n en acciones clim\u00e1ticas, cinco veces los niveles de inversi\u00f3n actuales, para cumplir con los objetivos acordados en materia de energ\u00edas renovables en la COP28.<\/p>\n<p> Ante la llegada de inversores de casi 90 pa\u00edses de todo el mundo a Barcelona para el aef24, Simon Gosling, de EnergyNet, asegura: \u00abEl sector privado ya ha mostrado su voluntad de invertir miles de millones en proyectos, pero estos siguen sin avanzar lo suficientemente r\u00e1pido\u00bb.<\/p>\n<p> \u00abLas naciones industrializadas ser\u00e1n las m\u00e1s afectadas si \u00c1frica no es capaz de aumentar significativamente sus \u00edndices de electrificaci\u00f3n y de desbloquear el panorama inversor que est\u00e1 impidiendo la participaci\u00f3n de financiadores s\u00f3lidos del sector privado\u00bb.<\/p>\n<p> \u00abLa seguridad alimentaria, el acceso a los minerales, textiles y el crecimiento industrial a escala global son esenciales para el crecimiento econ\u00f3mico, la salud y la sostenibilidad en el futuro. La previsi\u00f3n es que \u00c1frica acoja a un cuarto de la poblaci\u00f3n mundial menor de 25 a\u00f1os en 2050, por lo que se debe reducir la burocracia excesiva y se deben poner en marcha proyectos al ritmo y la escala requeridos\u00bb.<\/p>\n<p> La tem\u00e1tica de este a\u00f1o, \u00abSistemas energ\u00e9ticos para el futuro: el equilibrio entre las necesidades de \u00c1frica y los objetivos globales\u00bb, pretende abordar estas barreras sin concesiones.<\/p>\n<p> Participantes del sector p\u00fablico y privado pasar\u00e1n juntos media jornada, a puerta cerrada, conversando sobre los desaf\u00edos a los que se enfrentan ambas partes. Se contar\u00e1 con la presencia de los ministros y vicepresidentes asistentes, adem\u00e1s de administradores de servicios p\u00fablicos (nacionales y municipales), organismos reguladores, instituciones financieras de desarrollo e inversores privados.<\/p>\n<p> La nueva mesa redonda sobre liderazgo corporativo tambi\u00e9n servir\u00e1 a los desarrolladores e inversores del sector privado de plataforma para debatir sobre las oportunidades y los desaf\u00edos a los que se enfrentan a la hora de sacar adelante los proyectos, con conversaciones vitales antes de reunirse con los ministros y los representantes de servicios p\u00fablicos para establecer una v\u00eda de desarrollo mejorada para el sector energ\u00e9tico africano.<\/p>\n<p> Este innovador formato permitir\u00e1 celebrar las sesiones de m\u00e1s alto nivel dentro del Africa Energy Forum, donde los dirigentes de las empresas podr\u00e1n pasar tiempo de calidad, exclusivo, con sus socios del sector p\u00fablico.<\/p>\n<p> Entre los temas importantes que se van a tratar en los cuatro d\u00edas del evento se encuentra el potencial del hidr\u00f3geno en el continente, la gesti\u00f3n de las redes de suministro el\u00e9ctrico, el almacenamiento y la distribuci\u00f3n de la energ\u00eda, el papel que desempe\u00f1ar\u00e1n en el futuro el gas y la miner\u00eda, el fomento de proyectos de energ\u00edas renovables, la potencia distribuida y los proyectos comerciales e industriales (C&amp;I) para acelerar el acceso universal, el desarrollo de los mercados energ\u00e9ticos y una transici\u00f3n energ\u00e9tica m\u00e1s amplia en \u00c1frica.<\/p>\n<p> Entre los casi 2500 delegados asistentes, contaremos con un n\u00famero sin precedentes de ministros de toda \u00c1frica, incluyendo a ministros de Nigeria, Egipto, Sierra Leona, Kenia, Senegal, Ghana, Uganda, Zimbabue, Malaui, Togo, Gab\u00f3n, Rep\u00fablica Centroafricana y Zambia.<\/p>\n<p> \u00abComo especialistas en energ\u00edas renovables con proyectos transformadores en Nigeria y Angola, por segundo a\u00f1o consecutivo, estamos orgullosos de ser patrocinadores del foro de este evento tan importante para \u00c1frica\u00bb, asegura Adam Cortese, director ejecutivo de Sun Africa.<\/p>\n<p> Wale Shonibare, director de Soluciones, pol\u00edticas y normativas en materia de financiaci\u00f3n de la energ\u00eda del Banco Africano de Desarrollo (AfDB, por sus siglas en ingl\u00e9s), a\u00f1ade: \u00abLa participaci\u00f3n del Banco Africano de Desarrollo en el Africa Energy Forum subraya nuestro compromiso con unas asociaciones, colaboraciones y di\u00e1logos sostenidos para transformar el panorama energ\u00e9tico en toda \u00c1frica\u00bb.<\/p>\n<p> \u00abEn Barcelona, el banco mostrar\u00e1 iniciativas que pretenden innovar en materia de financiaci\u00f3n, ofreciendo asistencia t\u00e9cnica y movilizando inversiones para lograr el acceso universal a una energ\u00eda moderna, asequible y fiable en \u00c1frica\u00bb.<\/p>\n<p> Los l\u00edderes energ\u00e9ticos internacionales, como el Banco Mundial, Engie, Power Africa y TotalEnergies, que acudan al aef en 2024 se encontrar\u00e1n con nuevos e importantes socios, como Pele Green Energy y Juwi Renewable Energy, ya que el foro contin\u00faa aumentando su alcance y su influencia a\u00f1o tras a\u00f1o.<\/p>\n<p> Sitio web: https:\/\/www.Africa-Energy-Forum.com\/<\/p>\n<p>\nDistribuido por APO Group en nombre de EnergyNet Ltd.<\/p>\n<p>\nDescargar aqu\u00ed: https:\/\/apo-opa.co\/3KmDKge<\/p>\n<p>\nAcerca de EnergyNet:<\/p>\n<p> \u00abFacilitamos la inversi\u00f3n energ\u00e9tica en econom\u00edas en r\u00e1pido crecimiento. EnergyNet lleva 25 a\u00f1os organizando foros de inversi\u00f3n y di\u00e1logos ejecutivos sobre los sectores energ\u00e9ticos de \u00c1frica y Latinoam\u00e9rica en Europa, Estados Unidos, Asia, \u00c1frica y Am\u00e9rica Latina\u00bb.<\/p>\n<p> https:\/\/EnergyNet.co.UK\/<\/p>\n<p>\nContacto<\/p>\n<p>\nNombre contacto: Poliana Sperandio<\/p>\n<p>\nDescripci\u00f3n contacto: Energynet<\/p>\n<p>\nTel\u00e9fono de contacto: 806 354-2835<\/p>\n","protected":false},"excerpt":{"rendered":"<p>(Informaci\u00f3n remitida por la empresa firmante) M\u00e1s de 33 ministros y 100 funcionarios p\u00fablicos de alto rango de toda \u00c1frica viajar\u00e1n a Espa\u00f1a durante la celebraci\u00f3n de la 26.\u00aa edici\u00f3n del Africa Energy Forum (aef), del 25 al 28 de junio, en la Fira de Montju\u00efc (Barcelona) Londres, 31 de mayo de 2024.- Espa\u00f1a, con [&hellip;]<\/p>\n","protected":false},"author":1,"featured_media":0,"comment_status":"closed","ping_status":"closed","sticky":false,"template":"","format":"standard","meta":{"footnotes":""},"categories":[2],"tags":[],"class_list":["post-53109","post","type-post","status-publish","format-standard","hentry","category-noticias"],"_links":{"self":[{"href":"https:\/\/webciudadana.net\/index.php?rest_route=\/wp\/v2\/posts\/53109","targetHints":{"allow":["GET"]}}],"collection":[{"href":"https:\/\/webciudadana.net\/index.php?rest_route=\/wp\/v2\/posts"}],"about":[{"href":"https:\/\/webciudadana.net\/index.php?rest_route=\/wp\/v2\/types\/post"}],"author":[{"embeddable":true,"href":"https:\/\/webciudadana.net\/index.php?rest_route=\/wp\/v2\/users\/1"}],"replies":[{"embeddable":true,"href":"https:\/\/webciudadana.net\/index.php?rest_route=%2Fwp%2Fv2%2Fcomments&post=53109"}],"version-history":[{"count":0,"href":"https:\/\/webciudadana.net\/index.php?rest_route=\/wp\/v2\/posts\/53109\/revisions"}],"wp:attachment":[{"href":"https:\/\/webciudadana.net\/index.php?rest_route=%2Fwp%2Fv2%2Fmedia&parent=53109"}],"wp:term":[{"taxonomy":"category","embeddable":true,"href":"https:\/\/webciudadana.net\/index.php?rest_route=%2Fwp%2Fv2%2Fcategories&post=53109"},{"taxonomy":"post_tag","embeddable":true,"href":"https:\/\/webciudadana.net\/index.php?rest_route=%2Fwp%2Fv2%2Ftags&post=53109"}],"curies":[{"name":"wp","href":"https:\/\/api.w.org\/{rel}","templated":true}]}}