{"id":53116,"date":"2024-05-31T16:18:29","date_gmt":"2024-05-31T14:18:29","guid":{"rendered":"https:\/\/ticker-noticiasep.microcontenidos.com\/NoticiaRSS.vbhtml?user=FRND562DLP&amp;cod=20240531161829"},"modified":"2024-05-31T16:18:29","modified_gmt":"2024-05-31T14:18:29","slug":"sociedad-el-rockmantico-fehr-rivas-lanza-su-segundo-disco-y-anuncia-gira-en-espana","status":"publish","type":"post","link":"https:\/\/webciudadana.net\/?p=53116","title":{"rendered":"Sociedad: El Rockm\u00e1ntico Fehr Rivas lanza su segundo disco y anuncia gira en Espa\u00f1a"},"content":{"rendered":"\n<div><img decoding=\"async\" src=\"https:\/\/img.europapress.es\/fotoweb\/fotonoticia_20240531161829_300.jpg\" class=\"ff-og-image-inserted\"><\/div>\n<p>(Informaci\u00f3n remitida por la empresa firmante)<\/p>\n<p>\nEl g\u00e9nero Rockm\u00e1ntico, creado por el cantante y compositor Fehr Rivas, ha ido ganando adeptos en diversos pa\u00edses, incluyendo Espa\u00f1a. Este se caracteriza por fusionar letras rom\u00e1nticas con las melod\u00edas vibrantes del rock. El m\u00fasico ha seguido esta filosof\u00eda para grabar sus canciones, alcanzando un \u00e9xito abrumador.<\/p>\n<p> Su segundo disco \u00abSer y Pertenecer\u00bb ha tenido gran acogida entre sus seguidores. De hecho, pr\u00f3ximamente estar\u00e1 realizando una gira promocional en Espa\u00f1a, donde tendr\u00e1n la oportunidad de seguir m\u00e1s de cerca su evoluci\u00f3n musical y disfrutar de sus canciones en vivo.<\/p>\n<p> Estos conciertos prometen estar llenos de emociones y letras profundas, caracter\u00edsticas que han hecho que el p\u00fablico se identifique con la m\u00fasica de este talentoso artista.<\/p>\n<p> Fehr Rivas de gira por Espa\u00f1a para promocionar su segundo disco.<\/p>\n<p> El sencillo \u00abT\u00fa vas primero\u00bb, escrito en colaboraci\u00f3n con Andr\u00e9s Su\u00e1rez, es una muestra de la esencia del nuevo disco de Fehr Rivas. La mezcla del rock con la sensibilidad del pop, sumado a las letras po\u00e9ticas y emotivas de cantautor, crean una atm\u00f3sfera \u00fanica que invita a reflexionar sobre el amor, la vida y las propias experiencias.<\/p>\n<p> La gira por Espa\u00f1a ser\u00e1 una oportunidad \u00fanica para que el p\u00fablico espa\u00f1ol pueda disfrutar en vivo de las canciones del disco, adem\u00e1s de sentir la energ\u00eda y pasi\u00f3n que caracterizan las presentaciones de este artista. Los conciertos tendr\u00e1n lugar durante el mes de septiembre en las principales ciudades del pa\u00eds, como son Madrid, Valencia y Barcelona. El artista destaca que este ser\u00e1 solo el inicio de una serie de conciertos que prometen ser inolvidables y dejar una huella en los corazones de quienes asistan.<\/p>\n<p> Un artista mexicano que trasciende fronteras.<\/p>\n<p> La m\u00fasica de Fehr Rivas es una invitaci\u00f3n a sentir, a reflexionar y a conectar con las emociones m\u00e1s profundas. Sus canciones hablan de amor, desamor, esperanza y lucha, temas universales que todos pueden sentir y comprender. Su voz potente y su presencia en el escenario transmiten una fuerza y una pasi\u00f3n que envuelven al p\u00fablico y lo hacen vibrar al ritmo de sus melod\u00edas. Su estilo fresco y aut\u00e9ntico lo ha llevado a conquistar escenarios y corazones en M\u00e9xico, su pa\u00eds natal, y en el extranjero, demostrando que la m\u00fasica es un lenguaje universal que trasciende fronteras y culturas.<\/p>\n<p> El \u00e9xito de este artista no ha sido obra de la casualidad, sino del trabajo arduo y la dedicaci\u00f3n que ha puesto en cada una de sus producciones. Su compromiso con la m\u00fasica y con su p\u00fablico se refleja en cada una de sus presentaciones, donde entrega lo mejor de s\u00ed mismo y consigue conectar de una manera especial con quienes lo escuchan.<\/p>\n<p> En conclusi\u00f3n, el lanzamiento del segundo disco de Fehr Rivas y su gira por Espa\u00f1a son un acontecimiento muy importante en la trayectoria de este artista. Los amantes de la m\u00fasica rock con letras que llegan al coraz\u00f3n pueden aprovechar la oportunidad para disfrutar de su m\u00fasica en vivo. Su gira por Espa\u00f1a promete ser un viaje emocional lleno de energ\u00eda, pasi\u00f3n y buena calidad. Se estar\u00e1 presentando el 19 de septiembre en Madrid en Sala Vesta, 20 de septiembre en Valencia en El Volander, 21 de septiembre en Barcelona en el Paraigua.<\/p>\n<p> En un universo musical donde la b\u00fasqueda de identidad y la exploraci\u00f3n de nuevos sonidos son la norma, Fehr Rivas, el visionario detr\u00e1s del apodo \u00abEl Rockm\u00e1ntico\u00bb, se prepara para deslumbrar al mundo con su segundo \u00e1lbum, \u00abSer y Pertenecer\u00bb. Este \u00e1lbum se presenta como un testimonio art\u00edstico de la b\u00fasqueda de significado y conexi\u00f3n en un mundo en constante distracci\u00f3n.<\/p>\n<p> \u00abSer y Pertenecer\u00bb es mucho m\u00e1s que un conjunto de canciones; es un relato musical que captura la esencia de la experiencia humana en su m\u00e1xima expresi\u00f3n. Fehr Rivas, conocido por su habilidad para capturar la sensibilidad en letras propositivas con melod\u00edas en\u00e9rgicas, se aventura a\u00fan m\u00e1s en este viaje, explorando la profundidad de los sentimientos existenciales, el amor, la p\u00e9rdida y la afirmaci\u00f3n personal a trav\u00e9s de 9 cautivadoras melod\u00edas.<\/p>\n<p> En este \u00e1lbum, Fehr Rivas no solo honra sus ra\u00edces Rockm\u00e1nticas, sino que tambi\u00e9n se aventura audazmente en territorios sonoros, a\u00f1adiendo toques de pop new wave que elevan la experiencia auditiva a nuevas alturas. \u00abSer y Pertenecer\u00bb es un testimonio de su evoluci\u00f3n como artista, mientras mantiene firmemente su identidad \u00fanica y su compromiso con la autenticidad.<\/p>\n<p> Reflexionando sobre la creaci\u00f3n de este \u00e1lbum, Fehr Rivas comparte: \u00abEl segundo disco para un artista es el de mayor reto porque tienes que tratar de mantener tu esencia y a la vez continuar la b\u00fasqueda de algo nuevo\u00bb. En \u00abSer y Pertenecer\u00bb, logra este equilibrio magistralmente, ofreciendo una obra que es tanto una celebraci\u00f3n de lo conocido como una exploraci\u00f3n de lo nuevo.<\/p>\n<p> El t\u00edtulo del \u00e1lbum, \u00abSer y Pertenecer\u00bb, encapsula la dualidad de la existencia humana: la b\u00fasqueda de identidad individual y la necesidad innata de conexi\u00f3n y pertenencia. Para Fehr Rivas, este \u00e1lbum es un recordatorio de la importancia de reconocer nuestra singularidad mientras valoramos nuestras conexiones con los dem\u00e1s y el mundo que nos rodea.<\/p>\n<p> \u00abSer y Pertenecer\u00bb promete ser una experiencia auditiva inolvidable, una invitaci\u00f3n a sumergirse en un oc\u00e9ano de emociones y reflexiones. Con cada nota, Fehr Rivas teje una historia que resuena en lo m\u00e1s profundo del alma, record\u00e1ndonos que, en \u00faltima instancia, todos estamos buscando nuestro lugar en el universo.<\/p>\n<p> \u00abT\u00fa Vas Primero\u00bb escrita por el reconocido cantautor Andr\u00e9s Su\u00e1rez y Fehr Rivas es el sencillo promocional de \u00abSer y Pertenecer\u00bb el cual es una introspectiva que invita a reflexionar sobre la b\u00fasqueda de validaci\u00f3n externa. Escrita para valorar los propios esfuerzos y logros, en lugar de buscar la aprobaci\u00f3n de los dem\u00e1s. En un mundo donde a menudo las personas se pierden en la mirada ajena, esta canci\u00f3n insta a poner el propio bienestar en primer lugar, recordando que lo que las personas valen no est\u00e1 determinado por el juicio externo, sino por c\u00f3mo se valoran a s\u00ed mismos.<\/p>\n<p> SER Y PERTENECER.<\/p>\n<p> LA CONQUISTA.<\/p>\n<p> FUGITIVO.<\/p>\n<p> TU AMULETO.<\/p>\n<p> INMORTAL &#8211; FEHR RIVAS Y ALEKS SYNTEK.<\/p>\n<p> LOS MALA VIDA.<\/p>\n<p> T\u00da VAS PRIMERO.<\/p>\n<p> DORMIDO EL CORAZ\u00d3N.<\/p>\n<p> LO QUE SE HACE POR AMOR.<\/p>\n<p> TE QUIERO.<\/p>\n<p> Contacto.<\/p>\n<p>\nEmisor: MG Entertainment.<\/p>\n<p>\nContacto: Gabinete Period\u00edstico.<\/p>\n<p>\nEmail de contacto: comunicados@prensaymedios.com. <\/p>\n","protected":false},"excerpt":{"rendered":"<p>(Informaci\u00f3n remitida por la empresa firmante) El g\u00e9nero Rockm\u00e1ntico, creado por el cantante y compositor Fehr Rivas, ha ido ganando adeptos en diversos pa\u00edses, incluyendo Espa\u00f1a. Este se caracteriza por fusionar letras rom\u00e1nticas con las melod\u00edas vibrantes del rock. El m\u00fasico ha seguido esta filosof\u00eda para grabar sus canciones, alcanzando un \u00e9xito abrumador. Su segundo [&hellip;]<\/p>\n","protected":false},"author":1,"featured_media":0,"comment_status":"closed","ping_status":"closed","sticky":false,"template":"","format":"standard","meta":{"footnotes":""},"categories":[2],"tags":[],"class_list":["post-53116","post","type-post","status-publish","format-standard","hentry","category-noticias"],"_links":{"self":[{"href":"https:\/\/webciudadana.net\/index.php?rest_route=\/wp\/v2\/posts\/53116","targetHints":{"allow":["GET"]}}],"collection":[{"href":"https:\/\/webciudadana.net\/index.php?rest_route=\/wp\/v2\/posts"}],"about":[{"href":"https:\/\/webciudadana.net\/index.php?rest_route=\/wp\/v2\/types\/post"}],"author":[{"embeddable":true,"href":"https:\/\/webciudadana.net\/index.php?rest_route=\/wp\/v2\/users\/1"}],"replies":[{"embeddable":true,"href":"https:\/\/webciudadana.net\/index.php?rest_route=%2Fwp%2Fv2%2Fcomments&post=53116"}],"version-history":[{"count":0,"href":"https:\/\/webciudadana.net\/index.php?rest_route=\/wp\/v2\/posts\/53116\/revisions"}],"wp:attachment":[{"href":"https:\/\/webciudadana.net\/index.php?rest_route=%2Fwp%2Fv2%2Fmedia&parent=53116"}],"wp:term":[{"taxonomy":"category","embeddable":true,"href":"https:\/\/webciudadana.net\/index.php?rest_route=%2Fwp%2Fv2%2Fcategories&post=53116"},{"taxonomy":"post_tag","embeddable":true,"href":"https:\/\/webciudadana.net\/index.php?rest_route=%2Fwp%2Fv2%2Ftags&post=53116"}],"curies":[{"name":"wp","href":"https:\/\/api.w.org\/{rel}","templated":true}]}}