{"id":53117,"date":"2024-05-31T16:36:11","date_gmt":"2024-05-31T14:36:11","guid":{"rendered":"https:\/\/ticker-noticiasep.microcontenidos.com\/NoticiaRSS.vbhtml?user=FRND562DLP&amp;cod=20240531163611"},"modified":"2024-05-31T16:36:11","modified_gmt":"2024-05-31T14:36:11","slug":"sociedad-expodeca-sera-el-punto-de-encuentro-de-la-industria-del-deporte-en-canarias","status":"publish","type":"post","link":"https:\/\/webciudadana.net\/?p=53117","title":{"rendered":"Sociedad: Expodeca ser\u00e1 el punto de encuentro de la industria del deporte en Canarias"},"content":{"rendered":"\n<div><img decoding=\"async\" src=\"https:\/\/img.europapress.es\/fotoweb\/fotonoticia_20240531163611_300.jpg\" class=\"ff-og-image-inserted\"><\/div>\n<p>(Informaci\u00f3n remitida por la empresa firmante)<\/p>\n<p>\nSe celebrar\u00e1 del 14 al 17 de noviembre en Infecar en Gran Canaria y reunir\u00e1 a toda la industria deportiva del archipi\u00e9lago.<\/p>\n<p> Expodeca nace con el prop\u00f3sito de resaltar la importancia del deporte y la actividad f\u00edsica en la salud y el bienestar de la ciudadan\u00eda. Se trata de un evento que surge de la necesidad de reunir en un mismo espacio a todos los agentes implicados en el mundo del deporte de las islas, tanto p\u00fablicos como privados. Ser\u00e1 una oportunidad \u00fanica para establecer relaciones, crear sinergias y dar a conocer sus productos y servicios, todo con el objeto de promocionar la actividad f\u00edsica como h\u00e1bito constante en la mejora de la salud y el bienestar f\u00edsico, psicol\u00f3gico y emocional.<\/p>\n<p> El I Congreso y Feria de la Actividad F\u00edsica y el Deporte de Canarias ser\u00e1 organizado por Infecar y est\u00e1 promovido por el Gobierno de Canarias. Se trata de un evento de acceso gratuito. Contar\u00e1 con una amplia zona de exposici\u00f3n y actividades donde instituciones, federaciones, clubes y asociaciones deportivas, colegios profesionales, empresas privadas y profesionales del sector de la actividad f\u00edsica y la salud ofrecer\u00e1n a los visitantes la posibilidad de vivir diferentes experiencias relacionadas con el deporte. Tambi\u00e9n podr\u00e1n disfrutar de la gran variedad de productos y servicios que ofrece el sector deportivo.<\/p>\n<p> La oferta de Expodeca se complementar\u00e1 con un programa paralelo que incluir\u00e1 conferencias, talleres, mesas redondas, exhibiciones y competiciones, entre otras iniciativas. Un evento que no solo destaca por su enfoque en la promoci\u00f3n de la actividad f\u00edsica, sino tambi\u00e9n por su papel en la creaci\u00f3n de una plataforma para el crecimiento y desarrollo de la industria del deporte en Canarias.<\/p>\n<p> Las empresas interesadas en participar como expositores para dar a conocer sus productos y servicios, posicionar y promocionar sus marcas, establecer sinergias y alianzas con otras empresas del sector y tener contacto directo con su p\u00fablico objetivo, ya pueden acceder al formulario de participaci\u00f3n en la web www.expodeca.es.<\/p>\n<p> Contacto.<\/p>\n<p>\nEmisor: ExpoDeca.<\/p>\n<p>\nContacto: Gabinete Period\u00edstico.<\/p>\n<p>\nEmail de contacto: comunicados@prensaymedios.com. <\/p>\n","protected":false},"excerpt":{"rendered":"<p>(Informaci\u00f3n remitida por la empresa firmante) Se celebrar\u00e1 del 14 al 17 de noviembre en Infecar en Gran Canaria y reunir\u00e1 a toda la industria deportiva del archipi\u00e9lago. Expodeca nace con el prop\u00f3sito de resaltar la importancia del deporte y la actividad f\u00edsica en la salud y el bienestar de la ciudadan\u00eda. Se trata de [&hellip;]<\/p>\n","protected":false},"author":1,"featured_media":0,"comment_status":"closed","ping_status":"closed","sticky":false,"template":"","format":"standard","meta":{"footnotes":""},"categories":[2],"tags":[],"class_list":["post-53117","post","type-post","status-publish","format-standard","hentry","category-noticias"],"_links":{"self":[{"href":"https:\/\/webciudadana.net\/index.php?rest_route=\/wp\/v2\/posts\/53117","targetHints":{"allow":["GET"]}}],"collection":[{"href":"https:\/\/webciudadana.net\/index.php?rest_route=\/wp\/v2\/posts"}],"about":[{"href":"https:\/\/webciudadana.net\/index.php?rest_route=\/wp\/v2\/types\/post"}],"author":[{"embeddable":true,"href":"https:\/\/webciudadana.net\/index.php?rest_route=\/wp\/v2\/users\/1"}],"replies":[{"embeddable":true,"href":"https:\/\/webciudadana.net\/index.php?rest_route=%2Fwp%2Fv2%2Fcomments&post=53117"}],"version-history":[{"count":0,"href":"https:\/\/webciudadana.net\/index.php?rest_route=\/wp\/v2\/posts\/53117\/revisions"}],"wp:attachment":[{"href":"https:\/\/webciudadana.net\/index.php?rest_route=%2Fwp%2Fv2%2Fmedia&parent=53117"}],"wp:term":[{"taxonomy":"category","embeddable":true,"href":"https:\/\/webciudadana.net\/index.php?rest_route=%2Fwp%2Fv2%2Fcategories&post=53117"},{"taxonomy":"post_tag","embeddable":true,"href":"https:\/\/webciudadana.net\/index.php?rest_route=%2Fwp%2Fv2%2Ftags&post=53117"}],"curies":[{"name":"wp","href":"https:\/\/api.w.org\/{rel}","templated":true}]}}