{"id":53121,"date":"2024-05-31T16:58:43","date_gmt":"2024-05-31T14:58:43","guid":{"rendered":"https:\/\/ticker-noticiasep.microcontenidos.com\/NoticiaRSS.vbhtml?user=FRND562DLP&amp;cod=20240531165843"},"modified":"2024-05-31T16:58:43","modified_gmt":"2024-05-31T14:58:43","slug":"salud-comunicado-el-xv-congreso-de-asanec-concluye-con-el-anuncio-de-la-incorporacion-en-andalucia-de-411-enfermeras-en-efyc","status":"publish","type":"post","link":"https:\/\/webciudadana.net\/?p=53121","title":{"rendered":"Salud: Comunicado.- El XV Congreso de Asanec concluye con el anuncio de la incorporaci\u00f3n en Andaluc\u00eda de 411 enfermeras en EFyC"},"content":{"rendered":"\n<div><img decoding=\"async\" src=\"https:\/\/img.europapress.es\/fotoweb\/fotonoticia_20240531165843_300.jpg\" class=\"ff-og-image-inserted\"><\/div>\n<p> PUNTA UMBR\u00cdA (HUELVA), 31 (EUROPA PRESS)<\/p>\n<p> La directora de Estrategia de Cuidados en Andaluc\u00eda del Servicio Andaluz de Salud (SAS), Luc\u00eda M\u00f3nica P\u00e9rez, se ha felicitado este viernes por la incorporaci\u00f3n, por primera vez en la sanidad p\u00fablica andaluza, de 411 enfermeras en la categor\u00eda de especialistas en Enfermer\u00eda Familiar y Comunitaria (EFyC). Hasta la fecha solo cuatro comunidades reconocen esta categor\u00eda profesional y las bolsas de trabajo espec\u00edfica para estas especialistas solo est\u00e1n creadas en 12 comunidades.<\/p>\n<p> P\u00e9rez ha realizado estas declaraciones en el acto de clausura del XV Congreso Internacional de Enfermer\u00eda Familiar y Comunitaria de Asanec, por el que han pasado m\u00e1s de 750 profesionales, tanto del \u00e1mbito nacional como internacional.<\/p>\n<p> La directora de Estrategia de Cuidados andaluza ha indicado que \u00ablas enfermeras son el motor del sistema sanitario\u00bb y ha explicado que \u00abestas profesionales cumplen una labor fundamental en la promoci\u00f3n de h\u00e1bitos saludables para la poblaci\u00f3n en todos los ciclos de la vida, siendo clave para la promoci\u00f3n de salud a edades tempranas.\u00bb.<\/p>\n<p> Tras el anuncio de P\u00e9rez, el acto de clausura ha concluido con la entrega del primer premio al mejor trabajo fin de residencia a Guillermo Vera y Miriam Velas por su trabajo sobre &#8216;Abordaje del dolor en pacientes con heridas vasculares durante las curas en Atenci\u00f3n Primaria&#8217;, financiado por el Comit\u00e9 Andaluz de Enfermer\u00eda (CAE).<\/p>\n<p> La presidenta del Colegio Oficial de Enfermer\u00eda de Huelva y representante del Consejo Andaluz de Enfermer\u00eda (CAE), Patricia Maur\u00ed, ha entregado este premio en reconocimiento a la \u00abpasi\u00f3n por el descubrimiento y a la gran vocaci\u00f3n por la enfermer\u00eda\u00bb mostradas\u00bb. Asimismo, se ha hecho entrega de la segunda beca Asanec de apoyo a la investigaci\u00f3n a &#8216;La Vivencia de las cuidadoras en contextos eutan\u00e1sicos: estudio cualitativo en Andaluc\u00eda&#8217;, de \u00c1ngela Mar\u00eda Ortega, Francisca Rubio y Mar\u00eda Coronada.<\/p>\n<p> Seg\u00fan ha explicado la presidenta de la Asociaci\u00f3n de Enfermer\u00eda Familiar y Comunitaria (Asanec), Mar\u00eda Dolores Ruiz, \u00abestos premios reconocen el inter\u00e9s cient\u00edfico, originalidad y aplicaci\u00f3n pr\u00e1ctica para la cl\u00ednica en Atenci\u00f3n Primaria, al tiempo que fomentan la realizaci\u00f3n de nuevos proyectos de investigaci\u00f3n que generen avances en la sanidad andaluza\u00bb.<\/p>\n<p> Posteriormente, se ha realizaado la entrega de la segunda beca Asanec, que ofrece su apoyo a la investigaci\u00f3n &#8216;La Vivencia de las cuidadoras en contextos eutan\u00e1sicos: estudio cualitativo en Andaluc\u00eda&#8217;, de \u00c1ngela Mar\u00eda Ortega, Francisca Rubio y Mar\u00eda Coronada. La ayuda consta, seg\u00fan han explicado, de un total de 2.500 euros destinados al inicio de la investigaci\u00f3n del proyecto y otros 2.500 euros que se entregar\u00e1n posteriormente.<\/p>\n<p> Por otro lado, el XV Congreso Internacional de Enfermer\u00eda Familiar y Comunitaria ha puesto en valor a las comunicaciones cient\u00edficas con la entrega de tres premios ordenados por puestos para esta categor\u00eda. Los galardones han reconocido a los tres mejores trabajos de entre los 514 presentados al jurado experto del Congreso.<\/p>\n<p> As\u00ed, el &#8216;Proyecto formador de formadores&#8217;, de la Escuela de Progreso de Badajoz, ha obtenido el tercer premio; el trabajo &#8216;Redistribuci\u00f3n de tareas de gesti\u00f3n compartida&#8217;, el segundo premio, y &#8216;Gamificaci\u00f3n como herramienta de comunicaci\u00f3n did\u00e1ctica en pediatr\u00eda&#8217; ha sido seleccionado para el primer puesto.<\/p>\n<p> Adem\u00e1s, Asanec ha incluido en esta edici\u00f3n tres reconocimientos a la fotograf\u00eda, que tambi\u00e9n han sido ordenados por puestos. En este caso, el proyecto del autor Miguel \u00c1ngel Lora, de Puerto Real, ha sido galardonado con el tercer premio; &#8216;Por una enfermera de familia y comunitaria con m\u00e1s sonrisa&#8217;, de la autora Mar\u00eda Dolores Torres, con el segundo, y \u00abVacunados\u00bb, de Pepe Tom\u00e1s Rojas, con el primer premio.<\/p>\n<p> Asanec es la Asociaci\u00f3n Andaluza de Enfermer\u00eda Familiar y Comunitaria formada por enfermeras y enfermeros de toda la geograf\u00eda andaluza que, sin \u00e1nimo de lucro, trabajan por y para el desarrollo de la profesi\u00f3n.<\/p>\n<p> Asanec, como sociedad cient\u00edfica, persigue la mejora de la calidad asistencial en el \u00e1mbito comunitario desde la defensa de la sanidad p\u00fablica, influyendo y dialogando con las Administraciones. Entre sus fines se encuentra brindar formaci\u00f3n e investigaci\u00f3n en la pr\u00e1ctica de la enfermer\u00eda para ofrecer cuidados de calidad a la comunidad, as\u00ed como colaborar con otras sociedades cient\u00edficas y asociaciones para el mejor desarrollo de la profesi\u00f3n. <\/p>\n","protected":false},"excerpt":{"rendered":"<p>PUNTA UMBR\u00cdA (HUELVA), 31 (EUROPA PRESS) La directora de Estrategia de Cuidados en Andaluc\u00eda del Servicio Andaluz de Salud (SAS), Luc\u00eda M\u00f3nica P\u00e9rez, se ha felicitado este viernes por la incorporaci\u00f3n, por primera vez en la sanidad p\u00fablica andaluza, de 411 enfermeras en la categor\u00eda de especialistas en Enfermer\u00eda Familiar y Comunitaria (EFyC). Hasta la [&hellip;]<\/p>\n","protected":false},"author":1,"featured_media":0,"comment_status":"closed","ping_status":"closed","sticky":false,"template":"","format":"standard","meta":{"footnotes":""},"categories":[2],"tags":[],"class_list":["post-53121","post","type-post","status-publish","format-standard","hentry","category-noticias"],"_links":{"self":[{"href":"https:\/\/webciudadana.net\/index.php?rest_route=\/wp\/v2\/posts\/53121","targetHints":{"allow":["GET"]}}],"collection":[{"href":"https:\/\/webciudadana.net\/index.php?rest_route=\/wp\/v2\/posts"}],"about":[{"href":"https:\/\/webciudadana.net\/index.php?rest_route=\/wp\/v2\/types\/post"}],"author":[{"embeddable":true,"href":"https:\/\/webciudadana.net\/index.php?rest_route=\/wp\/v2\/users\/1"}],"replies":[{"embeddable":true,"href":"https:\/\/webciudadana.net\/index.php?rest_route=%2Fwp%2Fv2%2Fcomments&post=53121"}],"version-history":[{"count":0,"href":"https:\/\/webciudadana.net\/index.php?rest_route=\/wp\/v2\/posts\/53121\/revisions"}],"wp:attachment":[{"href":"https:\/\/webciudadana.net\/index.php?rest_route=%2Fwp%2Fv2%2Fmedia&parent=53121"}],"wp:term":[{"taxonomy":"category","embeddable":true,"href":"https:\/\/webciudadana.net\/index.php?rest_route=%2Fwp%2Fv2%2Fcategories&post=53121"},{"taxonomy":"post_tag","embeddable":true,"href":"https:\/\/webciudadana.net\/index.php?rest_route=%2Fwp%2Fv2%2Ftags&post=53121"}],"curies":[{"name":"wp","href":"https:\/\/api.w.org\/{rel}","templated":true}]}}