{"id":53513,"date":"2024-06-18T09:01:47","date_gmt":"2024-06-18T07:01:47","guid":{"rendered":"https:\/\/ticker-noticiasep.microcontenidos.com\/NoticiaRSS.vbhtml?user=FRND562DLP&amp;cod=20240618090147"},"modified":"2024-06-18T09:01:47","modified_gmt":"2024-06-18T07:01:47","slug":"mundo-la-industria-y-la-sociedad-civil-se-pronuncian-en-apoyo-a-la-expansion-de-la-red-electrica","status":"publish","type":"post","link":"https:\/\/webciudadana.net\/?p=53513","title":{"rendered":"Mundo: La industria y la sociedad civil se pronuncian en apoyo a la expansi\u00f3n de la red el\u00e9ctrica"},"content":{"rendered":"\n<div><img decoding=\"async\" src=\"https:\/\/img.europapress.es\/fotoweb\/fotonoticia_20240618090147_300.jpg\" class=\"ff-og-image-inserted\"><\/div>\n<p>(Informaci\u00f3n remitida por la empresa firmante)<\/p>\n<p>\nUna amplia coalici\u00f3n de la industria el\u00e9ctrica y la sociedad civil ambiental y clim\u00e1tica, coordinados por la Renewables Grid Initiative, acuerdan que los pr\u00f3ximos responsables pol\u00edticos europeos deben priorizar las redes<\/p>\n<p>\nBERL\u00cdN, 18 de junio de 2024 \/PRNewswire\/ &#8212; La red el\u00e9ctrica europea y su transformaci\u00f3n y expansi\u00f3n son esenciales para la prosperidad y el crecimiento de la econom\u00eda europea. Representantes de la industria energ\u00e9tica europea, operadores de redes y actores de la sociedad civil han unido sus fuerzas para alzar una voz unificada en favor de un desarrollo acelerado de la red en apoyo de la transici\u00f3n energ\u00e9tica, la seguridad energ\u00e9tica y el crecimiento econ\u00f3mico de Europa.<\/p>\n<p> Los consejeros delegados y altos directivos de toda Europa se unen en su mensaje a los responsables pol\u00edticos: \u00ab#GridsEmpower Europe. Es hora de que empoderemos a las redes\u00bb. Las redes el\u00e9ctricas empoderan nuestras vidas, industrias, comunidades y seguridad energ\u00e9tica. Acelerar el desarrollo de la red en los Estados miembros de la UE es un esfuerzo colaborativo que involucra a los responsables pol\u00edticos, las autoridades nacionales y locales, la industria, las comunidades locales y la sociedad civil.<\/p>\n<p> En respuesta a los intereses de los Estados miembros, la Comisi\u00f3n Europea saliente reafirm\u00f3 la relevancia de acelerar el despliegue de la red y las necesidades relacionadas en el Plan de Acci\u00f3n para las Redes. Con la llegada de los nuevos l\u00edderes a Bruselas, Europa debe seguir colaborando en una red ampliada, al tiempo que maximiza la flexibilidad en el sistema y utiliza asociaciones intersectoriales para desarrollar est\u00e1ndares para una transici\u00f3n energ\u00e9tica justa, rentable y respetuosa con la naturaleza.<\/p>\n<p> \u00abEuropa cuenta con los conocimientos tecnol\u00f3gicos necesarios para ampliar sus redes. Nuestra industria est\u00e1 invirtiendo con valent\u00eda en reforzar esta experiencia, aumentar nuestra capacidad de fabricaci\u00f3n y crear m\u00e1s empleos verdes y duraderos. Los pa\u00edses europeos deben colaborar para apoyar la modernizaci\u00f3n y la expansi\u00f3n de las redes, utilizando nuestra experiencia local en fabricaci\u00f3n de cables para conectar Europa, impulsar nuestras industrias e impulsar nuestra innovaci\u00f3n.\u00bb<\/p>\n<p>\n\u2013 Dr. Volker Wendt, secretario general de Europacable, la asociaci\u00f3n de la industria europea de fabricaci\u00f3n de cables.<\/p>\n<p> \u00abUna red europea ampliada, conectada entre los Estados miembros, ofrece a las f\u00e1bricas y empresas la oportunidad de transitar hacia un sistema totalmente descarbonizado. Esto es esencial. Sin redes el\u00e9ctricas, corremos el riesgo de desindustrializar toda Europa\u00bb.<\/p>\n<p>\n\u2013 Antonella Battaglini, consejera delegada de la Renewables Grid Initiative, una coalici\u00f3n de la sociedad civil europea y operadores de sistemas de transmisi\u00f3n.<\/p>\n<p> \u00abUna red el\u00e9ctrica robusta es la piedra angular de la evoluci\u00f3n de las energ\u00edas renovables en Europa. Es esencial para mantener el suministro de energ\u00eda de Europa seguro, fiable y rentable. Las mejoras y la expansi\u00f3n de la red garantizar\u00e1n la seguridad de todos los Estados miembros de la UE y de la UE.\u00bb<\/p>\n<p>\n\u2013 Jochen Kreusel, presidente de T&amp;D Europe, la asociaci\u00f3n de proveedores de tecnolog\u00eda de red de Europa.<\/p>\n<p> Acerca de RGI<\/p>\n<p>\nLa Renewables Grid Initiative (RGI) es una colaboraci\u00f3n \u00fanica de ONG y operadores de sistemas de transmisi\u00f3n (TSO) de toda Europa que participan en un \u00abecosistema de actores de la transici\u00f3n energ\u00e9tica\u00bb. Promovemos un desarrollo de la red justo, transparente y sostenible para permitir el crecimiento de las energ\u00edas renovables y lograr la descarbonizaci\u00f3n total en l\u00ednea con el Acuerdo de Par\u00eds.<\/p>\n<p> Consultas para medios<\/p>\n<p>\nStephanie B\u00e4tjer, Directora \u2013 Comunicaci\u00f3n en RGI<\/p>\n<p>\nstephanie@renewables-grid.eu<\/p>\n<p>\n+49 30 2332 11017.<\/p>\n<p> Citas de los miembros de la coalici\u00f3n #GridsEmpower aqu\u00ed.<\/p>\n<p> Declaraciones breves en v\u00eddeo aqu\u00ed.<\/p>\n<p> Logo &#8211; https:\/\/mma.prnewswire.com\/media\/2437970\/RGI_Logo.jpg<\/p>\n<p> View original content:https:\/\/www.prnewswire.com\/news-releases\/la-industria-y-la-sociedad-civil-se-pronuncian-en-apoyo-a-la-expansion-de-la-red-electrica-302174433.html<\/p>\n","protected":false},"excerpt":{"rendered":"<p>(Informaci\u00f3n remitida por la empresa firmante) Una amplia coalici\u00f3n de la industria el\u00e9ctrica y la sociedad civil ambiental y clim\u00e1tica, coordinados por la Renewables Grid Initiative, acuerdan que los pr\u00f3ximos responsables pol\u00edticos europeos deben priorizar las redes BERL\u00cdN, 18 de junio de 2024 \/PRNewswire\/ &#8212; La red el\u00e9ctrica europea y su transformaci\u00f3n y expansi\u00f3n son [&hellip;]<\/p>\n","protected":false},"author":1,"featured_media":0,"comment_status":"closed","ping_status":"closed","sticky":false,"template":"","format":"standard","meta":{"footnotes":""},"categories":[2],"tags":[],"class_list":["post-53513","post","type-post","status-publish","format-standard","hentry","category-noticias"],"_links":{"self":[{"href":"https:\/\/webciudadana.net\/index.php?rest_route=\/wp\/v2\/posts\/53513","targetHints":{"allow":["GET"]}}],"collection":[{"href":"https:\/\/webciudadana.net\/index.php?rest_route=\/wp\/v2\/posts"}],"about":[{"href":"https:\/\/webciudadana.net\/index.php?rest_route=\/wp\/v2\/types\/post"}],"author":[{"embeddable":true,"href":"https:\/\/webciudadana.net\/index.php?rest_route=\/wp\/v2\/users\/1"}],"replies":[{"embeddable":true,"href":"https:\/\/webciudadana.net\/index.php?rest_route=%2Fwp%2Fv2%2Fcomments&post=53513"}],"version-history":[{"count":0,"href":"https:\/\/webciudadana.net\/index.php?rest_route=\/wp\/v2\/posts\/53513\/revisions"}],"wp:attachment":[{"href":"https:\/\/webciudadana.net\/index.php?rest_route=%2Fwp%2Fv2%2Fmedia&parent=53513"}],"wp:term":[{"taxonomy":"category","embeddable":true,"href":"https:\/\/webciudadana.net\/index.php?rest_route=%2Fwp%2Fv2%2Fcategories&post=53513"},{"taxonomy":"post_tag","embeddable":true,"href":"https:\/\/webciudadana.net\/index.php?rest_route=%2Fwp%2Fv2%2Ftags&post=53513"}],"curies":[{"name":"wp","href":"https:\/\/api.w.org\/{rel}","templated":true}]}}